{"id":129819,"date":"2025-11-07T06:00:11","date_gmt":"2025-11-07T05:00:11","guid":{"rendered":"https:\/\/thediplomatinspain.com\/?p=129819"},"modified":"2025-11-06T12:50:30","modified_gmt":"2025-11-06T11:50:30","slug":"la-fundacion-excelentia-inunda-el-auditorio-nacional-de-buena-musica","status":"publish","type":"post","link":"https:\/\/thediplomatinspain.com\/en\/2025\/11\/07\/la-fundacion-excelentia-inunda-el-auditorio-nacional-de-buena-musica\/","title":{"rendered":"The Fundaci\u00f3n Excelentia floods the Auditorio Nacional with good music"},"content":{"rendered":"<p>&nbsp;<\/p>\n<p>Intense activity to which we are accustomed the <strong>Fundaci\u00f3n Excelentia<\/strong> with its excellent concerts, most of them in the <strong>Auditorio Nacional de M\u00fasica<\/strong> of Madrid.<\/p>\n<p>&nbsp;<\/p>\n<p>And on this occasion, presents next Sunday, November 9 at 21 hours the concert <strong><em>Morricone y 100 years of cinema.<\/em><\/strong><\/p>\n<p>&nbsp;<\/p>\n<p>The <strong>Royal Film Concert Orchestra,<\/strong> with director Juan <strong>Pablo Valencia,<\/strong> will be in charge of interpreting musical pieces from cinema as famous as <strong><em>El bueno, el feo y el malo, Cinema Paradiso, La misi\u00f3n, Los intocables, Los siete magn\u00edficos, Por un pu\u00f1ado de d\u00f3lares, La conquista del What the Wind Took, Casablanca, The Godfather, Titanic, Chariots of Fire or Legends of Passion, <\/em><\/strong>among others. Tickets can be purchased at this <a href=\"https:\/\/excelentiamusica.com\/09112025-morricone-y-100-anos-de-cine\/?_gl=1*x3mhlg*_up*MQ..*_ga*MTAyMzI0ODU5Mi4xNzYyMTQzNDgz*_ga_28JEDMG3WL*czE3NjIxNDM0ODMkbzEkZzAkdDE3NjIxNDM0ODMkajYwJGwwJGgw&amp;utm_campaign=morricone-y-100-anos-de-cine-9-noviembre-auditorio-nacional&amp;utm_medium=email&amp;utm_source=acumbamail\"><strong>link<\/strong> <\/a>or by calling 9 4574061 \/ 91 4583089 or sending an email to <a href=\"mailto:reservas@fundacionexcelentia.org\">reservas@fundacionexcelentia.org<\/a>.<\/p>\n<p>&nbsp;<\/p>\n<p><img decoding=\"async\" class=\"alignnone size-full wp-image-129816\" src=\"https:\/\/thediplomatinspain.com\/wp-content\/uploads\/2025\/11\/Sinfonia-Nuevo-Mundo-ok.jpg\" alt=\"\" width=\"750\" height=\"428\" srcset=\"https:\/\/thediplomatinspain.com\/wp-content\/uploads\/2025\/11\/Sinfonia-Nuevo-Mundo-ok.jpg 750w, https:\/\/thediplomatinspain.com\/wp-content\/uploads\/2025\/11\/Sinfonia-Nuevo-Mundo-ok-300x171.jpg 300w\" sizes=\"(max-width: 750px) 100vw, 750px\" \/><\/p>\n<p>&nbsp;<\/p>\n<p>Also, next Tuesday, November 11 at the same time and also in the Symphony Hall of the <strong>Auditorio Nacional,<\/strong> the Fundaci\u00f3n presents in concert the <em>New World Symphony, <\/em>by <strong>Dvorak,<\/strong> and the <em>Piano Concerto no1,<\/em> by <strong>Chopin.<\/strong><\/p>\n<p>&nbsp;<\/p>\n<p>The concert will also feature the performance of <em>Moldava\u00b4s<\/em><strong> Smetana,<\/strong> with virtuoso pianist <strong>Charles Richard-Hamelin,<\/strong> the <strong>Santa Cecilia Classical Orchestra<\/strong> and conducted by <strong>Robert Farkas.<\/strong> Tickets can be purchased at this <a href=\"https:\/\/excelentiamusica.com\/11112025-chopin-piano-1-dvorak-sinfonia-nuevo-mundo\/?_gl=1*vr0q6t*_up*MQ..*_ga*MTE4NDQ3NDQ1Mi4xNzYxODkxODQ1*_ga_28JEDMG3WL*czE3NjE4OTE4NDUkbzEkZzAkdDE3NjE4OTE4NDUkajYwJGwwJGgw&amp;utm_campaign=la-sinfonia-del-nuevo-mundo-y-el-concierto-para-piano-1-de-chopin&amp;utm_medium=email&amp;utm_source=acumbamail\"><strong>link<\/strong> <\/a>or by calling 9 4574061 \/ 91 4583089 or sending an email to <a href=\"mailto:reservas@fundacionexcelentia.org\">reservas@fundacionexcelentia.org<\/a>.<\/p>\n<p>&nbsp;<\/p>\n<p>&nbsp;<\/p>\n","protected":false},"excerpt":{"rendered":"<p>Intense activity to which we are accustomed the Fundaci\u00f3n Excelentia with its concerts, mostly in the Auditorio Nacional of Madrid.<\/p>\n","protected":false},"author":204,"featured_media":129815,"comment_status":"closed","ping_status":"open","sticky":false,"template":"","format":"standard","meta":{"jnews-multi-image_gallery":[],"jnews_single_post":null,"jnews_primary_category":[],"jnews_social_meta":[],"jnews_override_counter":{"view_counter_number":"0","share_counter_number":"0","like_counter_number":"0","dislike_counter_number":"0"},"jnews_post_split":{"post_split":[{"template":"1","tag":"h2","numbering":"asc","mode":"normal","first":"0","enable_toc":"0","toc_type":"normal"}]},"footnotes":""},"categories":[179,176,208],"tags":[],"class_list":["post-129819","post","type-post","status-publish","format-standard","has-post-thumbnail","hentry","category-entertainment","category-leisure","category-musica-en"],"yoast_head":"<!-- This site is optimized with the Yoast SEO plugin v27.4 - https:\/\/yoast.com\/product\/yoast-seo-wordpress\/ -->\n<title>Fundaci\u00f3n Excelentia floods the Auditorio Nacional with good music<\/title>\n<meta name=\"description\" content=\"Intense activity to which we are accustomed the Fundaci\u00f3n Excelentia with its concerts, mostly in the Auditorio Nacional of Madrid.\" \/>\n<meta name=\"robots\" content=\"index, follow, max-snippet:-1, max-image-preview:large, max-video-preview:-1\" \/>\n<link rel=\"canonical\" href=\"https:\/\/thediplomatinspain.com\/en\/2025\/11\/07\/la-fundacion-excelentia-inunda-el-auditorio-nacional-de-buena-musica\/\" \/>\n<meta property=\"og:locale\" content=\"en_US\" \/>\n<meta property=\"og:type\" content=\"article\" \/>\n<meta property=\"og:title\" content=\"Fundaci\u00f3n Excelentia floods the Auditorio Nacional with good music\" \/>\n<meta property=\"og:description\" content=\"Intense activity to which we are accustomed the Fundaci\u00f3n Excelentia with its concerts, mostly in the Auditorio Nacional of Madrid.\" \/>\n<meta property=\"og:url\" content=\"https:\/\/thediplomatinspain.com\/en\/2025\/11\/07\/la-fundacion-excelentia-inunda-el-auditorio-nacional-de-buena-musica\/\" \/>\n<meta property=\"og:site_name\" content=\"thediplomatinspain.com\" \/>\n<meta property=\"article:publisher\" content=\"https:\/\/www.facebook.com\/thediplomatinspain\" \/>\n<meta property=\"article:published_time\" content=\"2025-11-07T05:00:11+00:00\" \/>\n<meta property=\"og:image\" content=\"https:\/\/thediplomatinspain.com\/wp-content\/uploads\/2025\/11\/Morricone-y-100-anos-de-cine-ok.jpg\" \/>\n\t<meta property=\"og:image:width\" content=\"750\" \/>\n\t<meta property=\"og:image:height\" content=\"428\" \/>\n\t<meta property=\"og:image:type\" content=\"image\/jpeg\" \/>\n<meta name=\"author\" content=\"Juan David Latorre\" \/>\n<meta name=\"twitter:card\" content=\"summary_large_image\" \/>\n<meta name=\"twitter:creator\" content=\"@diplomatinspain\" \/>\n<meta name=\"twitter:site\" content=\"@diplomatinspain\" \/>\n<meta name=\"twitter:label1\" content=\"Written by\" \/>\n\t<meta name=\"twitter:data1\" content=\"Juan David Latorre\" \/>\n\t<meta name=\"twitter:label2\" content=\"Est. reading time\" \/>\n\t<meta name=\"twitter:data2\" content=\"2 minutes\" \/>\n<script type=\"application\/ld+json\" class=\"yoast-schema-graph\">{\"@context\":\"https:\\\/\\\/schema.org\",\"@graph\":[{\"@type\":\"Article\",\"@id\":\"https:\\\/\\\/thediplomatinspain.com\\\/en\\\/2025\\\/11\\\/07\\\/la-fundacion-excelentia-inunda-el-auditorio-nacional-de-buena-musica\\\/#article\",\"isPartOf\":{\"@id\":\"https:\\\/\\\/thediplomatinspain.com\\\/en\\\/2025\\\/11\\\/07\\\/la-fundacion-excelentia-inunda-el-auditorio-nacional-de-buena-musica\\\/\"},\"author\":{\"name\":\"Juan David Latorre\",\"@id\":\"https:\\\/\\\/thediplomatinspain.com\\\/#\\\/schema\\\/person\\\/bc23729a451553cbb28c59ed696ced53\"},\"headline\":\"The Fundaci\u00f3n Excelentia floods the Auditorio Nacional with good music\",\"datePublished\":\"2025-11-07T05:00:11+00:00\",\"mainEntityOfPage\":{\"@id\":\"https:\\\/\\\/thediplomatinspain.com\\\/en\\\/2025\\\/11\\\/07\\\/la-fundacion-excelentia-inunda-el-auditorio-nacional-de-buena-musica\\\/\"},\"wordCount\":230,\"publisher\":{\"@id\":\"https:\\\/\\\/thediplomatinspain.com\\\/#organization\"},\"image\":{\"@id\":\"https:\\\/\\\/thediplomatinspain.com\\\/en\\\/2025\\\/11\\\/07\\\/la-fundacion-excelentia-inunda-el-auditorio-nacional-de-buena-musica\\\/#primaryimage\"},\"thumbnailUrl\":\"https:\\\/\\\/thediplomatinspain.com\\\/wp-content\\\/uploads\\\/2025\\\/11\\\/Morricone-y-100-anos-de-cine-ok.jpg\",\"articleSection\":[\"Entertainment\",\"Leisure\",\"M\u00fasica\"],\"inLanguage\":\"en-US\"},{\"@type\":\"WebPage\",\"@id\":\"https:\\\/\\\/thediplomatinspain.com\\\/en\\\/2025\\\/11\\\/07\\\/la-fundacion-excelentia-inunda-el-auditorio-nacional-de-buena-musica\\\/\",\"url\":\"https:\\\/\\\/thediplomatinspain.com\\\/en\\\/2025\\\/11\\\/07\\\/la-fundacion-excelentia-inunda-el-auditorio-nacional-de-buena-musica\\\/\",\"name\":\"Fundaci\u00f3n Excelentia floods the Auditorio Nacional with good music\",\"isPartOf\":{\"@id\":\"https:\\\/\\\/thediplomatinspain.com\\\/#website\"},\"primaryImageOfPage\":{\"@id\":\"https:\\\/\\\/thediplomatinspain.com\\\/en\\\/2025\\\/11\\\/07\\\/la-fundacion-excelentia-inunda-el-auditorio-nacional-de-buena-musica\\\/#primaryimage\"},\"image\":{\"@id\":\"https:\\\/\\\/thediplomatinspain.com\\\/en\\\/2025\\\/11\\\/07\\\/la-fundacion-excelentia-inunda-el-auditorio-nacional-de-buena-musica\\\/#primaryimage\"},\"thumbnailUrl\":\"https:\\\/\\\/thediplomatinspain.com\\\/wp-content\\\/uploads\\\/2025\\\/11\\\/Morricone-y-100-anos-de-cine-ok.jpg\",\"datePublished\":\"2025-11-07T05:00:11+00:00\",\"description\":\"Intense activity to which we are accustomed the Fundaci\u00f3n Excelentia with its concerts, mostly in the Auditorio Nacional of Madrid.\",\"breadcrumb\":{\"@id\":\"https:\\\/\\\/thediplomatinspain.com\\\/en\\\/2025\\\/11\\\/07\\\/la-fundacion-excelentia-inunda-el-auditorio-nacional-de-buena-musica\\\/#breadcrumb\"},\"inLanguage\":\"en-US\",\"potentialAction\":[{\"@type\":\"ReadAction\",\"target\":[\"https:\\\/\\\/thediplomatinspain.com\\\/en\\\/2025\\\/11\\\/07\\\/la-fundacion-excelentia-inunda-el-auditorio-nacional-de-buena-musica\\\/\"]}]},{\"@type\":\"ImageObject\",\"inLanguage\":\"en-US\",\"@id\":\"https:\\\/\\\/thediplomatinspain.com\\\/en\\\/2025\\\/11\\\/07\\\/la-fundacion-excelentia-inunda-el-auditorio-nacional-de-buena-musica\\\/#primaryimage\",\"url\":\"https:\\\/\\\/thediplomatinspain.com\\\/wp-content\\\/uploads\\\/2025\\\/11\\\/Morricone-y-100-anos-de-cine-ok.jpg\",\"contentUrl\":\"https:\\\/\\\/thediplomatinspain.com\\\/wp-content\\\/uploads\\\/2025\\\/11\\\/Morricone-y-100-anos-de-cine-ok.jpg\",\"width\":750,\"height\":428},{\"@type\":\"BreadcrumbList\",\"@id\":\"https:\\\/\\\/thediplomatinspain.com\\\/en\\\/2025\\\/11\\\/07\\\/la-fundacion-excelentia-inunda-el-auditorio-nacional-de-buena-musica\\\/#breadcrumb\",\"itemListElement\":[{\"@type\":\"ListItem\",\"position\":1,\"name\":\"Portada\",\"item\":\"https:\\\/\\\/thediplomatinspain.com\\\/en\\\/\"},{\"@type\":\"ListItem\",\"position\":2,\"name\":\"The Fundaci\u00f3n Excelentia floods the Auditorio Nacional with good music\"}]},{\"@type\":\"WebSite\",\"@id\":\"https:\\\/\\\/thediplomatinspain.com\\\/#website\",\"url\":\"https:\\\/\\\/thediplomatinspain.com\\\/\",\"name\":\"thediplomatinspain.com\",\"description\":\"Diario digital de referencia para diplom\u00e1ticos y empresas\",\"publisher\":{\"@id\":\"https:\\\/\\\/thediplomatinspain.com\\\/#organization\"},\"potentialAction\":[{\"@type\":\"SearchAction\",\"target\":{\"@type\":\"EntryPoint\",\"urlTemplate\":\"https:\\\/\\\/thediplomatinspain.com\\\/?s={search_term_string}\"},\"query-input\":{\"@type\":\"PropertyValueSpecification\",\"valueRequired\":true,\"valueName\":\"search_term_string\"}}],\"inLanguage\":\"en-US\"},{\"@type\":\"Organization\",\"@id\":\"https:\\\/\\\/thediplomatinspain.com\\\/#organization\",\"name\":\"thediplomatinspain.com\",\"url\":\"https:\\\/\\\/thediplomatinspain.com\\\/\",\"logo\":{\"@type\":\"ImageObject\",\"inLanguage\":\"en-US\",\"@id\":\"https:\\\/\\\/thediplomatinspain.com\\\/#\\\/schema\\\/logo\\\/image\\\/\",\"url\":\"https:\\\/\\\/thediplomatinspain.com\\\/wp-content\\\/uploads\\\/2024\\\/06\\\/logo_the_diplomat.png\",\"contentUrl\":\"https:\\\/\\\/thediplomatinspain.com\\\/wp-content\\\/uploads\\\/2024\\\/06\\\/logo_the_diplomat.png\",\"width\":284,\"height\":77,\"caption\":\"thediplomatinspain.com\"},\"image\":{\"@id\":\"https:\\\/\\\/thediplomatinspain.com\\\/#\\\/schema\\\/logo\\\/image\\\/\"},\"sameAs\":[\"https:\\\/\\\/www.facebook.com\\\/thediplomatinspain\",\"https:\\\/\\\/x.com\\\/diplomatinspain\",\"https:\\\/\\\/www.youtube.com\\\/channel\\\/UCK0mRqeeZDKdFeiFQZLcH2A\"]},{\"@type\":\"Person\",\"@id\":\"https:\\\/\\\/thediplomatinspain.com\\\/#\\\/schema\\\/person\\\/bc23729a451553cbb28c59ed696ced53\",\"name\":\"Juan David Latorre\",\"image\":{\"@type\":\"ImageObject\",\"inLanguage\":\"en-US\",\"@id\":\"https:\\\/\\\/secure.gravatar.com\\\/avatar\\\/2d39dcb59d17733b9ee745ca1ab1eeff6f72ef14623e21bb10f63bfb965c847a?s=96&d=mm&r=g\",\"url\":\"https:\\\/\\\/secure.gravatar.com\\\/avatar\\\/2d39dcb59d17733b9ee745ca1ab1eeff6f72ef14623e21bb10f63bfb965c847a?s=96&d=mm&r=g\",\"contentUrl\":\"https:\\\/\\\/secure.gravatar.com\\\/avatar\\\/2d39dcb59d17733b9ee745ca1ab1eeff6f72ef14623e21bb10f63bfb965c847a?s=96&d=mm&r=g\",\"caption\":\"Juan David Latorre\"},\"url\":\"https:\\\/\\\/thediplomatinspain.com\\\/en\\\/author\\\/jdlatorre\\\/\"},{\"@type\":[\"Organization\",\"NewsMediaOrganization\"],\"@id\":\"https:\\\/\\\/thediplomatinspain.com\\\/en\\\/#organization\"},{\"@type\":\"SiteNavigationElement\",\"@id\":\"https:\\\/\\\/thediplomatinspain.com\\\/en\\\/#site-navigation\",\"cssSelector\":[\".cib-main-menu\"]},{\"@type\":\"WPHeader\",\"@id\":\"https:\\\/\\\/thediplomatinspain.com\\\/en\\\/#header\",\"cssSelector\":[\".cib-header\"]},{\"@type\":\"WPFooter\",\"@id\":\"https:\\\/\\\/thediplomatinspain.com\\\/en\\\/#footer\",\"cssSelector\":[\".cib-footer\"]}]}<\/script>\n<!-- \/ Yoast SEO plugin. -->","yoast_head_json":{"title":"Fundaci\u00f3n Excelentia floods the Auditorio Nacional with good music","description":"Intense activity to which we are accustomed the Fundaci\u00f3n Excelentia with its concerts, mostly in the Auditorio Nacional of Madrid.","robots":{"index":"index","follow":"follow","max-snippet":"max-snippet:-1","max-image-preview":"max-image-preview:large","max-video-preview":"max-video-preview:-1"},"canonical":"https:\/\/thediplomatinspain.com\/en\/2025\/11\/07\/la-fundacion-excelentia-inunda-el-auditorio-nacional-de-buena-musica\/","og_locale":"en_US","og_type":"article","og_title":"Fundaci\u00f3n Excelentia floods the Auditorio Nacional with good music","og_description":"Intense activity to which we are accustomed the Fundaci\u00f3n Excelentia with its concerts, mostly in the Auditorio Nacional of Madrid.","og_url":"https:\/\/thediplomatinspain.com\/en\/2025\/11\/07\/la-fundacion-excelentia-inunda-el-auditorio-nacional-de-buena-musica\/","og_site_name":"thediplomatinspain.com","article_publisher":"https:\/\/www.facebook.com\/thediplomatinspain","article_published_time":"2025-11-07T05:00:11+00:00","og_image":[{"width":750,"height":428,"url":"https:\/\/thediplomatinspain.com\/wp-content\/uploads\/2025\/11\/Morricone-y-100-anos-de-cine-ok.jpg","type":"image\/jpeg"}],"author":"Juan David Latorre","twitter_card":"summary_large_image","twitter_creator":"@diplomatinspain","twitter_site":"@diplomatinspain","twitter_misc":{"Written by":"Juan David Latorre","Est. reading time":"2 minutes"},"schema":{"@context":"https:\/\/schema.org","@graph":[{"@type":"Article","@id":"https:\/\/thediplomatinspain.com\/en\/2025\/11\/07\/la-fundacion-excelentia-inunda-el-auditorio-nacional-de-buena-musica\/#article","isPartOf":{"@id":"https:\/\/thediplomatinspain.com\/en\/2025\/11\/07\/la-fundacion-excelentia-inunda-el-auditorio-nacional-de-buena-musica\/"},"author":{"name":"Juan David Latorre","@id":"https:\/\/thediplomatinspain.com\/#\/schema\/person\/bc23729a451553cbb28c59ed696ced53"},"headline":"The Fundaci\u00f3n Excelentia floods the Auditorio Nacional with good music","datePublished":"2025-11-07T05:00:11+00:00","mainEntityOfPage":{"@id":"https:\/\/thediplomatinspain.com\/en\/2025\/11\/07\/la-fundacion-excelentia-inunda-el-auditorio-nacional-de-buena-musica\/"},"wordCount":230,"publisher":{"@id":"https:\/\/thediplomatinspain.com\/#organization"},"image":{"@id":"https:\/\/thediplomatinspain.com\/en\/2025\/11\/07\/la-fundacion-excelentia-inunda-el-auditorio-nacional-de-buena-musica\/#primaryimage"},"thumbnailUrl":"https:\/\/thediplomatinspain.com\/wp-content\/uploads\/2025\/11\/Morricone-y-100-anos-de-cine-ok.jpg","articleSection":["Entertainment","Leisure","M\u00fasica"],"inLanguage":"en-US"},{"@type":"WebPage","@id":"https:\/\/thediplomatinspain.com\/en\/2025\/11\/07\/la-fundacion-excelentia-inunda-el-auditorio-nacional-de-buena-musica\/","url":"https:\/\/thediplomatinspain.com\/en\/2025\/11\/07\/la-fundacion-excelentia-inunda-el-auditorio-nacional-de-buena-musica\/","name":"Fundaci\u00f3n Excelentia floods the Auditorio Nacional with good music","isPartOf":{"@id":"https:\/\/thediplomatinspain.com\/#website"},"primaryImageOfPage":{"@id":"https:\/\/thediplomatinspain.com\/en\/2025\/11\/07\/la-fundacion-excelentia-inunda-el-auditorio-nacional-de-buena-musica\/#primaryimage"},"image":{"@id":"https:\/\/thediplomatinspain.com\/en\/2025\/11\/07\/la-fundacion-excelentia-inunda-el-auditorio-nacional-de-buena-musica\/#primaryimage"},"thumbnailUrl":"https:\/\/thediplomatinspain.com\/wp-content\/uploads\/2025\/11\/Morricone-y-100-anos-de-cine-ok.jpg","datePublished":"2025-11-07T05:00:11+00:00","description":"Intense activity to which we are accustomed the Fundaci\u00f3n Excelentia with its concerts, mostly in the Auditorio Nacional of Madrid.","breadcrumb":{"@id":"https:\/\/thediplomatinspain.com\/en\/2025\/11\/07\/la-fundacion-excelentia-inunda-el-auditorio-nacional-de-buena-musica\/#breadcrumb"},"inLanguage":"en-US","potentialAction":[{"@type":"ReadAction","target":["https:\/\/thediplomatinspain.com\/en\/2025\/11\/07\/la-fundacion-excelentia-inunda-el-auditorio-nacional-de-buena-musica\/"]}]},{"@type":"ImageObject","inLanguage":"en-US","@id":"https:\/\/thediplomatinspain.com\/en\/2025\/11\/07\/la-fundacion-excelentia-inunda-el-auditorio-nacional-de-buena-musica\/#primaryimage","url":"https:\/\/thediplomatinspain.com\/wp-content\/uploads\/2025\/11\/Morricone-y-100-anos-de-cine-ok.jpg","contentUrl":"https:\/\/thediplomatinspain.com\/wp-content\/uploads\/2025\/11\/Morricone-y-100-anos-de-cine-ok.jpg","width":750,"height":428},{"@type":"BreadcrumbList","@id":"https:\/\/thediplomatinspain.com\/en\/2025\/11\/07\/la-fundacion-excelentia-inunda-el-auditorio-nacional-de-buena-musica\/#breadcrumb","itemListElement":[{"@type":"ListItem","position":1,"name":"Portada","item":"https:\/\/thediplomatinspain.com\/en\/"},{"@type":"ListItem","position":2,"name":"The Fundaci\u00f3n Excelentia floods the Auditorio Nacional with good music"}]},{"@type":"WebSite","@id":"https:\/\/thediplomatinspain.com\/#website","url":"https:\/\/thediplomatinspain.com\/","name":"thediplomatinspain.com","description":"Diario digital de referencia para diplom\u00e1ticos y empresas","publisher":{"@id":"https:\/\/thediplomatinspain.com\/#organization"},"potentialAction":[{"@type":"SearchAction","target":{"@type":"EntryPoint","urlTemplate":"https:\/\/thediplomatinspain.com\/?s={search_term_string}"},"query-input":{"@type":"PropertyValueSpecification","valueRequired":true,"valueName":"search_term_string"}}],"inLanguage":"en-US"},{"@type":"Organization","@id":"https:\/\/thediplomatinspain.com\/#organization","name":"thediplomatinspain.com","url":"https:\/\/thediplomatinspain.com\/","logo":{"@type":"ImageObject","inLanguage":"en-US","@id":"https:\/\/thediplomatinspain.com\/#\/schema\/logo\/image\/","url":"https:\/\/thediplomatinspain.com\/wp-content\/uploads\/2024\/06\/logo_the_diplomat.png","contentUrl":"https:\/\/thediplomatinspain.com\/wp-content\/uploads\/2024\/06\/logo_the_diplomat.png","width":284,"height":77,"caption":"thediplomatinspain.com"},"image":{"@id":"https:\/\/thediplomatinspain.com\/#\/schema\/logo\/image\/"},"sameAs":["https:\/\/www.facebook.com\/thediplomatinspain","https:\/\/x.com\/diplomatinspain","https:\/\/www.youtube.com\/channel\/UCK0mRqeeZDKdFeiFQZLcH2A"]},{"@type":"Person","@id":"https:\/\/thediplomatinspain.com\/#\/schema\/person\/bc23729a451553cbb28c59ed696ced53","name":"Juan David Latorre","image":{"@type":"ImageObject","inLanguage":"en-US","@id":"https:\/\/secure.gravatar.com\/avatar\/2d39dcb59d17733b9ee745ca1ab1eeff6f72ef14623e21bb10f63bfb965c847a?s=96&d=mm&r=g","url":"https:\/\/secure.gravatar.com\/avatar\/2d39dcb59d17733b9ee745ca1ab1eeff6f72ef14623e21bb10f63bfb965c847a?s=96&d=mm&r=g","contentUrl":"https:\/\/secure.gravatar.com\/avatar\/2d39dcb59d17733b9ee745ca1ab1eeff6f72ef14623e21bb10f63bfb965c847a?s=96&d=mm&r=g","caption":"Juan David Latorre"},"url":"https:\/\/thediplomatinspain.com\/en\/author\/jdlatorre\/"},{"@type":["Organization","NewsMediaOrganization"],"@id":"https:\/\/thediplomatinspain.com\/en\/#organization"},{"@type":"SiteNavigationElement","@id":"https:\/\/thediplomatinspain.com\/en\/#site-navigation","cssSelector":[".cib-main-menu"]},{"@type":"WPHeader","@id":"https:\/\/thediplomatinspain.com\/en\/#header","cssSelector":[".cib-header"]},{"@type":"WPFooter","@id":"https:\/\/thediplomatinspain.com\/en\/#footer","cssSelector":[".cib-footer"]}]}},"amp_enabled":true,"_links":{"self":[{"href":"https:\/\/thediplomatinspain.com\/en\/wp-json\/wp\/v2\/posts\/129819","targetHints":{"allow":["GET"]}}],"collection":[{"href":"https:\/\/thediplomatinspain.com\/en\/wp-json\/wp\/v2\/posts"}],"about":[{"href":"https:\/\/thediplomatinspain.com\/en\/wp-json\/wp\/v2\/types\/post"}],"author":[{"embeddable":true,"href":"https:\/\/thediplomatinspain.com\/en\/wp-json\/wp\/v2\/users\/204"}],"replies":[{"embeddable":true,"href":"https:\/\/thediplomatinspain.com\/en\/wp-json\/wp\/v2\/comments?post=129819"}],"version-history":[{"count":0,"href":"https:\/\/thediplomatinspain.com\/en\/wp-json\/wp\/v2\/posts\/129819\/revisions"}],"wp:featuredmedia":[{"embeddable":true,"href":"https:\/\/thediplomatinspain.com\/en\/wp-json\/wp\/v2\/media\/129815"}],"wp:attachment":[{"href":"https:\/\/thediplomatinspain.com\/en\/wp-json\/wp\/v2\/media?parent=129819"}],"wp:term":[{"taxonomy":"category","embeddable":true,"href":"https:\/\/thediplomatinspain.com\/en\/wp-json\/wp\/v2\/categories?post=129819"},{"taxonomy":"post_tag","embeddable":true,"href":"https:\/\/thediplomatinspain.com\/en\/wp-json\/wp\/v2\/tags?post=129819"}],"curies":[{"name":"wp","href":"https:\/\/api.w.org\/{rel}","templated":true}]}}