{"id":129177,"date":"2025-10-30T06:00:57","date_gmt":"2025-10-30T05:00:57","guid":{"rendered":"https:\/\/thediplomatinspain.com\/?p=129177"},"modified":"2025-10-29T17:12:35","modified_gmt":"2025-10-29T16:12:35","slug":"beatles-monumental-tributo-a-los-fab-four-en-el-aniversario-de-su-visita-a-espana","status":"publish","type":"post","link":"https:\/\/thediplomatinspain.com\/en\/2025\/10\/30\/beatles-monumental-tributo-a-los-fab-four-en-el-aniversario-de-su-visita-a-espana\/","title":{"rendered":"&#8216;Beatles Monumental&#8217;, tribute to the Fab Four on the anniversary of the visit to Spain"},"content":{"rendered":"<p>&nbsp;<\/p>\n<p>On 26 November at 8.30 pm in <strong>La Sala del Moviestar Arena<\/strong> in Madrid, the<strong> Late Motive Band <\/strong>presents the <strong><em>Beatles Monumental<\/em><\/strong> tour, a great tribute concert to the Liverpool quartet on the occasion of the 60th anniversary of their concerts in Madrid and Barcelona in July 1965. Opening of doors: 19:30 hours. Tickets can be purchased at this <a href=\"https:\/\/www.movistararena.es\/informacion?evento=la-banda-de-late-motiv-beatles-monumental\"><strong>link.<\/strong><\/a><\/p>\n<p>&nbsp;<\/p>\n<p>La Banda de Late Motiv con <strong>Carles &#8220;Litus&#8221; Ru\u00edz, Pablo Novoa<\/strong> (Golpes Bajos, Los Enemigos, Los Ronaldos), <strong>Coke Santos<\/strong> (Mastretta, Josele Santiago), <strong>Mac Hern\u00e1ndez <\/strong>(Ariel Rot, Burning, Coque Malla) y <strong>\u00c9rika L\u00f3pez<\/strong> (Alondra Bentley), are responsible for bringing to life a vibrant repertoire of The Beatles greatest hits. In addition to faithfully reproducing the list of songs played in Spain, they will play songs from all times.<\/p>\n<p>&nbsp;<\/p>\n<p><strong>Rubio Produccions<\/strong> with the sponsorship of <strong>Ok Mobility<\/strong> and the direction of the journalist and musician <strong>Bernat Company,<\/strong> drive this 2025 an ambitious tour in 6 Spanish cities: Es Mercadal (Menorca), Madrid, Barcelona, Alicante, Malaga and Seville.<\/p>\n<p>&nbsp;<\/p>\n<p>David Summers, Rufus T. Firefly, Anni B Sweet, Nena Daconte, Pemi Fortuny (Lax &#8216;n&#8217; Busto), Lorenzo Santamar\u00eda, Beth, Jofre Bardag\u00ed, Luis Albert Segura (L.A.), Aurora Garc\u00eda, Alondra Bentley, Jaime Perpi\u00f1\u00e1 (La Musicalit\u00e9), Ricardo Mar\u00edn, Jaime G. Soriano (Sexy Sadie) are among the invited artists who participated in the concerts. Each room will have a different repertoire and collaborators, so each show will be unique.<\/p>\n<p>&nbsp;<\/p>\n<p>The Beatles only played two concerts in Spain. It was part of a mini European tour in 1965, on 2 and 3 July, at the bullrings of Las Ventas in Madrid and La Monumental in Barcelona. <strong>Brian Epstein,<\/strong> his representative, and the producer of bullfighting events and shows <strong>Francisco Berm\u00fadez<\/strong> came to a simple agreement by which John, Paul, George and Ringo would charge \u00a35,000 for the two concerts.<\/p>\n<p>&nbsp;<\/p>\n<p>&nbsp;<\/p>\n<p>&nbsp;<\/p>\n","protected":false},"excerpt":{"rendered":"<p>The next 26 November at 20.30 in La Sala del Moviestar Arena the Late Motiv Band presents the tour Beatles Monumental.<\/p>\n","protected":false},"author":204,"featured_media":129175,"comment_status":"closed","ping_status":"open","sticky":false,"template":"","format":"standard","meta":{"jnews-multi-image_gallery":[],"jnews_single_post":null,"jnews_primary_category":[],"jnews_social_meta":[],"jnews_override_counter":{"view_counter_number":"0","share_counter_number":"0","like_counter_number":"0","dislike_counter_number":"0"},"jnews_post_split":{"post_split":[{"template":"1","tag":"h2","numbering":"asc","mode":"normal","first":"0","enable_toc":"0","toc_type":"normal"}]},"footnotes":""},"categories":[179,209,176],"tags":[],"class_list":["post-129177","post","type-post","status-publish","format-standard","has-post-thumbnail","hentry","category-entertainment","category-espectaculos-en","category-leisure"],"yoast_head":"<!-- This site is optimized with the Yoast SEO plugin v27.4 - https:\/\/yoast.com\/product\/yoast-seo-wordpress\/ -->\n<title>&#039;Beatles Monumental&#039;, tribute on the anniversary of the visit<\/title>\n<meta name=\"description\" content=\"The next 26 November at 20.30 in La Sala del Moviestar Arena the Late Motiv Band presents the tour Beatles Monumental.\" \/>\n<meta name=\"robots\" content=\"index, follow, max-snippet:-1, max-image-preview:large, max-video-preview:-1\" \/>\n<link rel=\"canonical\" href=\"https:\/\/thediplomatinspain.com\/en\/2025\/10\/30\/beatles-monumental-tributo-a-los-fab-four-en-el-aniversario-de-su-visita-a-espana\/\" \/>\n<meta property=\"og:locale\" content=\"en_US\" \/>\n<meta property=\"og:type\" content=\"article\" \/>\n<meta property=\"og:title\" content=\"&#039;Beatles Monumental&#039;, tribute on the anniversary of the visit\" \/>\n<meta property=\"og:description\" content=\"The next 26 November at 20.30 in La Sala del Moviestar Arena the Late Motiv Band presents the tour Beatles Monumental.\" \/>\n<meta property=\"og:url\" content=\"https:\/\/thediplomatinspain.com\/en\/2025\/10\/30\/beatles-monumental-tributo-a-los-fab-four-en-el-aniversario-de-su-visita-a-espana\/\" \/>\n<meta property=\"og:site_name\" content=\"thediplomatinspain.com\" \/>\n<meta property=\"article:publisher\" content=\"https:\/\/www.facebook.com\/thediplomatinspain\" \/>\n<meta property=\"article:published_time\" content=\"2025-10-30T05:00:57+00:00\" \/>\n<meta property=\"og:image\" content=\"https:\/\/thediplomatinspain.com\/wp-content\/uploads\/2025\/10\/Beatles-Monumental.jpg\" \/>\n\t<meta property=\"og:image:width\" content=\"750\" \/>\n\t<meta property=\"og:image:height\" content=\"428\" \/>\n\t<meta property=\"og:image:type\" content=\"image\/jpeg\" \/>\n<meta name=\"author\" content=\"Juan David Latorre\" \/>\n<meta name=\"twitter:card\" content=\"summary_large_image\" \/>\n<meta name=\"twitter:creator\" content=\"@diplomatinspain\" \/>\n<meta name=\"twitter:site\" content=\"@diplomatinspain\" \/>\n<meta name=\"twitter:label1\" content=\"Written by\" \/>\n\t<meta name=\"twitter:data1\" content=\"Juan David Latorre\" \/>\n\t<meta name=\"twitter:label2\" content=\"Est. reading time\" \/>\n\t<meta name=\"twitter:data2\" content=\"2 minutes\" \/>\n<script type=\"application\/ld+json\" class=\"yoast-schema-graph\">{\"@context\":\"https:\\\/\\\/schema.org\",\"@graph\":[{\"@type\":\"Article\",\"@id\":\"https:\\\/\\\/thediplomatinspain.com\\\/en\\\/2025\\\/10\\\/30\\\/beatles-monumental-tributo-a-los-fab-four-en-el-aniversario-de-su-visita-a-espana\\\/#article\",\"isPartOf\":{\"@id\":\"https:\\\/\\\/thediplomatinspain.com\\\/en\\\/2025\\\/10\\\/30\\\/beatles-monumental-tributo-a-los-fab-four-en-el-aniversario-de-su-visita-a-espana\\\/\"},\"author\":{\"name\":\"Juan David Latorre\",\"@id\":\"https:\\\/\\\/thediplomatinspain.com\\\/#\\\/schema\\\/person\\\/bc23729a451553cbb28c59ed696ced53\"},\"headline\":\"&#8216;Beatles Monumental&#8217;, tribute to the Fab Four on the anniversary of the visit to Spain\",\"datePublished\":\"2025-10-30T05:00:57+00:00\",\"mainEntityOfPage\":{\"@id\":\"https:\\\/\\\/thediplomatinspain.com\\\/en\\\/2025\\\/10\\\/30\\\/beatles-monumental-tributo-a-los-fab-four-en-el-aniversario-de-su-visita-a-espana\\\/\"},\"wordCount\":318,\"publisher\":{\"@id\":\"https:\\\/\\\/thediplomatinspain.com\\\/#organization\"},\"image\":{\"@id\":\"https:\\\/\\\/thediplomatinspain.com\\\/en\\\/2025\\\/10\\\/30\\\/beatles-monumental-tributo-a-los-fab-four-en-el-aniversario-de-su-visita-a-espana\\\/#primaryimage\"},\"thumbnailUrl\":\"https:\\\/\\\/thediplomatinspain.com\\\/wp-content\\\/uploads\\\/2025\\\/10\\\/Beatles-Monumental.jpg\",\"articleSection\":[\"Entertainment\",\"Espect\u00e1culos\",\"Leisure\"],\"inLanguage\":\"en-US\"},{\"@type\":\"WebPage\",\"@id\":\"https:\\\/\\\/thediplomatinspain.com\\\/en\\\/2025\\\/10\\\/30\\\/beatles-monumental-tributo-a-los-fab-four-en-el-aniversario-de-su-visita-a-espana\\\/\",\"url\":\"https:\\\/\\\/thediplomatinspain.com\\\/en\\\/2025\\\/10\\\/30\\\/beatles-monumental-tributo-a-los-fab-four-en-el-aniversario-de-su-visita-a-espana\\\/\",\"name\":\"'Beatles Monumental', tribute on the anniversary of the visit\",\"isPartOf\":{\"@id\":\"https:\\\/\\\/thediplomatinspain.com\\\/#website\"},\"primaryImageOfPage\":{\"@id\":\"https:\\\/\\\/thediplomatinspain.com\\\/en\\\/2025\\\/10\\\/30\\\/beatles-monumental-tributo-a-los-fab-four-en-el-aniversario-de-su-visita-a-espana\\\/#primaryimage\"},\"image\":{\"@id\":\"https:\\\/\\\/thediplomatinspain.com\\\/en\\\/2025\\\/10\\\/30\\\/beatles-monumental-tributo-a-los-fab-four-en-el-aniversario-de-su-visita-a-espana\\\/#primaryimage\"},\"thumbnailUrl\":\"https:\\\/\\\/thediplomatinspain.com\\\/wp-content\\\/uploads\\\/2025\\\/10\\\/Beatles-Monumental.jpg\",\"datePublished\":\"2025-10-30T05:00:57+00:00\",\"description\":\"The next 26 November at 20.30 in La Sala del Moviestar Arena the Late Motiv Band presents the tour Beatles Monumental.\",\"breadcrumb\":{\"@id\":\"https:\\\/\\\/thediplomatinspain.com\\\/en\\\/2025\\\/10\\\/30\\\/beatles-monumental-tributo-a-los-fab-four-en-el-aniversario-de-su-visita-a-espana\\\/#breadcrumb\"},\"inLanguage\":\"en-US\",\"potentialAction\":[{\"@type\":\"ReadAction\",\"target\":[\"https:\\\/\\\/thediplomatinspain.com\\\/en\\\/2025\\\/10\\\/30\\\/beatles-monumental-tributo-a-los-fab-four-en-el-aniversario-de-su-visita-a-espana\\\/\"]}]},{\"@type\":\"ImageObject\",\"inLanguage\":\"en-US\",\"@id\":\"https:\\\/\\\/thediplomatinspain.com\\\/en\\\/2025\\\/10\\\/30\\\/beatles-monumental-tributo-a-los-fab-four-en-el-aniversario-de-su-visita-a-espana\\\/#primaryimage\",\"url\":\"https:\\\/\\\/thediplomatinspain.com\\\/wp-content\\\/uploads\\\/2025\\\/10\\\/Beatles-Monumental.jpg\",\"contentUrl\":\"https:\\\/\\\/thediplomatinspain.com\\\/wp-content\\\/uploads\\\/2025\\\/10\\\/Beatles-Monumental.jpg\",\"width\":750,\"height\":428},{\"@type\":\"BreadcrumbList\",\"@id\":\"https:\\\/\\\/thediplomatinspain.com\\\/en\\\/2025\\\/10\\\/30\\\/beatles-monumental-tributo-a-los-fab-four-en-el-aniversario-de-su-visita-a-espana\\\/#breadcrumb\",\"itemListElement\":[{\"@type\":\"ListItem\",\"position\":1,\"name\":\"Portada\",\"item\":\"https:\\\/\\\/thediplomatinspain.com\\\/en\\\/\"},{\"@type\":\"ListItem\",\"position\":2,\"name\":\"&#8216;Beatles Monumental&#8217;, tribute to the Fab Four on the anniversary of the visit to Spain\"}]},{\"@type\":\"WebSite\",\"@id\":\"https:\\\/\\\/thediplomatinspain.com\\\/#website\",\"url\":\"https:\\\/\\\/thediplomatinspain.com\\\/\",\"name\":\"thediplomatinspain.com\",\"description\":\"Diario digital de referencia para diplom\u00e1ticos y empresas\",\"publisher\":{\"@id\":\"https:\\\/\\\/thediplomatinspain.com\\\/#organization\"},\"potentialAction\":[{\"@type\":\"SearchAction\",\"target\":{\"@type\":\"EntryPoint\",\"urlTemplate\":\"https:\\\/\\\/thediplomatinspain.com\\\/?s={search_term_string}\"},\"query-input\":{\"@type\":\"PropertyValueSpecification\",\"valueRequired\":true,\"valueName\":\"search_term_string\"}}],\"inLanguage\":\"en-US\"},{\"@type\":\"Organization\",\"@id\":\"https:\\\/\\\/thediplomatinspain.com\\\/#organization\",\"name\":\"thediplomatinspain.com\",\"url\":\"https:\\\/\\\/thediplomatinspain.com\\\/\",\"logo\":{\"@type\":\"ImageObject\",\"inLanguage\":\"en-US\",\"@id\":\"https:\\\/\\\/thediplomatinspain.com\\\/#\\\/schema\\\/logo\\\/image\\\/\",\"url\":\"https:\\\/\\\/thediplomatinspain.com\\\/wp-content\\\/uploads\\\/2024\\\/06\\\/logo_the_diplomat.png\",\"contentUrl\":\"https:\\\/\\\/thediplomatinspain.com\\\/wp-content\\\/uploads\\\/2024\\\/06\\\/logo_the_diplomat.png\",\"width\":284,\"height\":77,\"caption\":\"thediplomatinspain.com\"},\"image\":{\"@id\":\"https:\\\/\\\/thediplomatinspain.com\\\/#\\\/schema\\\/logo\\\/image\\\/\"},\"sameAs\":[\"https:\\\/\\\/www.facebook.com\\\/thediplomatinspain\",\"https:\\\/\\\/x.com\\\/diplomatinspain\",\"https:\\\/\\\/www.youtube.com\\\/channel\\\/UCK0mRqeeZDKdFeiFQZLcH2A\"]},{\"@type\":\"Person\",\"@id\":\"https:\\\/\\\/thediplomatinspain.com\\\/#\\\/schema\\\/person\\\/bc23729a451553cbb28c59ed696ced53\",\"name\":\"Juan David Latorre\",\"image\":{\"@type\":\"ImageObject\",\"inLanguage\":\"en-US\",\"@id\":\"https:\\\/\\\/secure.gravatar.com\\\/avatar\\\/2d39dcb59d17733b9ee745ca1ab1eeff6f72ef14623e21bb10f63bfb965c847a?s=96&d=mm&r=g\",\"url\":\"https:\\\/\\\/secure.gravatar.com\\\/avatar\\\/2d39dcb59d17733b9ee745ca1ab1eeff6f72ef14623e21bb10f63bfb965c847a?s=96&d=mm&r=g\",\"contentUrl\":\"https:\\\/\\\/secure.gravatar.com\\\/avatar\\\/2d39dcb59d17733b9ee745ca1ab1eeff6f72ef14623e21bb10f63bfb965c847a?s=96&d=mm&r=g\",\"caption\":\"Juan David Latorre\"},\"url\":\"https:\\\/\\\/thediplomatinspain.com\\\/en\\\/author\\\/jdlatorre\\\/\"},{\"@type\":[\"Organization\",\"NewsMediaOrganization\"],\"@id\":\"https:\\\/\\\/thediplomatinspain.com\\\/en\\\/#organization\"},{\"@type\":\"SiteNavigationElement\",\"@id\":\"https:\\\/\\\/thediplomatinspain.com\\\/en\\\/#site-navigation\",\"cssSelector\":[\".cib-main-menu\"]},{\"@type\":\"WPHeader\",\"@id\":\"https:\\\/\\\/thediplomatinspain.com\\\/en\\\/#header\",\"cssSelector\":[\".cib-header\"]},{\"@type\":\"WPFooter\",\"@id\":\"https:\\\/\\\/thediplomatinspain.com\\\/en\\\/#footer\",\"cssSelector\":[\".cib-footer\"]}]}<\/script>\n<!-- \/ Yoast SEO plugin. -->","yoast_head_json":{"title":"'Beatles Monumental', tribute on the anniversary of the visit","description":"The next 26 November at 20.30 in La Sala del Moviestar Arena the Late Motiv Band presents the tour Beatles Monumental.","robots":{"index":"index","follow":"follow","max-snippet":"max-snippet:-1","max-image-preview":"max-image-preview:large","max-video-preview":"max-video-preview:-1"},"canonical":"https:\/\/thediplomatinspain.com\/en\/2025\/10\/30\/beatles-monumental-tributo-a-los-fab-four-en-el-aniversario-de-su-visita-a-espana\/","og_locale":"en_US","og_type":"article","og_title":"'Beatles Monumental', tribute on the anniversary of the visit","og_description":"The next 26 November at 20.30 in La Sala del Moviestar Arena the Late Motiv Band presents the tour Beatles Monumental.","og_url":"https:\/\/thediplomatinspain.com\/en\/2025\/10\/30\/beatles-monumental-tributo-a-los-fab-four-en-el-aniversario-de-su-visita-a-espana\/","og_site_name":"thediplomatinspain.com","article_publisher":"https:\/\/www.facebook.com\/thediplomatinspain","article_published_time":"2025-10-30T05:00:57+00:00","og_image":[{"width":750,"height":428,"url":"https:\/\/thediplomatinspain.com\/wp-content\/uploads\/2025\/10\/Beatles-Monumental.jpg","type":"image\/jpeg"}],"author":"Juan David Latorre","twitter_card":"summary_large_image","twitter_creator":"@diplomatinspain","twitter_site":"@diplomatinspain","twitter_misc":{"Written by":"Juan David Latorre","Est. reading time":"2 minutes"},"schema":{"@context":"https:\/\/schema.org","@graph":[{"@type":"Article","@id":"https:\/\/thediplomatinspain.com\/en\/2025\/10\/30\/beatles-monumental-tributo-a-los-fab-four-en-el-aniversario-de-su-visita-a-espana\/#article","isPartOf":{"@id":"https:\/\/thediplomatinspain.com\/en\/2025\/10\/30\/beatles-monumental-tributo-a-los-fab-four-en-el-aniversario-de-su-visita-a-espana\/"},"author":{"name":"Juan David Latorre","@id":"https:\/\/thediplomatinspain.com\/#\/schema\/person\/bc23729a451553cbb28c59ed696ced53"},"headline":"&#8216;Beatles Monumental&#8217;, tribute to the Fab Four on the anniversary of the visit to Spain","datePublished":"2025-10-30T05:00:57+00:00","mainEntityOfPage":{"@id":"https:\/\/thediplomatinspain.com\/en\/2025\/10\/30\/beatles-monumental-tributo-a-los-fab-four-en-el-aniversario-de-su-visita-a-espana\/"},"wordCount":318,"publisher":{"@id":"https:\/\/thediplomatinspain.com\/#organization"},"image":{"@id":"https:\/\/thediplomatinspain.com\/en\/2025\/10\/30\/beatles-monumental-tributo-a-los-fab-four-en-el-aniversario-de-su-visita-a-espana\/#primaryimage"},"thumbnailUrl":"https:\/\/thediplomatinspain.com\/wp-content\/uploads\/2025\/10\/Beatles-Monumental.jpg","articleSection":["Entertainment","Espect\u00e1culos","Leisure"],"inLanguage":"en-US"},{"@type":"WebPage","@id":"https:\/\/thediplomatinspain.com\/en\/2025\/10\/30\/beatles-monumental-tributo-a-los-fab-four-en-el-aniversario-de-su-visita-a-espana\/","url":"https:\/\/thediplomatinspain.com\/en\/2025\/10\/30\/beatles-monumental-tributo-a-los-fab-four-en-el-aniversario-de-su-visita-a-espana\/","name":"'Beatles Monumental', tribute on the anniversary of the visit","isPartOf":{"@id":"https:\/\/thediplomatinspain.com\/#website"},"primaryImageOfPage":{"@id":"https:\/\/thediplomatinspain.com\/en\/2025\/10\/30\/beatles-monumental-tributo-a-los-fab-four-en-el-aniversario-de-su-visita-a-espana\/#primaryimage"},"image":{"@id":"https:\/\/thediplomatinspain.com\/en\/2025\/10\/30\/beatles-monumental-tributo-a-los-fab-four-en-el-aniversario-de-su-visita-a-espana\/#primaryimage"},"thumbnailUrl":"https:\/\/thediplomatinspain.com\/wp-content\/uploads\/2025\/10\/Beatles-Monumental.jpg","datePublished":"2025-10-30T05:00:57+00:00","description":"The next 26 November at 20.30 in La Sala del Moviestar Arena the Late Motiv Band presents the tour Beatles Monumental.","breadcrumb":{"@id":"https:\/\/thediplomatinspain.com\/en\/2025\/10\/30\/beatles-monumental-tributo-a-los-fab-four-en-el-aniversario-de-su-visita-a-espana\/#breadcrumb"},"inLanguage":"en-US","potentialAction":[{"@type":"ReadAction","target":["https:\/\/thediplomatinspain.com\/en\/2025\/10\/30\/beatles-monumental-tributo-a-los-fab-four-en-el-aniversario-de-su-visita-a-espana\/"]}]},{"@type":"ImageObject","inLanguage":"en-US","@id":"https:\/\/thediplomatinspain.com\/en\/2025\/10\/30\/beatles-monumental-tributo-a-los-fab-four-en-el-aniversario-de-su-visita-a-espana\/#primaryimage","url":"https:\/\/thediplomatinspain.com\/wp-content\/uploads\/2025\/10\/Beatles-Monumental.jpg","contentUrl":"https:\/\/thediplomatinspain.com\/wp-content\/uploads\/2025\/10\/Beatles-Monumental.jpg","width":750,"height":428},{"@type":"BreadcrumbList","@id":"https:\/\/thediplomatinspain.com\/en\/2025\/10\/30\/beatles-monumental-tributo-a-los-fab-four-en-el-aniversario-de-su-visita-a-espana\/#breadcrumb","itemListElement":[{"@type":"ListItem","position":1,"name":"Portada","item":"https:\/\/thediplomatinspain.com\/en\/"},{"@type":"ListItem","position":2,"name":"&#8216;Beatles Monumental&#8217;, tribute to the Fab Four on the anniversary of the visit to Spain"}]},{"@type":"WebSite","@id":"https:\/\/thediplomatinspain.com\/#website","url":"https:\/\/thediplomatinspain.com\/","name":"thediplomatinspain.com","description":"Diario digital de referencia para diplom\u00e1ticos y empresas","publisher":{"@id":"https:\/\/thediplomatinspain.com\/#organization"},"potentialAction":[{"@type":"SearchAction","target":{"@type":"EntryPoint","urlTemplate":"https:\/\/thediplomatinspain.com\/?s={search_term_string}"},"query-input":{"@type":"PropertyValueSpecification","valueRequired":true,"valueName":"search_term_string"}}],"inLanguage":"en-US"},{"@type":"Organization","@id":"https:\/\/thediplomatinspain.com\/#organization","name":"thediplomatinspain.com","url":"https:\/\/thediplomatinspain.com\/","logo":{"@type":"ImageObject","inLanguage":"en-US","@id":"https:\/\/thediplomatinspain.com\/#\/schema\/logo\/image\/","url":"https:\/\/thediplomatinspain.com\/wp-content\/uploads\/2024\/06\/logo_the_diplomat.png","contentUrl":"https:\/\/thediplomatinspain.com\/wp-content\/uploads\/2024\/06\/logo_the_diplomat.png","width":284,"height":77,"caption":"thediplomatinspain.com"},"image":{"@id":"https:\/\/thediplomatinspain.com\/#\/schema\/logo\/image\/"},"sameAs":["https:\/\/www.facebook.com\/thediplomatinspain","https:\/\/x.com\/diplomatinspain","https:\/\/www.youtube.com\/channel\/UCK0mRqeeZDKdFeiFQZLcH2A"]},{"@type":"Person","@id":"https:\/\/thediplomatinspain.com\/#\/schema\/person\/bc23729a451553cbb28c59ed696ced53","name":"Juan David Latorre","image":{"@type":"ImageObject","inLanguage":"en-US","@id":"https:\/\/secure.gravatar.com\/avatar\/2d39dcb59d17733b9ee745ca1ab1eeff6f72ef14623e21bb10f63bfb965c847a?s=96&d=mm&r=g","url":"https:\/\/secure.gravatar.com\/avatar\/2d39dcb59d17733b9ee745ca1ab1eeff6f72ef14623e21bb10f63bfb965c847a?s=96&d=mm&r=g","contentUrl":"https:\/\/secure.gravatar.com\/avatar\/2d39dcb59d17733b9ee745ca1ab1eeff6f72ef14623e21bb10f63bfb965c847a?s=96&d=mm&r=g","caption":"Juan David Latorre"},"url":"https:\/\/thediplomatinspain.com\/en\/author\/jdlatorre\/"},{"@type":["Organization","NewsMediaOrganization"],"@id":"https:\/\/thediplomatinspain.com\/en\/#organization"},{"@type":"SiteNavigationElement","@id":"https:\/\/thediplomatinspain.com\/en\/#site-navigation","cssSelector":[".cib-main-menu"]},{"@type":"WPHeader","@id":"https:\/\/thediplomatinspain.com\/en\/#header","cssSelector":[".cib-header"]},{"@type":"WPFooter","@id":"https:\/\/thediplomatinspain.com\/en\/#footer","cssSelector":[".cib-footer"]}]}},"amp_enabled":true,"_links":{"self":[{"href":"https:\/\/thediplomatinspain.com\/en\/wp-json\/wp\/v2\/posts\/129177","targetHints":{"allow":["GET"]}}],"collection":[{"href":"https:\/\/thediplomatinspain.com\/en\/wp-json\/wp\/v2\/posts"}],"about":[{"href":"https:\/\/thediplomatinspain.com\/en\/wp-json\/wp\/v2\/types\/post"}],"author":[{"embeddable":true,"href":"https:\/\/thediplomatinspain.com\/en\/wp-json\/wp\/v2\/users\/204"}],"replies":[{"embeddable":true,"href":"https:\/\/thediplomatinspain.com\/en\/wp-json\/wp\/v2\/comments?post=129177"}],"version-history":[{"count":0,"href":"https:\/\/thediplomatinspain.com\/en\/wp-json\/wp\/v2\/posts\/129177\/revisions"}],"wp:featuredmedia":[{"embeddable":true,"href":"https:\/\/thediplomatinspain.com\/en\/wp-json\/wp\/v2\/media\/129175"}],"wp:attachment":[{"href":"https:\/\/thediplomatinspain.com\/en\/wp-json\/wp\/v2\/media?parent=129177"}],"wp:term":[{"taxonomy":"category","embeddable":true,"href":"https:\/\/thediplomatinspain.com\/en\/wp-json\/wp\/v2\/categories?post=129177"},{"taxonomy":"post_tag","embeddable":true,"href":"https:\/\/thediplomatinspain.com\/en\/wp-json\/wp\/v2\/tags?post=129177"}],"curies":[{"name":"wp","href":"https:\/\/api.w.org\/{rel}","templated":true}]}}