{"id":129123,"date":"2025-10-30T06:07:14","date_gmt":"2025-10-30T05:07:14","guid":{"rendered":"https:\/\/thediplomatinspain.com\/?p=129123"},"modified":"2025-10-30T15:35:52","modified_gmt":"2025-10-30T14:35:52","slug":"embajador-jorge-de-habsburgo-la-libertad-nunca-es-un-derecho-adquirido-sino-una-responsabilidad-constante","status":"publish","type":"post","link":"https:\/\/thediplomatinspain.com\/en\/2025\/10\/30\/embajador-jorge-de-habsburgo-la-libertad-nunca-es-un-derecho-adquirido-sino-una-responsabilidad-constante\/","title":{"rendered":"Ambassador George of Habsburg: &#8220;Freedom is never an acquired right, but a constant responsibility&#8221;"},"content":{"rendered":"<p>&nbsp;<\/p>\n<h6><strong>Text and photos: Juan David Latorre<\/strong><\/h6>\n<p>&nbsp;<\/p>\n<h4><strong>The newly-arrived ambassador of Hungary, George of Habsburg, held a reception at his residence last Tuesday on the occasion of the National Holiday of the Central European country, which was attended by the president of the Hungarian Constitutional Court, P\u00e9ter Polt.<\/strong><\/h4>\n<p>&nbsp;<\/p>\n<p>The Hungarian ambassador wanted to stress at first that his words were addressed &#8220;to all those united by <strong>respect for freedom and human dignity as common values&#8221;.<\/strong><\/p>\n<p>&nbsp;<\/p>\n<p>&#8220;The autumn of 1956 was one of the most glorious but also tragic chapters in Hungarian history, said the Hungarian ambassador. I believe that in the 20th century there were three great wars, the First, the Second World War and the Cold War. In the first, the battle of Verdun; in the second, the battle of Stalingrad; and in the third, the Cold War, Budapest was the battlefield that changed the course of history. In 1956, the Hungarian people not only fought for their own freedom but also drew the attention of the whole world. In the struggle against communism, we Hungarians nailed the first nail to the coffin of dictatorship. Although the revolution failed, the victims were not in vain. In 1956 it became the spark that decades later led to the weakening and fall of communist regimes worldwide. <strong>This courage and desire for freedom have continued to defend the soul of Hungary ever since.<\/strong> After the fall of the dictatorship, Hungary was able to breathe again.&#8221;<\/p>\n<p>&nbsp;<\/p>\n<p>Already referring to the strict current, George of Habsburg stressed that &#8220;true to its nature, the country has again opened itself to the world in areas of openness, connectivity and cooperation. In the heart of Europe, a country that is proud of its history but looks to the future has been rebuilt. Today, <strong>we continue to defend this openness in economic relations, in the cultural and educational sphere, in dialogue and mutual respect&#8221;.<\/strong><\/p>\n<p>&nbsp;<\/p>\n<p>&#8220;Our relations with Spain have been getting closer and closer, continued the Hungarian ambassador. More and more Hungarian and Spanish companies are collaborating with each other, and the number of cultural and scientific partnerships is increasing year by year. <strong>The Spanish language and culture are becoming increasingly popular in Hungary,<\/strong> while Hungarians discover Spain with growing enthusiasm not only as a tourist destination but also as a friendly and partner country whose people are equally proud of their history, identity and independence. I am confident that in the coming years we will be able to further deepen this cooperation, both economically and culturally and humanly. However, for this, and we Hungarians know this very well, peace is indispensable. Under the shadow of war in the eastern part of the continent, <strong>Hungary is committed to peacemaking and peacekeeping.&#8221;<\/strong><\/p>\n<p>&nbsp;<\/p>\n<p>Ambassador George of Habsburg said <strong>that &#8220;the future of Europe can only be guaranteed through dialogue, mutual respect and peaceful cooperation.<\/strong> A national holiday is always a good occasion to thank those who risked their lives for freedom. The courage of the heroes of &#8217;56 remains today our compass, reminding us that <strong>freedom is never an acquired right but a constant responsibility.<\/strong> This legacy compels us, the Hungarians, and also our friends from all over the world, to preserve together these values for which the heroes of 56 fought&#8221;.<\/p>\n<p>&nbsp;<\/p>\n<p>To conclude the act, Hungarian violinist <strong>Andrea Szamek<\/strong> performed a brief sample of Hungary\u2019s rich folk music tradition.<\/p>\n<p>&nbsp;<\/p>\n<figure id=\"attachment_129126\" aria-describedby=\"caption-attachment-129126\" style=\"width: 750px\" class=\"wp-caption alignnone\"><img decoding=\"async\" class=\"wp-image-129126 size-full\" src=\"https:\/\/thediplomatinspain.com\/wp-content\/uploads\/2025\/10\/Con-Italia-ok.jpg\" alt=\"\" width=\"750\" height=\"429\" srcset=\"https:\/\/thediplomatinspain.com\/wp-content\/uploads\/2025\/10\/Con-Italia-ok.jpg 750w, https:\/\/thediplomatinspain.com\/wp-content\/uploads\/2025\/10\/Con-Italia-ok-300x172.jpg 300w\" sizes=\"(max-width: 750px) 100vw, 750px\" \/><figcaption id=\"caption-attachment-129126\" class=\"wp-caption-text\">Welcome to the Ambassador of Italy, Giuseppe Buccino Grimaldi.<\/figcaption><\/figure>\n<p>&nbsp;<\/p>\n<figure id=\"attachment_129128\" aria-describedby=\"caption-attachment-129128\" style=\"width: 750px\" class=\"wp-caption alignnone\"><img decoding=\"async\" class=\"wp-image-129128 size-full\" src=\"https:\/\/thediplomatinspain.com\/wp-content\/uploads\/2025\/10\/Con-Arabia-ok.jpg\" alt=\"\" width=\"750\" height=\"429\" srcset=\"https:\/\/thediplomatinspain.com\/wp-content\/uploads\/2025\/10\/Con-Arabia-ok.jpg 750w, https:\/\/thediplomatinspain.com\/wp-content\/uploads\/2025\/10\/Con-Arabia-ok-300x172.jpg 300w\" sizes=\"(max-width: 750px) 100vw, 750px\" \/><figcaption id=\"caption-attachment-129128\" class=\"wp-caption-text\">Ambassador George of Habsburg and his wife, Duchess Eilika of Oldenburg, receive the Saudi Ambassador, Princess Haifa Bint Abdulaziz Al Mogrin.<\/figcaption><\/figure>\n<p>&nbsp;<\/p>\n<figure id=\"attachment_129130\" aria-describedby=\"caption-attachment-129130\" style=\"width: 750px\" class=\"wp-caption alignnone\"><img decoding=\"async\" class=\"wp-image-129130 size-full\" src=\"https:\/\/thediplomatinspain.com\/wp-content\/uploads\/2025\/10\/Con-Turquia-ok.jpg\" alt=\"\" width=\"750\" height=\"429\" srcset=\"https:\/\/thediplomatinspain.com\/wp-content\/uploads\/2025\/10\/Con-Turquia-ok.jpg 750w, https:\/\/thediplomatinspain.com\/wp-content\/uploads\/2025\/10\/Con-Turquia-ok-300x172.jpg 300w\" sizes=\"(max-width: 750px) 100vw, 750px\" \/><figcaption id=\"caption-attachment-129130\" class=\"wp-caption-text\">Reception of the ambassador of Turkey, N\u00fcket K\u00fc\u00e7\u00fckel Ezberci.<\/figcaption><\/figure>\n<p>&nbsp;<\/p>\n<figure id=\"attachment_129132\" aria-describedby=\"caption-attachment-129132\" style=\"width: 750px\" class=\"wp-caption alignnone\"><img decoding=\"async\" class=\"wp-image-129132 size-full\" src=\"https:\/\/thediplomatinspain.com\/wp-content\/uploads\/2025\/10\/Macedonia-Irlanda-e-Islandia-ok.jpg\" alt=\"\" width=\"750\" height=\"429\" srcset=\"https:\/\/thediplomatinspain.com\/wp-content\/uploads\/2025\/10\/Macedonia-Irlanda-e-Islandia-ok.jpg 750w, https:\/\/thediplomatinspain.com\/wp-content\/uploads\/2025\/10\/Macedonia-Irlanda-e-Islandia-ok-300x172.jpg 300w\" sizes=\"(max-width: 750px) 100vw, 750px\" \/><figcaption id=\"caption-attachment-129132\" class=\"wp-caption-text\">From left to right, the ambassadors of North Macedonia, Edmond Ademi; of Ireland, Brian Glynn; and of Iceland, Kristj\u00e1n Andri Stef\u00e1nsson.<\/figcaption><\/figure>\n<p>&nbsp;<\/p>\n<figure id=\"attachment_129134\" aria-describedby=\"caption-attachment-129134\" style=\"width: 750px\" class=\"wp-caption alignnone\"><img decoding=\"async\" class=\"wp-image-129134 size-full\" src=\"https:\/\/thediplomatinspain.com\/wp-content\/uploads\/2025\/10\/Paises-Bajos-y-Chipre-ok.jpg\" alt=\"A la izquierda, el embajador de Pa\u00edses Bajos, Roel Nieuwenkamp, junto a su colega chipriota, Michalis Ioannou.\" width=\"750\" height=\"429\" srcset=\"https:\/\/thediplomatinspain.com\/wp-content\/uploads\/2025\/10\/Paises-Bajos-y-Chipre-ok.jpg 750w, https:\/\/thediplomatinspain.com\/wp-content\/uploads\/2025\/10\/Paises-Bajos-y-Chipre-ok-300x172.jpg 300w\" sizes=\"(max-width: 750px) 100vw, 750px\" \/><figcaption id=\"caption-attachment-129134\" class=\"wp-caption-text\">On the left, the Dutch ambassador, Roel Nieuwenkamp, with his Cypriot colleague, Michalis Ioannou.<\/figcaption><\/figure>\n<p>&nbsp;<\/p>\n<figure id=\"attachment_129136\" aria-describedby=\"caption-attachment-129136\" style=\"width: 750px\" class=\"wp-caption alignnone\"><img decoding=\"async\" class=\"wp-image-129136 size-full\" src=\"https:\/\/thediplomatinspain.com\/wp-content\/uploads\/2025\/10\/Serbia-ok.jpg\" alt=\"\" width=\"750\" height=\"429\" srcset=\"https:\/\/thediplomatinspain.com\/wp-content\/uploads\/2025\/10\/Serbia-ok.jpg 750w, https:\/\/thediplomatinspain.com\/wp-content\/uploads\/2025\/10\/Serbia-ok-300x172.jpg 300w\" sizes=\"(max-width: 750px) 100vw, 750px\" \/><figcaption id=\"caption-attachment-129136\" class=\"wp-caption-text\">The ambassador of Serbia, Irena Sarac, together with the Serbian consul, Maria Petrovic.<\/figcaption><\/figure>\n<p>&nbsp;<\/p>\n<figure id=\"attachment_129138\" aria-describedby=\"caption-attachment-129138\" style=\"width: 750px\" class=\"wp-caption alignnone\"><img decoding=\"async\" class=\"wp-image-129138 size-full\" src=\"https:\/\/thediplomatinspain.com\/wp-content\/uploads\/2025\/10\/Violinista-Andrea-Szamek-ok.jpg\" alt=\"\" width=\"750\" height=\"429\" srcset=\"https:\/\/thediplomatinspain.com\/wp-content\/uploads\/2025\/10\/Violinista-Andrea-Szamek-ok.jpg 750w, https:\/\/thediplomatinspain.com\/wp-content\/uploads\/2025\/10\/Violinista-Andrea-Szamek-ok-300x172.jpg 300w\" sizes=\"(max-width: 750px) 100vw, 750px\" \/><figcaption id=\"caption-attachment-129138\" class=\"wp-caption-text\">Violinist Andrea Szamek performed several pieces of rich musical hungarian folklore.<\/figcaption><\/figure>\n","protected":false},"excerpt":{"rendered":"<p>The ambassador of Hungary, George of Habsburg, held a reception on the occasion of the National Day of the Central European country.<\/p>\n","protected":false},"author":204,"featured_media":129124,"comment_status":"closed","ping_status":"open","sticky":false,"template":"","format":"standard","meta":{"jnews-multi-image_gallery":[],"jnews_single_post":null,"jnews_primary_category":[],"jnews_social_meta":[],"jnews_override_counter":{"view_counter_number":"0","share_counter_number":"0","like_counter_number":"0","dislike_counter_number":"0"},"jnews_post_split":{"post_split":[{"template":"1","tag":"h2","numbering":"asc","mode":"normal","first":"0","enable_toc":"0","toc_type":"normal"}]},"footnotes":""},"categories":[170,158,166],"tags":[],"class_list":["post-129123","post","type-post","status-publish","format-standard","has-post-thumbnail","hentry","category-embassies","category-frontpage-en","category-social-life"],"yoast_head":"<!-- This site is optimized with the Yoast SEO plugin v27.4 - https:\/\/yoast.com\/product\/yoast-seo-wordpress\/ -->\n<title>Ambassador George of Habsburg: &quot;Freedom is never an acquired right, but a constant responsibility&quot;<\/title>\n<meta name=\"description\" content=\"The ambassador of Hungary, George of Habsburg, held a reception on the occasion of the National Day of the Central European country.\" \/>\n<meta name=\"robots\" content=\"index, follow, max-snippet:-1, max-image-preview:large, max-video-preview:-1\" \/>\n<link rel=\"canonical\" href=\"https:\/\/thediplomatinspain.com\/en\/2025\/10\/30\/embajador-jorge-de-habsburgo-la-libertad-nunca-es-un-derecho-adquirido-sino-una-responsabilidad-constante\/\" \/>\n<meta property=\"og:locale\" content=\"en_US\" \/>\n<meta property=\"og:type\" content=\"article\" \/>\n<meta property=\"og:title\" content=\"Ambassador George of Habsburg: &quot;Freedom is never an acquired right, but a constant responsibility&quot;\" \/>\n<meta property=\"og:description\" content=\"The ambassador of Hungary, George of Habsburg, held a reception on the occasion of the National Day of the Central European country.\" \/>\n<meta property=\"og:url\" content=\"https:\/\/thediplomatinspain.com\/en\/2025\/10\/30\/embajador-jorge-de-habsburgo-la-libertad-nunca-es-un-derecho-adquirido-sino-una-responsabilidad-constante\/\" \/>\n<meta property=\"og:site_name\" content=\"thediplomatinspain.com\" \/>\n<meta property=\"article:publisher\" content=\"https:\/\/www.facebook.com\/thediplomatinspain\" \/>\n<meta property=\"article:published_time\" content=\"2025-10-30T05:07:14+00:00\" \/>\n<meta property=\"article:modified_time\" content=\"2025-10-30T14:35:52+00:00\" \/>\n<meta property=\"og:image\" content=\"https:\/\/thediplomatinspain.com\/wp-content\/uploads\/2025\/10\/Embajador-hablando-ok-1.jpg\" \/>\n\t<meta property=\"og:image:width\" content=\"750\" \/>\n\t<meta property=\"og:image:height\" content=\"429\" \/>\n\t<meta property=\"og:image:type\" content=\"image\/jpeg\" \/>\n<meta name=\"author\" content=\"Juan David Latorre\" \/>\n<meta name=\"twitter:card\" content=\"summary_large_image\" \/>\n<meta name=\"twitter:creator\" content=\"@diplomatinspain\" \/>\n<meta name=\"twitter:site\" content=\"@diplomatinspain\" \/>\n<meta name=\"twitter:label1\" content=\"Written by\" \/>\n\t<meta name=\"twitter:data1\" content=\"Juan David Latorre\" \/>\n\t<meta name=\"twitter:label2\" content=\"Est. reading time\" \/>\n\t<meta name=\"twitter:data2\" content=\"5 minutes\" \/>\n<script type=\"application\/ld+json\" class=\"yoast-schema-graph\">{\"@context\":\"https:\\\/\\\/schema.org\",\"@graph\":[{\"@type\":\"Article\",\"@id\":\"https:\\\/\\\/thediplomatinspain.com\\\/en\\\/2025\\\/10\\\/30\\\/embajador-jorge-de-habsburgo-la-libertad-nunca-es-un-derecho-adquirido-sino-una-responsabilidad-constante\\\/#article\",\"isPartOf\":{\"@id\":\"https:\\\/\\\/thediplomatinspain.com\\\/en\\\/2025\\\/10\\\/30\\\/embajador-jorge-de-habsburgo-la-libertad-nunca-es-un-derecho-adquirido-sino-una-responsabilidad-constante\\\/\"},\"author\":{\"name\":\"Juan David Latorre\",\"@id\":\"https:\\\/\\\/thediplomatinspain.com\\\/#\\\/schema\\\/person\\\/bc23729a451553cbb28c59ed696ced53\"},\"headline\":\"Ambassador George of Habsburg: &#8220;Freedom is never an acquired right, but a constant responsibility&#8221;\",\"datePublished\":\"2025-10-30T05:07:14+00:00\",\"dateModified\":\"2025-10-30T14:35:52+00:00\",\"mainEntityOfPage\":{\"@id\":\"https:\\\/\\\/thediplomatinspain.com\\\/en\\\/2025\\\/10\\\/30\\\/embajador-jorge-de-habsburgo-la-libertad-nunca-es-un-derecho-adquirido-sino-una-responsabilidad-constante\\\/\"},\"wordCount\":736,\"publisher\":{\"@id\":\"https:\\\/\\\/thediplomatinspain.com\\\/#organization\"},\"image\":{\"@id\":\"https:\\\/\\\/thediplomatinspain.com\\\/en\\\/2025\\\/10\\\/30\\\/embajador-jorge-de-habsburgo-la-libertad-nunca-es-un-derecho-adquirido-sino-una-responsabilidad-constante\\\/#primaryimage\"},\"thumbnailUrl\":\"https:\\\/\\\/thediplomatinspain.com\\\/wp-content\\\/uploads\\\/2025\\\/10\\\/Embajador-hablando-ok-1.jpg\",\"articleSection\":[\"Embassies\",\"Frontpage\",\"Social life\"],\"inLanguage\":\"en-US\"},{\"@type\":\"WebPage\",\"@id\":\"https:\\\/\\\/thediplomatinspain.com\\\/en\\\/2025\\\/10\\\/30\\\/embajador-jorge-de-habsburgo-la-libertad-nunca-es-un-derecho-adquirido-sino-una-responsabilidad-constante\\\/\",\"url\":\"https:\\\/\\\/thediplomatinspain.com\\\/en\\\/2025\\\/10\\\/30\\\/embajador-jorge-de-habsburgo-la-libertad-nunca-es-un-derecho-adquirido-sino-una-responsabilidad-constante\\\/\",\"name\":\"Ambassador George of Habsburg: \\\"Freedom is never an acquired right, but a constant responsibility\\\"\",\"isPartOf\":{\"@id\":\"https:\\\/\\\/thediplomatinspain.com\\\/#website\"},\"primaryImageOfPage\":{\"@id\":\"https:\\\/\\\/thediplomatinspain.com\\\/en\\\/2025\\\/10\\\/30\\\/embajador-jorge-de-habsburgo-la-libertad-nunca-es-un-derecho-adquirido-sino-una-responsabilidad-constante\\\/#primaryimage\"},\"image\":{\"@id\":\"https:\\\/\\\/thediplomatinspain.com\\\/en\\\/2025\\\/10\\\/30\\\/embajador-jorge-de-habsburgo-la-libertad-nunca-es-un-derecho-adquirido-sino-una-responsabilidad-constante\\\/#primaryimage\"},\"thumbnailUrl\":\"https:\\\/\\\/thediplomatinspain.com\\\/wp-content\\\/uploads\\\/2025\\\/10\\\/Embajador-hablando-ok-1.jpg\",\"datePublished\":\"2025-10-30T05:07:14+00:00\",\"dateModified\":\"2025-10-30T14:35:52+00:00\",\"description\":\"The ambassador of Hungary, George of Habsburg, held a reception on the occasion of the National Day of the Central European country.\",\"breadcrumb\":{\"@id\":\"https:\\\/\\\/thediplomatinspain.com\\\/en\\\/2025\\\/10\\\/30\\\/embajador-jorge-de-habsburgo-la-libertad-nunca-es-un-derecho-adquirido-sino-una-responsabilidad-constante\\\/#breadcrumb\"},\"inLanguage\":\"en-US\",\"potentialAction\":[{\"@type\":\"ReadAction\",\"target\":[\"https:\\\/\\\/thediplomatinspain.com\\\/en\\\/2025\\\/10\\\/30\\\/embajador-jorge-de-habsburgo-la-libertad-nunca-es-un-derecho-adquirido-sino-una-responsabilidad-constante\\\/\"]}]},{\"@type\":\"ImageObject\",\"inLanguage\":\"en-US\",\"@id\":\"https:\\\/\\\/thediplomatinspain.com\\\/en\\\/2025\\\/10\\\/30\\\/embajador-jorge-de-habsburgo-la-libertad-nunca-es-un-derecho-adquirido-sino-una-responsabilidad-constante\\\/#primaryimage\",\"url\":\"https:\\\/\\\/thediplomatinspain.com\\\/wp-content\\\/uploads\\\/2025\\\/10\\\/Embajador-hablando-ok-1.jpg\",\"contentUrl\":\"https:\\\/\\\/thediplomatinspain.com\\\/wp-content\\\/uploads\\\/2025\\\/10\\\/Embajador-hablando-ok-1.jpg\",\"width\":750,\"height\":429,\"caption\":\"The new ambassador of Hungary, George of Habsburg, welcomed the participants.\"},{\"@type\":\"BreadcrumbList\",\"@id\":\"https:\\\/\\\/thediplomatinspain.com\\\/en\\\/2025\\\/10\\\/30\\\/embajador-jorge-de-habsburgo-la-libertad-nunca-es-un-derecho-adquirido-sino-una-responsabilidad-constante\\\/#breadcrumb\",\"itemListElement\":[{\"@type\":\"ListItem\",\"position\":1,\"name\":\"Portada\",\"item\":\"https:\\\/\\\/thediplomatinspain.com\\\/en\\\/\"},{\"@type\":\"ListItem\",\"position\":2,\"name\":\"Ambassador George of Habsburg: &#8220;Freedom is never an acquired right, but a constant responsibility&#8221;\"}]},{\"@type\":\"WebSite\",\"@id\":\"https:\\\/\\\/thediplomatinspain.com\\\/#website\",\"url\":\"https:\\\/\\\/thediplomatinspain.com\\\/\",\"name\":\"thediplomatinspain.com\",\"description\":\"Diario digital de referencia para diplom\u00e1ticos y empresas\",\"publisher\":{\"@id\":\"https:\\\/\\\/thediplomatinspain.com\\\/#organization\"},\"potentialAction\":[{\"@type\":\"SearchAction\",\"target\":{\"@type\":\"EntryPoint\",\"urlTemplate\":\"https:\\\/\\\/thediplomatinspain.com\\\/?s={search_term_string}\"},\"query-input\":{\"@type\":\"PropertyValueSpecification\",\"valueRequired\":true,\"valueName\":\"search_term_string\"}}],\"inLanguage\":\"en-US\"},{\"@type\":\"Organization\",\"@id\":\"https:\\\/\\\/thediplomatinspain.com\\\/#organization\",\"name\":\"thediplomatinspain.com\",\"url\":\"https:\\\/\\\/thediplomatinspain.com\\\/\",\"logo\":{\"@type\":\"ImageObject\",\"inLanguage\":\"en-US\",\"@id\":\"https:\\\/\\\/thediplomatinspain.com\\\/#\\\/schema\\\/logo\\\/image\\\/\",\"url\":\"https:\\\/\\\/thediplomatinspain.com\\\/wp-content\\\/uploads\\\/2024\\\/06\\\/logo_the_diplomat.png\",\"contentUrl\":\"https:\\\/\\\/thediplomatinspain.com\\\/wp-content\\\/uploads\\\/2024\\\/06\\\/logo_the_diplomat.png\",\"width\":284,\"height\":77,\"caption\":\"thediplomatinspain.com\"},\"image\":{\"@id\":\"https:\\\/\\\/thediplomatinspain.com\\\/#\\\/schema\\\/logo\\\/image\\\/\"},\"sameAs\":[\"https:\\\/\\\/www.facebook.com\\\/thediplomatinspain\",\"https:\\\/\\\/x.com\\\/diplomatinspain\",\"https:\\\/\\\/www.youtube.com\\\/channel\\\/UCK0mRqeeZDKdFeiFQZLcH2A\"]},{\"@type\":\"Person\",\"@id\":\"https:\\\/\\\/thediplomatinspain.com\\\/#\\\/schema\\\/person\\\/bc23729a451553cbb28c59ed696ced53\",\"name\":\"Juan David Latorre\",\"image\":{\"@type\":\"ImageObject\",\"inLanguage\":\"en-US\",\"@id\":\"https:\\\/\\\/secure.gravatar.com\\\/avatar\\\/2d39dcb59d17733b9ee745ca1ab1eeff6f72ef14623e21bb10f63bfb965c847a?s=96&d=mm&r=g\",\"url\":\"https:\\\/\\\/secure.gravatar.com\\\/avatar\\\/2d39dcb59d17733b9ee745ca1ab1eeff6f72ef14623e21bb10f63bfb965c847a?s=96&d=mm&r=g\",\"contentUrl\":\"https:\\\/\\\/secure.gravatar.com\\\/avatar\\\/2d39dcb59d17733b9ee745ca1ab1eeff6f72ef14623e21bb10f63bfb965c847a?s=96&d=mm&r=g\",\"caption\":\"Juan David Latorre\"},\"url\":\"https:\\\/\\\/thediplomatinspain.com\\\/en\\\/author\\\/jdlatorre\\\/\"},{\"@type\":[\"Organization\",\"NewsMediaOrganization\"],\"@id\":\"https:\\\/\\\/thediplomatinspain.com\\\/en\\\/#organization\"},{\"@type\":\"SiteNavigationElement\",\"@id\":\"https:\\\/\\\/thediplomatinspain.com\\\/en\\\/#site-navigation\",\"cssSelector\":[\".cib-main-menu\"]},{\"@type\":\"WPHeader\",\"@id\":\"https:\\\/\\\/thediplomatinspain.com\\\/en\\\/#header\",\"cssSelector\":[\".cib-header\"]},{\"@type\":\"WPFooter\",\"@id\":\"https:\\\/\\\/thediplomatinspain.com\\\/en\\\/#footer\",\"cssSelector\":[\".cib-footer\"]}]}<\/script>\n<!-- \/ Yoast SEO plugin. -->","yoast_head_json":{"title":"Ambassador George of Habsburg: \"Freedom is never an acquired right, but a constant responsibility\"","description":"The ambassador of Hungary, George of Habsburg, held a reception on the occasion of the National Day of the Central European country.","robots":{"index":"index","follow":"follow","max-snippet":"max-snippet:-1","max-image-preview":"max-image-preview:large","max-video-preview":"max-video-preview:-1"},"canonical":"https:\/\/thediplomatinspain.com\/en\/2025\/10\/30\/embajador-jorge-de-habsburgo-la-libertad-nunca-es-un-derecho-adquirido-sino-una-responsabilidad-constante\/","og_locale":"en_US","og_type":"article","og_title":"Ambassador George of Habsburg: \"Freedom is never an acquired right, but a constant responsibility\"","og_description":"The ambassador of Hungary, George of Habsburg, held a reception on the occasion of the National Day of the Central European country.","og_url":"https:\/\/thediplomatinspain.com\/en\/2025\/10\/30\/embajador-jorge-de-habsburgo-la-libertad-nunca-es-un-derecho-adquirido-sino-una-responsabilidad-constante\/","og_site_name":"thediplomatinspain.com","article_publisher":"https:\/\/www.facebook.com\/thediplomatinspain","article_published_time":"2025-10-30T05:07:14+00:00","article_modified_time":"2025-10-30T14:35:52+00:00","og_image":[{"width":750,"height":429,"url":"https:\/\/thediplomatinspain.com\/wp-content\/uploads\/2025\/10\/Embajador-hablando-ok-1.jpg","type":"image\/jpeg"}],"author":"Juan David Latorre","twitter_card":"summary_large_image","twitter_creator":"@diplomatinspain","twitter_site":"@diplomatinspain","twitter_misc":{"Written by":"Juan David Latorre","Est. reading time":"5 minutes"},"schema":{"@context":"https:\/\/schema.org","@graph":[{"@type":"Article","@id":"https:\/\/thediplomatinspain.com\/en\/2025\/10\/30\/embajador-jorge-de-habsburgo-la-libertad-nunca-es-un-derecho-adquirido-sino-una-responsabilidad-constante\/#article","isPartOf":{"@id":"https:\/\/thediplomatinspain.com\/en\/2025\/10\/30\/embajador-jorge-de-habsburgo-la-libertad-nunca-es-un-derecho-adquirido-sino-una-responsabilidad-constante\/"},"author":{"name":"Juan David Latorre","@id":"https:\/\/thediplomatinspain.com\/#\/schema\/person\/bc23729a451553cbb28c59ed696ced53"},"headline":"Ambassador George of Habsburg: &#8220;Freedom is never an acquired right, but a constant responsibility&#8221;","datePublished":"2025-10-30T05:07:14+00:00","dateModified":"2025-10-30T14:35:52+00:00","mainEntityOfPage":{"@id":"https:\/\/thediplomatinspain.com\/en\/2025\/10\/30\/embajador-jorge-de-habsburgo-la-libertad-nunca-es-un-derecho-adquirido-sino-una-responsabilidad-constante\/"},"wordCount":736,"publisher":{"@id":"https:\/\/thediplomatinspain.com\/#organization"},"image":{"@id":"https:\/\/thediplomatinspain.com\/en\/2025\/10\/30\/embajador-jorge-de-habsburgo-la-libertad-nunca-es-un-derecho-adquirido-sino-una-responsabilidad-constante\/#primaryimage"},"thumbnailUrl":"https:\/\/thediplomatinspain.com\/wp-content\/uploads\/2025\/10\/Embajador-hablando-ok-1.jpg","articleSection":["Embassies","Frontpage","Social life"],"inLanguage":"en-US"},{"@type":"WebPage","@id":"https:\/\/thediplomatinspain.com\/en\/2025\/10\/30\/embajador-jorge-de-habsburgo-la-libertad-nunca-es-un-derecho-adquirido-sino-una-responsabilidad-constante\/","url":"https:\/\/thediplomatinspain.com\/en\/2025\/10\/30\/embajador-jorge-de-habsburgo-la-libertad-nunca-es-un-derecho-adquirido-sino-una-responsabilidad-constante\/","name":"Ambassador George of Habsburg: \"Freedom is never an acquired right, but a constant responsibility\"","isPartOf":{"@id":"https:\/\/thediplomatinspain.com\/#website"},"primaryImageOfPage":{"@id":"https:\/\/thediplomatinspain.com\/en\/2025\/10\/30\/embajador-jorge-de-habsburgo-la-libertad-nunca-es-un-derecho-adquirido-sino-una-responsabilidad-constante\/#primaryimage"},"image":{"@id":"https:\/\/thediplomatinspain.com\/en\/2025\/10\/30\/embajador-jorge-de-habsburgo-la-libertad-nunca-es-un-derecho-adquirido-sino-una-responsabilidad-constante\/#primaryimage"},"thumbnailUrl":"https:\/\/thediplomatinspain.com\/wp-content\/uploads\/2025\/10\/Embajador-hablando-ok-1.jpg","datePublished":"2025-10-30T05:07:14+00:00","dateModified":"2025-10-30T14:35:52+00:00","description":"The ambassador of Hungary, George of Habsburg, held a reception on the occasion of the National Day of the Central European country.","breadcrumb":{"@id":"https:\/\/thediplomatinspain.com\/en\/2025\/10\/30\/embajador-jorge-de-habsburgo-la-libertad-nunca-es-un-derecho-adquirido-sino-una-responsabilidad-constante\/#breadcrumb"},"inLanguage":"en-US","potentialAction":[{"@type":"ReadAction","target":["https:\/\/thediplomatinspain.com\/en\/2025\/10\/30\/embajador-jorge-de-habsburgo-la-libertad-nunca-es-un-derecho-adquirido-sino-una-responsabilidad-constante\/"]}]},{"@type":"ImageObject","inLanguage":"en-US","@id":"https:\/\/thediplomatinspain.com\/en\/2025\/10\/30\/embajador-jorge-de-habsburgo-la-libertad-nunca-es-un-derecho-adquirido-sino-una-responsabilidad-constante\/#primaryimage","url":"https:\/\/thediplomatinspain.com\/wp-content\/uploads\/2025\/10\/Embajador-hablando-ok-1.jpg","contentUrl":"https:\/\/thediplomatinspain.com\/wp-content\/uploads\/2025\/10\/Embajador-hablando-ok-1.jpg","width":750,"height":429,"caption":"The new ambassador of Hungary, George of Habsburg, welcomed the participants."},{"@type":"BreadcrumbList","@id":"https:\/\/thediplomatinspain.com\/en\/2025\/10\/30\/embajador-jorge-de-habsburgo-la-libertad-nunca-es-un-derecho-adquirido-sino-una-responsabilidad-constante\/#breadcrumb","itemListElement":[{"@type":"ListItem","position":1,"name":"Portada","item":"https:\/\/thediplomatinspain.com\/en\/"},{"@type":"ListItem","position":2,"name":"Ambassador George of Habsburg: &#8220;Freedom is never an acquired right, but a constant responsibility&#8221;"}]},{"@type":"WebSite","@id":"https:\/\/thediplomatinspain.com\/#website","url":"https:\/\/thediplomatinspain.com\/","name":"thediplomatinspain.com","description":"Diario digital de referencia para diplom\u00e1ticos y empresas","publisher":{"@id":"https:\/\/thediplomatinspain.com\/#organization"},"potentialAction":[{"@type":"SearchAction","target":{"@type":"EntryPoint","urlTemplate":"https:\/\/thediplomatinspain.com\/?s={search_term_string}"},"query-input":{"@type":"PropertyValueSpecification","valueRequired":true,"valueName":"search_term_string"}}],"inLanguage":"en-US"},{"@type":"Organization","@id":"https:\/\/thediplomatinspain.com\/#organization","name":"thediplomatinspain.com","url":"https:\/\/thediplomatinspain.com\/","logo":{"@type":"ImageObject","inLanguage":"en-US","@id":"https:\/\/thediplomatinspain.com\/#\/schema\/logo\/image\/","url":"https:\/\/thediplomatinspain.com\/wp-content\/uploads\/2024\/06\/logo_the_diplomat.png","contentUrl":"https:\/\/thediplomatinspain.com\/wp-content\/uploads\/2024\/06\/logo_the_diplomat.png","width":284,"height":77,"caption":"thediplomatinspain.com"},"image":{"@id":"https:\/\/thediplomatinspain.com\/#\/schema\/logo\/image\/"},"sameAs":["https:\/\/www.facebook.com\/thediplomatinspain","https:\/\/x.com\/diplomatinspain","https:\/\/www.youtube.com\/channel\/UCK0mRqeeZDKdFeiFQZLcH2A"]},{"@type":"Person","@id":"https:\/\/thediplomatinspain.com\/#\/schema\/person\/bc23729a451553cbb28c59ed696ced53","name":"Juan David Latorre","image":{"@type":"ImageObject","inLanguage":"en-US","@id":"https:\/\/secure.gravatar.com\/avatar\/2d39dcb59d17733b9ee745ca1ab1eeff6f72ef14623e21bb10f63bfb965c847a?s=96&d=mm&r=g","url":"https:\/\/secure.gravatar.com\/avatar\/2d39dcb59d17733b9ee745ca1ab1eeff6f72ef14623e21bb10f63bfb965c847a?s=96&d=mm&r=g","contentUrl":"https:\/\/secure.gravatar.com\/avatar\/2d39dcb59d17733b9ee745ca1ab1eeff6f72ef14623e21bb10f63bfb965c847a?s=96&d=mm&r=g","caption":"Juan David Latorre"},"url":"https:\/\/thediplomatinspain.com\/en\/author\/jdlatorre\/"},{"@type":["Organization","NewsMediaOrganization"],"@id":"https:\/\/thediplomatinspain.com\/en\/#organization"},{"@type":"SiteNavigationElement","@id":"https:\/\/thediplomatinspain.com\/en\/#site-navigation","cssSelector":[".cib-main-menu"]},{"@type":"WPHeader","@id":"https:\/\/thediplomatinspain.com\/en\/#header","cssSelector":[".cib-header"]},{"@type":"WPFooter","@id":"https:\/\/thediplomatinspain.com\/en\/#footer","cssSelector":[".cib-footer"]}]}},"amp_enabled":true,"_links":{"self":[{"href":"https:\/\/thediplomatinspain.com\/en\/wp-json\/wp\/v2\/posts\/129123","targetHints":{"allow":["GET"]}}],"collection":[{"href":"https:\/\/thediplomatinspain.com\/en\/wp-json\/wp\/v2\/posts"}],"about":[{"href":"https:\/\/thediplomatinspain.com\/en\/wp-json\/wp\/v2\/types\/post"}],"author":[{"embeddable":true,"href":"https:\/\/thediplomatinspain.com\/en\/wp-json\/wp\/v2\/users\/204"}],"replies":[{"embeddable":true,"href":"https:\/\/thediplomatinspain.com\/en\/wp-json\/wp\/v2\/comments?post=129123"}],"version-history":[{"count":0,"href":"https:\/\/thediplomatinspain.com\/en\/wp-json\/wp\/v2\/posts\/129123\/revisions"}],"wp:featuredmedia":[{"embeddable":true,"href":"https:\/\/thediplomatinspain.com\/en\/wp-json\/wp\/v2\/media\/129124"}],"wp:attachment":[{"href":"https:\/\/thediplomatinspain.com\/en\/wp-json\/wp\/v2\/media?parent=129123"}],"wp:term":[{"taxonomy":"category","embeddable":true,"href":"https:\/\/thediplomatinspain.com\/en\/wp-json\/wp\/v2\/categories?post=129123"},{"taxonomy":"post_tag","embeddable":true,"href":"https:\/\/thediplomatinspain.com\/en\/wp-json\/wp\/v2\/tags?post=129123"}],"curies":[{"name":"wp","href":"https:\/\/api.w.org\/{rel}","templated":true}]}}