{"id":128381,"date":"2025-10-22T06:00:28","date_gmt":"2025-10-22T04:00:28","guid":{"rendered":"https:\/\/thediplomatinspain.com\/?p=128381"},"modified":"2025-10-20T18:39:29","modified_gmt":"2025-10-20T16:39:29","slug":"el-museo-de-america-inaugura-la-exposicion-oro-hoja-de-coca","status":"publish","type":"post","link":"https:\/\/thediplomatinspain.com\/en\/2025\/10\/22\/el-museo-de-america-inaugura-la-exposicion-oro-hoja-de-coca\/","title":{"rendered":"The Museo de Am\u00e9rica inaugurates the exhibition \u2018Gold &#038; Coca Leaf&#8217;"},"content":{"rendered":"<p>&nbsp;<\/p>\n<p>The <strong>Ministry of Foreign Affairs of Colombia,<\/strong> in partnership with nine embassies in Europe and with the support of <strong>Artesan\u00edas de Colombia,<\/strong> presents the international tour <strong><em>Oro &amp; Hoja de Coca: M\u00e1s all\u00e1 del pensamiento colonial y la estigmatizaci\u00f3n contempor\u00e1nea, <\/em><\/strong>a travelling exhibition that between October and December 2025 will cover nine European countries and more than 10,200 kilometres: Italy, Austria, Spain, Poland, France, Portugal, the Netherlands, the Czech Republic and Finland.<\/p>\n<p>&nbsp;<\/p>\n<p>In Spain, the exhibition was presented yesterday at the <strong>Museo de Am\u00e9rica<\/strong> in Madrid (Avenida de los Reyes Cat\u00f3licos, 6) and will be open to the public today and tomorrow, 22 and 23 October.<\/p>\n<p>&nbsp;<\/p>\n<p>For 70 days, the exhibition brings to the European continent the best of Colombian heritage and contemporary art, as a landmark of cultural diplomacy and an example of the international projection of Colombia\u2019s public cultural policy.<\/p>\n<p>&nbsp;<\/p>\n<p>The heart of the exhibition is composed of 56 exact replicas of the Quimbaya Collection, made by the master Omar Hurtado, recognized as the time traveling goldsmith, who has taken the Colombian pre-Columbian art to unique settings in the world.<\/p>\n<p>&nbsp;<\/p>\n<p>Alongside these pieces, the work <em>La Chagra de Amoka<\/em> by artist <strong>Tatiana Arocha<\/strong> gives life to tropical forests and the ecological memory of indigenous peoples, making an urgent call to protect biodiversity and questioning extractive economies.<\/p>\n<p>&nbsp;<\/p>\n<p>The exhibition proposes a symbolic journey that confronts the colonial narratives that transformed gold into an imperial trophy and criminalized the coca leaf, ignoring its ritual, medicinal and cultural uses. In this sense, <em>Oro &amp; Hoja de Coca<\/em> invites a deep reflection on colonial thinking, contemporary stigmatization and new global narratives about restitution, repatriation and the fight against illicit trafficking of cultural goods.<\/p>\n<p>&nbsp;<\/p>\n<p><em>Oro &amp; Hoja de Coca<\/em> is, in short, a project that makes visible the memory and symbolic sovereignty of Colombia, fostering a dialogue that crosses borders between art, heritage and foreign policy. It is a tool of cultural diplomacy that places at the center the values that unite peoples and reaffirms Colombia\u2019s commitment to a future of heritage justice and respect for diversity.<\/p>\n<p>&nbsp;<\/p>\n<p>&nbsp;<\/p>\n","protected":false},"excerpt":{"rendered":"<p>Colombia presents the international tour Oro &#038; Hoja de Coca: M\u00e1s all\u00e1 del pensamiento colonial y la estigmatizaci\u00f3n contempor\u00e1nea.<\/p>\n","protected":false},"author":204,"featured_media":128379,"comment_status":"closed","ping_status":"open","sticky":false,"template":"","format":"standard","meta":{"jnews-multi-image_gallery":[],"jnews_single_post":null,"jnews_primary_category":[],"jnews_social_meta":[],"jnews_override_counter":{"view_counter_number":"0","share_counter_number":"0","like_counter_number":"0","dislike_counter_number":"0"},"jnews_post_split":{"post_split":[{"template":"1","tag":"h2","numbering":"asc","mode":"normal","first":"0","enable_toc":"0","toc_type":"normal"}]},"footnotes":""},"categories":[178,176],"tags":[],"class_list":["post-128381","post","type-post","status-publish","format-standard","has-post-thumbnail","hentry","category-culture-art","category-leisure"],"yoast_head":"<!-- This site is optimized with the Yoast SEO plugin v27.4 - https:\/\/yoast.com\/product\/yoast-seo-wordpress\/ -->\n<title>Museo de Am\u00e9rica inaugurates the exhibition \u2018Gold &amp; Coca Leaf&#039;<\/title>\n<meta name=\"description\" content=\"Colombia presents the international tour Oro &amp; Hoja de Coca: M\u00e1s all\u00e1 del pensamiento colonial y la estigmatizaci\u00f3n contempor\u00e1nea.\" \/>\n<meta name=\"robots\" content=\"index, follow, max-snippet:-1, max-image-preview:large, max-video-preview:-1\" \/>\n<link rel=\"canonical\" href=\"https:\/\/thediplomatinspain.com\/en\/2025\/10\/22\/el-museo-de-america-inaugura-la-exposicion-oro-hoja-de-coca\/\" \/>\n<meta property=\"og:locale\" content=\"en_US\" \/>\n<meta property=\"og:type\" content=\"article\" \/>\n<meta property=\"og:title\" content=\"Museo de Am\u00e9rica inaugurates the exhibition \u2018Gold &amp; Coca Leaf&#039;\" \/>\n<meta property=\"og:description\" content=\"Colombia presents the international tour Oro &amp; Hoja de Coca: M\u00e1s all\u00e1 del pensamiento colonial y la estigmatizaci\u00f3n contempor\u00e1nea.\" \/>\n<meta property=\"og:url\" content=\"https:\/\/thediplomatinspain.com\/en\/2025\/10\/22\/el-museo-de-america-inaugura-la-exposicion-oro-hoja-de-coca\/\" \/>\n<meta property=\"og:site_name\" content=\"thediplomatinspain.com\" \/>\n<meta property=\"article:publisher\" content=\"https:\/\/www.facebook.com\/thediplomatinspain\" \/>\n<meta property=\"article:published_time\" content=\"2025-10-22T04:00:28+00:00\" \/>\n<meta property=\"og:image\" content=\"https:\/\/thediplomatinspain.com\/wp-content\/uploads\/2025\/10\/OroCoca-ok.jpg\" \/>\n\t<meta property=\"og:image:width\" content=\"750\" \/>\n\t<meta property=\"og:image:height\" content=\"429\" \/>\n\t<meta property=\"og:image:type\" content=\"image\/jpeg\" \/>\n<meta name=\"author\" content=\"Juan David Latorre\" \/>\n<meta name=\"twitter:card\" content=\"summary_large_image\" \/>\n<meta name=\"twitter:creator\" content=\"@diplomatinspain\" \/>\n<meta name=\"twitter:site\" content=\"@diplomatinspain\" \/>\n<meta name=\"twitter:label1\" content=\"Written by\" \/>\n\t<meta name=\"twitter:data1\" content=\"Juan David Latorre\" \/>\n\t<meta name=\"twitter:label2\" content=\"Est. reading time\" \/>\n\t<meta name=\"twitter:data2\" content=\"2 minutes\" \/>\n<script type=\"application\/ld+json\" class=\"yoast-schema-graph\">{\"@context\":\"https:\\\/\\\/schema.org\",\"@graph\":[{\"@type\":\"Article\",\"@id\":\"https:\\\/\\\/thediplomatinspain.com\\\/en\\\/2025\\\/10\\\/22\\\/el-museo-de-america-inaugura-la-exposicion-oro-hoja-de-coca\\\/#article\",\"isPartOf\":{\"@id\":\"https:\\\/\\\/thediplomatinspain.com\\\/en\\\/2025\\\/10\\\/22\\\/el-museo-de-america-inaugura-la-exposicion-oro-hoja-de-coca\\\/\"},\"author\":{\"name\":\"Juan David Latorre\",\"@id\":\"https:\\\/\\\/thediplomatinspain.com\\\/#\\\/schema\\\/person\\\/bc23729a451553cbb28c59ed696ced53\"},\"headline\":\"The Museo de Am\u00e9rica inaugurates the exhibition \u2018Gold &#038; Coca Leaf&#8217;\",\"datePublished\":\"2025-10-22T04:00:28+00:00\",\"mainEntityOfPage\":{\"@id\":\"https:\\\/\\\/thediplomatinspain.com\\\/en\\\/2025\\\/10\\\/22\\\/el-museo-de-america-inaugura-la-exposicion-oro-hoja-de-coca\\\/\"},\"wordCount\":365,\"publisher\":{\"@id\":\"https:\\\/\\\/thediplomatinspain.com\\\/#organization\"},\"image\":{\"@id\":\"https:\\\/\\\/thediplomatinspain.com\\\/en\\\/2025\\\/10\\\/22\\\/el-museo-de-america-inaugura-la-exposicion-oro-hoja-de-coca\\\/#primaryimage\"},\"thumbnailUrl\":\"https:\\\/\\\/thediplomatinspain.com\\\/wp-content\\\/uploads\\\/2025\\\/10\\\/OroCoca-ok.jpg\",\"articleSection\":[\"Culture &amp; Art\",\"Leisure\"],\"inLanguage\":\"en-US\"},{\"@type\":\"WebPage\",\"@id\":\"https:\\\/\\\/thediplomatinspain.com\\\/en\\\/2025\\\/10\\\/22\\\/el-museo-de-america-inaugura-la-exposicion-oro-hoja-de-coca\\\/\",\"url\":\"https:\\\/\\\/thediplomatinspain.com\\\/en\\\/2025\\\/10\\\/22\\\/el-museo-de-america-inaugura-la-exposicion-oro-hoja-de-coca\\\/\",\"name\":\"Museo de Am\u00e9rica inaugurates the exhibition \u2018Gold & Coca Leaf'\",\"isPartOf\":{\"@id\":\"https:\\\/\\\/thediplomatinspain.com\\\/#website\"},\"primaryImageOfPage\":{\"@id\":\"https:\\\/\\\/thediplomatinspain.com\\\/en\\\/2025\\\/10\\\/22\\\/el-museo-de-america-inaugura-la-exposicion-oro-hoja-de-coca\\\/#primaryimage\"},\"image\":{\"@id\":\"https:\\\/\\\/thediplomatinspain.com\\\/en\\\/2025\\\/10\\\/22\\\/el-museo-de-america-inaugura-la-exposicion-oro-hoja-de-coca\\\/#primaryimage\"},\"thumbnailUrl\":\"https:\\\/\\\/thediplomatinspain.com\\\/wp-content\\\/uploads\\\/2025\\\/10\\\/OroCoca-ok.jpg\",\"datePublished\":\"2025-10-22T04:00:28+00:00\",\"description\":\"Colombia presents the international tour Oro & Hoja de Coca: M\u00e1s all\u00e1 del pensamiento colonial y la estigmatizaci\u00f3n contempor\u00e1nea.\",\"breadcrumb\":{\"@id\":\"https:\\\/\\\/thediplomatinspain.com\\\/en\\\/2025\\\/10\\\/22\\\/el-museo-de-america-inaugura-la-exposicion-oro-hoja-de-coca\\\/#breadcrumb\"},\"inLanguage\":\"en-US\",\"potentialAction\":[{\"@type\":\"ReadAction\",\"target\":[\"https:\\\/\\\/thediplomatinspain.com\\\/en\\\/2025\\\/10\\\/22\\\/el-museo-de-america-inaugura-la-exposicion-oro-hoja-de-coca\\\/\"]}]},{\"@type\":\"ImageObject\",\"inLanguage\":\"en-US\",\"@id\":\"https:\\\/\\\/thediplomatinspain.com\\\/en\\\/2025\\\/10\\\/22\\\/el-museo-de-america-inaugura-la-exposicion-oro-hoja-de-coca\\\/#primaryimage\",\"url\":\"https:\\\/\\\/thediplomatinspain.com\\\/wp-content\\\/uploads\\\/2025\\\/10\\\/OroCoca-ok.jpg\",\"contentUrl\":\"https:\\\/\\\/thediplomatinspain.com\\\/wp-content\\\/uploads\\\/2025\\\/10\\\/OroCoca-ok.jpg\",\"width\":750,\"height\":429},{\"@type\":\"BreadcrumbList\",\"@id\":\"https:\\\/\\\/thediplomatinspain.com\\\/en\\\/2025\\\/10\\\/22\\\/el-museo-de-america-inaugura-la-exposicion-oro-hoja-de-coca\\\/#breadcrumb\",\"itemListElement\":[{\"@type\":\"ListItem\",\"position\":1,\"name\":\"Portada\",\"item\":\"https:\\\/\\\/thediplomatinspain.com\\\/en\\\/\"},{\"@type\":\"ListItem\",\"position\":2,\"name\":\"The Museo de Am\u00e9rica inaugurates the exhibition \u2018Gold &#038; Coca Leaf&#8217;\"}]},{\"@type\":\"WebSite\",\"@id\":\"https:\\\/\\\/thediplomatinspain.com\\\/#website\",\"url\":\"https:\\\/\\\/thediplomatinspain.com\\\/\",\"name\":\"thediplomatinspain.com\",\"description\":\"Diario digital de referencia para diplom\u00e1ticos y empresas\",\"publisher\":{\"@id\":\"https:\\\/\\\/thediplomatinspain.com\\\/#organization\"},\"potentialAction\":[{\"@type\":\"SearchAction\",\"target\":{\"@type\":\"EntryPoint\",\"urlTemplate\":\"https:\\\/\\\/thediplomatinspain.com\\\/?s={search_term_string}\"},\"query-input\":{\"@type\":\"PropertyValueSpecification\",\"valueRequired\":true,\"valueName\":\"search_term_string\"}}],\"inLanguage\":\"en-US\"},{\"@type\":\"Organization\",\"@id\":\"https:\\\/\\\/thediplomatinspain.com\\\/#organization\",\"name\":\"thediplomatinspain.com\",\"url\":\"https:\\\/\\\/thediplomatinspain.com\\\/\",\"logo\":{\"@type\":\"ImageObject\",\"inLanguage\":\"en-US\",\"@id\":\"https:\\\/\\\/thediplomatinspain.com\\\/#\\\/schema\\\/logo\\\/image\\\/\",\"url\":\"https:\\\/\\\/thediplomatinspain.com\\\/wp-content\\\/uploads\\\/2024\\\/06\\\/logo_the_diplomat.png\",\"contentUrl\":\"https:\\\/\\\/thediplomatinspain.com\\\/wp-content\\\/uploads\\\/2024\\\/06\\\/logo_the_diplomat.png\",\"width\":284,\"height\":77,\"caption\":\"thediplomatinspain.com\"},\"image\":{\"@id\":\"https:\\\/\\\/thediplomatinspain.com\\\/#\\\/schema\\\/logo\\\/image\\\/\"},\"sameAs\":[\"https:\\\/\\\/www.facebook.com\\\/thediplomatinspain\",\"https:\\\/\\\/x.com\\\/diplomatinspain\",\"https:\\\/\\\/www.youtube.com\\\/channel\\\/UCK0mRqeeZDKdFeiFQZLcH2A\"]},{\"@type\":\"Person\",\"@id\":\"https:\\\/\\\/thediplomatinspain.com\\\/#\\\/schema\\\/person\\\/bc23729a451553cbb28c59ed696ced53\",\"name\":\"Juan David Latorre\",\"image\":{\"@type\":\"ImageObject\",\"inLanguage\":\"en-US\",\"@id\":\"https:\\\/\\\/secure.gravatar.com\\\/avatar\\\/2d39dcb59d17733b9ee745ca1ab1eeff6f72ef14623e21bb10f63bfb965c847a?s=96&d=mm&r=g\",\"url\":\"https:\\\/\\\/secure.gravatar.com\\\/avatar\\\/2d39dcb59d17733b9ee745ca1ab1eeff6f72ef14623e21bb10f63bfb965c847a?s=96&d=mm&r=g\",\"contentUrl\":\"https:\\\/\\\/secure.gravatar.com\\\/avatar\\\/2d39dcb59d17733b9ee745ca1ab1eeff6f72ef14623e21bb10f63bfb965c847a?s=96&d=mm&r=g\",\"caption\":\"Juan David Latorre\"},\"url\":\"https:\\\/\\\/thediplomatinspain.com\\\/en\\\/author\\\/jdlatorre\\\/\"},{\"@type\":[\"Organization\",\"NewsMediaOrganization\"],\"@id\":\"https:\\\/\\\/thediplomatinspain.com\\\/en\\\/#organization\"},{\"@type\":\"SiteNavigationElement\",\"@id\":\"https:\\\/\\\/thediplomatinspain.com\\\/en\\\/#site-navigation\",\"cssSelector\":[\".cib-main-menu\"]},{\"@type\":\"WPHeader\",\"@id\":\"https:\\\/\\\/thediplomatinspain.com\\\/en\\\/#header\",\"cssSelector\":[\".cib-header\"]},{\"@type\":\"WPFooter\",\"@id\":\"https:\\\/\\\/thediplomatinspain.com\\\/en\\\/#footer\",\"cssSelector\":[\".cib-footer\"]}]}<\/script>\n<!-- \/ Yoast SEO plugin. -->","yoast_head_json":{"title":"Museo de Am\u00e9rica inaugurates the exhibition \u2018Gold & Coca Leaf'","description":"Colombia presents the international tour Oro & Hoja de Coca: M\u00e1s all\u00e1 del pensamiento colonial y la estigmatizaci\u00f3n contempor\u00e1nea.","robots":{"index":"index","follow":"follow","max-snippet":"max-snippet:-1","max-image-preview":"max-image-preview:large","max-video-preview":"max-video-preview:-1"},"canonical":"https:\/\/thediplomatinspain.com\/en\/2025\/10\/22\/el-museo-de-america-inaugura-la-exposicion-oro-hoja-de-coca\/","og_locale":"en_US","og_type":"article","og_title":"Museo de Am\u00e9rica inaugurates the exhibition \u2018Gold & Coca Leaf'","og_description":"Colombia presents the international tour Oro & Hoja de Coca: M\u00e1s all\u00e1 del pensamiento colonial y la estigmatizaci\u00f3n contempor\u00e1nea.","og_url":"https:\/\/thediplomatinspain.com\/en\/2025\/10\/22\/el-museo-de-america-inaugura-la-exposicion-oro-hoja-de-coca\/","og_site_name":"thediplomatinspain.com","article_publisher":"https:\/\/www.facebook.com\/thediplomatinspain","article_published_time":"2025-10-22T04:00:28+00:00","og_image":[{"width":750,"height":429,"url":"https:\/\/thediplomatinspain.com\/wp-content\/uploads\/2025\/10\/OroCoca-ok.jpg","type":"image\/jpeg"}],"author":"Juan David Latorre","twitter_card":"summary_large_image","twitter_creator":"@diplomatinspain","twitter_site":"@diplomatinspain","twitter_misc":{"Written by":"Juan David Latorre","Est. reading time":"2 minutes"},"schema":{"@context":"https:\/\/schema.org","@graph":[{"@type":"Article","@id":"https:\/\/thediplomatinspain.com\/en\/2025\/10\/22\/el-museo-de-america-inaugura-la-exposicion-oro-hoja-de-coca\/#article","isPartOf":{"@id":"https:\/\/thediplomatinspain.com\/en\/2025\/10\/22\/el-museo-de-america-inaugura-la-exposicion-oro-hoja-de-coca\/"},"author":{"name":"Juan David Latorre","@id":"https:\/\/thediplomatinspain.com\/#\/schema\/person\/bc23729a451553cbb28c59ed696ced53"},"headline":"The Museo de Am\u00e9rica inaugurates the exhibition \u2018Gold &#038; Coca Leaf&#8217;","datePublished":"2025-10-22T04:00:28+00:00","mainEntityOfPage":{"@id":"https:\/\/thediplomatinspain.com\/en\/2025\/10\/22\/el-museo-de-america-inaugura-la-exposicion-oro-hoja-de-coca\/"},"wordCount":365,"publisher":{"@id":"https:\/\/thediplomatinspain.com\/#organization"},"image":{"@id":"https:\/\/thediplomatinspain.com\/en\/2025\/10\/22\/el-museo-de-america-inaugura-la-exposicion-oro-hoja-de-coca\/#primaryimage"},"thumbnailUrl":"https:\/\/thediplomatinspain.com\/wp-content\/uploads\/2025\/10\/OroCoca-ok.jpg","articleSection":["Culture &amp; Art","Leisure"],"inLanguage":"en-US"},{"@type":"WebPage","@id":"https:\/\/thediplomatinspain.com\/en\/2025\/10\/22\/el-museo-de-america-inaugura-la-exposicion-oro-hoja-de-coca\/","url":"https:\/\/thediplomatinspain.com\/en\/2025\/10\/22\/el-museo-de-america-inaugura-la-exposicion-oro-hoja-de-coca\/","name":"Museo de Am\u00e9rica inaugurates the exhibition \u2018Gold & Coca Leaf'","isPartOf":{"@id":"https:\/\/thediplomatinspain.com\/#website"},"primaryImageOfPage":{"@id":"https:\/\/thediplomatinspain.com\/en\/2025\/10\/22\/el-museo-de-america-inaugura-la-exposicion-oro-hoja-de-coca\/#primaryimage"},"image":{"@id":"https:\/\/thediplomatinspain.com\/en\/2025\/10\/22\/el-museo-de-america-inaugura-la-exposicion-oro-hoja-de-coca\/#primaryimage"},"thumbnailUrl":"https:\/\/thediplomatinspain.com\/wp-content\/uploads\/2025\/10\/OroCoca-ok.jpg","datePublished":"2025-10-22T04:00:28+00:00","description":"Colombia presents the international tour Oro & Hoja de Coca: M\u00e1s all\u00e1 del pensamiento colonial y la estigmatizaci\u00f3n contempor\u00e1nea.","breadcrumb":{"@id":"https:\/\/thediplomatinspain.com\/en\/2025\/10\/22\/el-museo-de-america-inaugura-la-exposicion-oro-hoja-de-coca\/#breadcrumb"},"inLanguage":"en-US","potentialAction":[{"@type":"ReadAction","target":["https:\/\/thediplomatinspain.com\/en\/2025\/10\/22\/el-museo-de-america-inaugura-la-exposicion-oro-hoja-de-coca\/"]}]},{"@type":"ImageObject","inLanguage":"en-US","@id":"https:\/\/thediplomatinspain.com\/en\/2025\/10\/22\/el-museo-de-america-inaugura-la-exposicion-oro-hoja-de-coca\/#primaryimage","url":"https:\/\/thediplomatinspain.com\/wp-content\/uploads\/2025\/10\/OroCoca-ok.jpg","contentUrl":"https:\/\/thediplomatinspain.com\/wp-content\/uploads\/2025\/10\/OroCoca-ok.jpg","width":750,"height":429},{"@type":"BreadcrumbList","@id":"https:\/\/thediplomatinspain.com\/en\/2025\/10\/22\/el-museo-de-america-inaugura-la-exposicion-oro-hoja-de-coca\/#breadcrumb","itemListElement":[{"@type":"ListItem","position":1,"name":"Portada","item":"https:\/\/thediplomatinspain.com\/en\/"},{"@type":"ListItem","position":2,"name":"The Museo de Am\u00e9rica inaugurates the exhibition \u2018Gold &#038; Coca Leaf&#8217;"}]},{"@type":"WebSite","@id":"https:\/\/thediplomatinspain.com\/#website","url":"https:\/\/thediplomatinspain.com\/","name":"thediplomatinspain.com","description":"Diario digital de referencia para diplom\u00e1ticos y empresas","publisher":{"@id":"https:\/\/thediplomatinspain.com\/#organization"},"potentialAction":[{"@type":"SearchAction","target":{"@type":"EntryPoint","urlTemplate":"https:\/\/thediplomatinspain.com\/?s={search_term_string}"},"query-input":{"@type":"PropertyValueSpecification","valueRequired":true,"valueName":"search_term_string"}}],"inLanguage":"en-US"},{"@type":"Organization","@id":"https:\/\/thediplomatinspain.com\/#organization","name":"thediplomatinspain.com","url":"https:\/\/thediplomatinspain.com\/","logo":{"@type":"ImageObject","inLanguage":"en-US","@id":"https:\/\/thediplomatinspain.com\/#\/schema\/logo\/image\/","url":"https:\/\/thediplomatinspain.com\/wp-content\/uploads\/2024\/06\/logo_the_diplomat.png","contentUrl":"https:\/\/thediplomatinspain.com\/wp-content\/uploads\/2024\/06\/logo_the_diplomat.png","width":284,"height":77,"caption":"thediplomatinspain.com"},"image":{"@id":"https:\/\/thediplomatinspain.com\/#\/schema\/logo\/image\/"},"sameAs":["https:\/\/www.facebook.com\/thediplomatinspain","https:\/\/x.com\/diplomatinspain","https:\/\/www.youtube.com\/channel\/UCK0mRqeeZDKdFeiFQZLcH2A"]},{"@type":"Person","@id":"https:\/\/thediplomatinspain.com\/#\/schema\/person\/bc23729a451553cbb28c59ed696ced53","name":"Juan David Latorre","image":{"@type":"ImageObject","inLanguage":"en-US","@id":"https:\/\/secure.gravatar.com\/avatar\/2d39dcb59d17733b9ee745ca1ab1eeff6f72ef14623e21bb10f63bfb965c847a?s=96&d=mm&r=g","url":"https:\/\/secure.gravatar.com\/avatar\/2d39dcb59d17733b9ee745ca1ab1eeff6f72ef14623e21bb10f63bfb965c847a?s=96&d=mm&r=g","contentUrl":"https:\/\/secure.gravatar.com\/avatar\/2d39dcb59d17733b9ee745ca1ab1eeff6f72ef14623e21bb10f63bfb965c847a?s=96&d=mm&r=g","caption":"Juan David Latorre"},"url":"https:\/\/thediplomatinspain.com\/en\/author\/jdlatorre\/"},{"@type":["Organization","NewsMediaOrganization"],"@id":"https:\/\/thediplomatinspain.com\/en\/#organization"},{"@type":"SiteNavigationElement","@id":"https:\/\/thediplomatinspain.com\/en\/#site-navigation","cssSelector":[".cib-main-menu"]},{"@type":"WPHeader","@id":"https:\/\/thediplomatinspain.com\/en\/#header","cssSelector":[".cib-header"]},{"@type":"WPFooter","@id":"https:\/\/thediplomatinspain.com\/en\/#footer","cssSelector":[".cib-footer"]}]}},"amp_enabled":true,"_links":{"self":[{"href":"https:\/\/thediplomatinspain.com\/en\/wp-json\/wp\/v2\/posts\/128381","targetHints":{"allow":["GET"]}}],"collection":[{"href":"https:\/\/thediplomatinspain.com\/en\/wp-json\/wp\/v2\/posts"}],"about":[{"href":"https:\/\/thediplomatinspain.com\/en\/wp-json\/wp\/v2\/types\/post"}],"author":[{"embeddable":true,"href":"https:\/\/thediplomatinspain.com\/en\/wp-json\/wp\/v2\/users\/204"}],"replies":[{"embeddable":true,"href":"https:\/\/thediplomatinspain.com\/en\/wp-json\/wp\/v2\/comments?post=128381"}],"version-history":[{"count":0,"href":"https:\/\/thediplomatinspain.com\/en\/wp-json\/wp\/v2\/posts\/128381\/revisions"}],"wp:featuredmedia":[{"embeddable":true,"href":"https:\/\/thediplomatinspain.com\/en\/wp-json\/wp\/v2\/media\/128379"}],"wp:attachment":[{"href":"https:\/\/thediplomatinspain.com\/en\/wp-json\/wp\/v2\/media?parent=128381"}],"wp:term":[{"taxonomy":"category","embeddable":true,"href":"https:\/\/thediplomatinspain.com\/en\/wp-json\/wp\/v2\/categories?post=128381"},{"taxonomy":"post_tag","embeddable":true,"href":"https:\/\/thediplomatinspain.com\/en\/wp-json\/wp\/v2\/tags?post=128381"}],"curies":[{"name":"wp","href":"https:\/\/api.w.org\/{rel}","templated":true}]}}