{"id":127962,"date":"2025-10-15T06:03:12","date_gmt":"2025-10-15T04:03:12","guid":{"rendered":"https:\/\/thediplomatinspain.com\/?p=127962"},"modified":"2025-10-14T18:06:52","modified_gmt":"2025-10-14T16:06:52","slug":"la-puerta-de-alcala-obtiene-el-maximo-reconocimiento-europeo-en-materia-de-patrimonio-cultural","status":"publish","type":"post","link":"https:\/\/thediplomatinspain.com\/en\/2025\/10\/15\/la-puerta-de-alcala-obtiene-el-maximo-reconocimiento-europeo-en-materia-de-patrimonio-cultural\/","title":{"rendered":"The Puerta de Alcal\u00e1 receives the highest European recognition in cultural heritage"},"content":{"rendered":"<h6><strong>Asela Pintado<\/strong><\/h6>\n<p><strong>The Puerta de Alcal\u00e1 has consolidated its position as a European benchmark in heritage conservation. The Mayor of Madrid, Jos\u00e9 Luis Mart\u00ednez-Almeida, received the European Heritage Award \/ Europa Nostra Award 2025 this Monday in Brussels, granted by the European Commission and Europa Nostra for the comprehensive restoration of Madrid&#8217;s iconic monument. This is the highest European recognition in cultural heritage.<\/strong><\/p>\n<p>Mart\u00ednez-Almeida dedicated the award &#8220;to all the professionals who have done a truly extraordinary job&#8221; and to the people of Madrid, &#8220;who feel this recognition as a gesture of affection for their city.&#8221; &#8220;The Puerta de Alcal\u00e1 is not just a monument,&#8221; he emphasized, &#8220;it is an icon and a symbol of Madrid.&#8221;<\/p>\n<h5><strong>Innovation and Citizen Participation<\/strong><\/h5>\n<p>Begun in 2022, the restoration has been recognized for combining traditional techniques with advanced scientific methods, becoming\u2014according to the jury\u2014&#8221;a new European benchmark in transparency, research, and civic engagement.&#8221; More than 12,000 people participated in the &#8220;Open for Restoration&#8221; program, which allowed them to access the scaffolding and learn about the conservation process firsthand.<\/p>\n<p>The project involved more than 100 specialists\u2014restorers, architects, engineers, historians, stonemasons, blacksmiths, and sculptors\u2014and employed everything from 3D laser scanners to laboratory studies of the original materials. In addition, environmental sensors were installed for continuous vibration and humidity monitoring, and an ecological protection system using raptor flights was installed to prevent biodeterioration.<\/p>\n","protected":false},"excerpt":{"rendered":"<p>Asela Pintado The Puerta de Alcal\u00e1 has consolidated its position as a European benchmark in heritage conservation. The Mayor of Madrid, Jos\u00e9 Luis Mart\u00ednez-Almeida, received the European Heritage Award \/ Europa Nostra Award 2025 this Monday in Brussels, granted by the European Commission and Europa Nostra for the comprehensive restoration of Madrid&#8217;s iconic monument. This [&hellip;]<\/p>\n","protected":false},"author":91,"featured_media":127959,"comment_status":"closed","ping_status":"open","sticky":false,"template":"","format":"standard","meta":{"jnews-multi-image_gallery":[],"jnews_single_post":null,"jnews_primary_category":[],"jnews_social_meta":[],"jnews_override_counter":{"view_counter_number":"0","share_counter_number":"0","like_counter_number":"0","dislike_counter_number":"0"},"jnews_post_split":{"post_split":[{"template":"1","tag":"h2","numbering":"asc","mode":"normal","first":"0","enable_toc":"0","toc_type":"normal"}]},"footnotes":""},"categories":[51,187],"tags":[],"class_list":["post-127962","post","type-post","status-publish","format-standard","has-post-thumbnail","hentry","category-breves","category-in-brief"],"yoast_head":"<!-- This site is optimized with the Yoast SEO plugin v27.4 - https:\/\/yoast.com\/product\/yoast-seo-wordpress\/ -->\n<title>La Puerta de Alcal\u00e1 obtiene el m\u00e1ximo reconocimiento europeo<\/title>\n<meta name=\"robots\" content=\"index, follow, max-snippet:-1, max-image-preview:large, max-video-preview:-1\" \/>\n<link rel=\"canonical\" href=\"https:\/\/aquieuropa.com\/la-puerta-de-alcala-simbolo-madrileno-premio-european-heritage-award-europa-nostra-award\/\" \/>\n<meta property=\"og:locale\" content=\"en_US\" \/>\n<meta property=\"og:type\" content=\"article\" \/>\n<meta property=\"og:title\" content=\"La Puerta de Alcal\u00e1 obtiene el m\u00e1ximo reconocimiento europeo\" \/>\n<meta property=\"og:description\" content=\"Asela Pintado The Puerta de Alcal\u00e1 has consolidated its position as a European benchmark in heritage conservation. The Mayor of Madrid, Jos\u00e9 Luis Mart\u00ednez-Almeida, received the European Heritage Award \/ Europa Nostra Award 2025 this Monday in Brussels, granted by the European Commission and Europa Nostra for the comprehensive restoration of Madrid&#8217;s iconic monument. This [&hellip;]\" \/>\n<meta property=\"og:url\" content=\"https:\/\/aquieuropa.com\/la-puerta-de-alcala-simbolo-madrileno-premio-european-heritage-award-europa-nostra-award\/\" \/>\n<meta property=\"og:site_name\" content=\"thediplomatinspain.com\" \/>\n<meta property=\"article:publisher\" content=\"https:\/\/www.facebook.com\/thediplomatinspain\" \/>\n<meta property=\"article:published_time\" content=\"2025-10-15T04:03:12+00:00\" \/>\n<meta property=\"og:image\" content=\"https:\/\/thediplomatinspain.com\/wp-content\/uploads\/2025\/10\/almeida-1140x570-1.jpg\" \/>\n\t<meta property=\"og:image:width\" content=\"1140\" \/>\n\t<meta property=\"og:image:height\" content=\"570\" \/>\n\t<meta property=\"og:image:type\" content=\"image\/jpeg\" \/>\n<meta name=\"author\" content=\"Eduardo Gonz\u00e1lez\" \/>\n<meta name=\"twitter:card\" content=\"summary_large_image\" \/>\n<meta name=\"twitter:creator\" content=\"@diplomatinspain\" \/>\n<meta name=\"twitter:site\" content=\"@diplomatinspain\" \/>\n<meta name=\"twitter:label1\" content=\"Written by\" \/>\n\t<meta name=\"twitter:data1\" content=\"Eduardo Gonz\u00e1lez\" \/>\n\t<meta name=\"twitter:label2\" content=\"Est. reading time\" \/>\n\t<meta name=\"twitter:data2\" content=\"2 minutes\" \/>\n<script type=\"application\/ld+json\" class=\"yoast-schema-graph\">{\"@context\":\"https:\\\/\\\/schema.org\",\"@graph\":[{\"@type\":\"Article\",\"@id\":\"https:\\\/\\\/aquieuropa.com\\\/la-puerta-de-alcala-simbolo-madrileno-premio-european-heritage-award-europa-nostra-award\\\/#article\",\"isPartOf\":{\"@id\":\"https:\\\/\\\/thediplomatinspain.com\\\/en\\\/2025\\\/10\\\/15\\\/la-puerta-de-alcala-obtiene-el-maximo-reconocimiento-europeo-en-materia-de-patrimonio-cultural\\\/\"},\"author\":{\"name\":\"Eduardo Gonz\u00e1lez\",\"@id\":\"https:\\\/\\\/thediplomatinspain.com\\\/#\\\/schema\\\/person\\\/3486da7260c1ed500a030f75a625d6ba\"},\"headline\":\"The Puerta de Alcal\u00e1 receives the highest European recognition in cultural heritage\",\"datePublished\":\"2025-10-15T04:03:12+00:00\",\"mainEntityOfPage\":{\"@id\":\"https:\\\/\\\/thediplomatinspain.com\\\/en\\\/2025\\\/10\\\/15\\\/la-puerta-de-alcala-obtiene-el-maximo-reconocimiento-europeo-en-materia-de-patrimonio-cultural\\\/\"},\"wordCount\":240,\"publisher\":{\"@id\":\"https:\\\/\\\/thediplomatinspain.com\\\/#organization\"},\"image\":{\"@id\":\"https:\\\/\\\/aquieuropa.com\\\/la-puerta-de-alcala-simbolo-madrileno-premio-european-heritage-award-europa-nostra-award\\\/#primaryimage\"},\"thumbnailUrl\":\"https:\\\/\\\/thediplomatinspain.com\\\/wp-content\\\/uploads\\\/2025\\\/10\\\/almeida-1140x570-1.jpg\",\"articleSection\":[\"Breves\",\"In brief\"],\"inLanguage\":\"en-US\"},{\"@type\":\"WebPage\",\"@id\":\"https:\\\/\\\/thediplomatinspain.com\\\/en\\\/2025\\\/10\\\/15\\\/la-puerta-de-alcala-obtiene-el-maximo-reconocimiento-europeo-en-materia-de-patrimonio-cultural\\\/\",\"url\":\"https:\\\/\\\/aquieuropa.com\\\/la-puerta-de-alcala-simbolo-madrileno-premio-european-heritage-award-europa-nostra-award\\\/\",\"name\":\"La Puerta de Alcal\u00e1 obtiene el m\u00e1ximo reconocimiento europeo\",\"isPartOf\":{\"@id\":\"https:\\\/\\\/thediplomatinspain.com\\\/#website\"},\"primaryImageOfPage\":{\"@id\":\"https:\\\/\\\/aquieuropa.com\\\/la-puerta-de-alcala-simbolo-madrileno-premio-european-heritage-award-europa-nostra-award\\\/#primaryimage\"},\"image\":{\"@id\":\"https:\\\/\\\/aquieuropa.com\\\/la-puerta-de-alcala-simbolo-madrileno-premio-european-heritage-award-europa-nostra-award\\\/#primaryimage\"},\"thumbnailUrl\":\"https:\\\/\\\/thediplomatinspain.com\\\/wp-content\\\/uploads\\\/2025\\\/10\\\/almeida-1140x570-1.jpg\",\"datePublished\":\"2025-10-15T04:03:12+00:00\",\"breadcrumb\":{\"@id\":\"https:\\\/\\\/aquieuropa.com\\\/la-puerta-de-alcala-simbolo-madrileno-premio-european-heritage-award-europa-nostra-award\\\/#breadcrumb\"},\"inLanguage\":\"en-US\",\"potentialAction\":[{\"@type\":\"ReadAction\",\"target\":[\"https:\\\/\\\/aquieuropa.com\\\/la-puerta-de-alcala-simbolo-madrileno-premio-european-heritage-award-europa-nostra-award\\\/\"]}]},{\"@type\":\"ImageObject\",\"inLanguage\":\"en-US\",\"@id\":\"https:\\\/\\\/aquieuropa.com\\\/la-puerta-de-alcala-simbolo-madrileno-premio-european-heritage-award-europa-nostra-award\\\/#primaryimage\",\"url\":\"https:\\\/\\\/thediplomatinspain.com\\\/wp-content\\\/uploads\\\/2025\\\/10\\\/almeida-1140x570-1.jpg\",\"contentUrl\":\"https:\\\/\\\/thediplomatinspain.com\\\/wp-content\\\/uploads\\\/2025\\\/10\\\/almeida-1140x570-1.jpg\",\"width\":1140,\"height\":570},{\"@type\":\"BreadcrumbList\",\"@id\":\"https:\\\/\\\/aquieuropa.com\\\/la-puerta-de-alcala-simbolo-madrileno-premio-european-heritage-award-europa-nostra-award\\\/#breadcrumb\",\"itemListElement\":[{\"@type\":\"ListItem\",\"position\":1,\"name\":\"Portada\",\"item\":\"https:\\\/\\\/thediplomatinspain.com\\\/en\\\/\"},{\"@type\":\"ListItem\",\"position\":2,\"name\":\"The Puerta de Alcal\u00e1 receives the highest European recognition in cultural heritage\"}]},{\"@type\":\"WebSite\",\"@id\":\"https:\\\/\\\/thediplomatinspain.com\\\/#website\",\"url\":\"https:\\\/\\\/thediplomatinspain.com\\\/\",\"name\":\"thediplomatinspain.com\",\"description\":\"Diario digital de referencia para diplom\u00e1ticos y empresas\",\"publisher\":{\"@id\":\"https:\\\/\\\/thediplomatinspain.com\\\/#organization\"},\"potentialAction\":[{\"@type\":\"SearchAction\",\"target\":{\"@type\":\"EntryPoint\",\"urlTemplate\":\"https:\\\/\\\/thediplomatinspain.com\\\/?s={search_term_string}\"},\"query-input\":{\"@type\":\"PropertyValueSpecification\",\"valueRequired\":true,\"valueName\":\"search_term_string\"}}],\"inLanguage\":\"en-US\"},{\"@type\":\"Organization\",\"@id\":\"https:\\\/\\\/thediplomatinspain.com\\\/#organization\",\"name\":\"thediplomatinspain.com\",\"url\":\"https:\\\/\\\/thediplomatinspain.com\\\/\",\"logo\":{\"@type\":\"ImageObject\",\"inLanguage\":\"en-US\",\"@id\":\"https:\\\/\\\/thediplomatinspain.com\\\/#\\\/schema\\\/logo\\\/image\\\/\",\"url\":\"https:\\\/\\\/thediplomatinspain.com\\\/wp-content\\\/uploads\\\/2024\\\/06\\\/logo_the_diplomat.png\",\"contentUrl\":\"https:\\\/\\\/thediplomatinspain.com\\\/wp-content\\\/uploads\\\/2024\\\/06\\\/logo_the_diplomat.png\",\"width\":284,\"height\":77,\"caption\":\"thediplomatinspain.com\"},\"image\":{\"@id\":\"https:\\\/\\\/thediplomatinspain.com\\\/#\\\/schema\\\/logo\\\/image\\\/\"},\"sameAs\":[\"https:\\\/\\\/www.facebook.com\\\/thediplomatinspain\",\"https:\\\/\\\/x.com\\\/diplomatinspain\",\"https:\\\/\\\/www.youtube.com\\\/channel\\\/UCK0mRqeeZDKdFeiFQZLcH2A\"]},{\"@type\":\"Person\",\"@id\":\"https:\\\/\\\/thediplomatinspain.com\\\/#\\\/schema\\\/person\\\/3486da7260c1ed500a030f75a625d6ba\",\"name\":\"Eduardo Gonz\u00e1lez\",\"image\":{\"@type\":\"ImageObject\",\"inLanguage\":\"en-US\",\"@id\":\"https:\\\/\\\/secure.gravatar.com\\\/avatar\\\/41aa213a3496a9a5a774a70b1b4ba9e94809b2de60529fc9e3ad010c61022c9f?s=96&d=mm&r=g\",\"url\":\"https:\\\/\\\/secure.gravatar.com\\\/avatar\\\/41aa213a3496a9a5a774a70b1b4ba9e94809b2de60529fc9e3ad010c61022c9f?s=96&d=mm&r=g\",\"contentUrl\":\"https:\\\/\\\/secure.gravatar.com\\\/avatar\\\/41aa213a3496a9a5a774a70b1b4ba9e94809b2de60529fc9e3ad010c61022c9f?s=96&d=mm&r=g\",\"caption\":\"Eduardo Gonz\u00e1lez\"},\"url\":\"https:\\\/\\\/thediplomatinspain.com\\\/en\\\/author\\\/egonzalez\\\/\"},{\"@type\":[\"Organization\",\"NewsMediaOrganization\"],\"@id\":\"https:\\\/\\\/thediplomatinspain.com\\\/en\\\/#organization\"},{\"@type\":\"SiteNavigationElement\",\"@id\":\"https:\\\/\\\/thediplomatinspain.com\\\/en\\\/#site-navigation\",\"cssSelector\":[\".cib-main-menu\"]},{\"@type\":\"WPHeader\",\"@id\":\"https:\\\/\\\/thediplomatinspain.com\\\/en\\\/#header\",\"cssSelector\":[\".cib-header\"]},{\"@type\":\"WPFooter\",\"@id\":\"https:\\\/\\\/thediplomatinspain.com\\\/en\\\/#footer\",\"cssSelector\":[\".cib-footer\"]}]}<\/script>\n<!-- \/ Yoast SEO plugin. -->","yoast_head_json":{"title":"La Puerta de Alcal\u00e1 obtiene el m\u00e1ximo reconocimiento europeo","robots":{"index":"index","follow":"follow","max-snippet":"max-snippet:-1","max-image-preview":"max-image-preview:large","max-video-preview":"max-video-preview:-1"},"canonical":"https:\/\/aquieuropa.com\/la-puerta-de-alcala-simbolo-madrileno-premio-european-heritage-award-europa-nostra-award\/","og_locale":"en_US","og_type":"article","og_title":"La Puerta de Alcal\u00e1 obtiene el m\u00e1ximo reconocimiento europeo","og_description":"Asela Pintado The Puerta de Alcal\u00e1 has consolidated its position as a European benchmark in heritage conservation. The Mayor of Madrid, Jos\u00e9 Luis Mart\u00ednez-Almeida, received the European Heritage Award \/ Europa Nostra Award 2025 this Monday in Brussels, granted by the European Commission and Europa Nostra for the comprehensive restoration of Madrid&#8217;s iconic monument. This [&hellip;]","og_url":"https:\/\/aquieuropa.com\/la-puerta-de-alcala-simbolo-madrileno-premio-european-heritage-award-europa-nostra-award\/","og_site_name":"thediplomatinspain.com","article_publisher":"https:\/\/www.facebook.com\/thediplomatinspain","article_published_time":"2025-10-15T04:03:12+00:00","og_image":[{"width":1140,"height":570,"url":"https:\/\/thediplomatinspain.com\/wp-content\/uploads\/2025\/10\/almeida-1140x570-1.jpg","type":"image\/jpeg"}],"author":"Eduardo Gonz\u00e1lez","twitter_card":"summary_large_image","twitter_creator":"@diplomatinspain","twitter_site":"@diplomatinspain","twitter_misc":{"Written by":"Eduardo Gonz\u00e1lez","Est. reading time":"2 minutes"},"schema":{"@context":"https:\/\/schema.org","@graph":[{"@type":"Article","@id":"https:\/\/aquieuropa.com\/la-puerta-de-alcala-simbolo-madrileno-premio-european-heritage-award-europa-nostra-award\/#article","isPartOf":{"@id":"https:\/\/thediplomatinspain.com\/en\/2025\/10\/15\/la-puerta-de-alcala-obtiene-el-maximo-reconocimiento-europeo-en-materia-de-patrimonio-cultural\/"},"author":{"name":"Eduardo Gonz\u00e1lez","@id":"https:\/\/thediplomatinspain.com\/#\/schema\/person\/3486da7260c1ed500a030f75a625d6ba"},"headline":"The Puerta de Alcal\u00e1 receives the highest European recognition in cultural heritage","datePublished":"2025-10-15T04:03:12+00:00","mainEntityOfPage":{"@id":"https:\/\/thediplomatinspain.com\/en\/2025\/10\/15\/la-puerta-de-alcala-obtiene-el-maximo-reconocimiento-europeo-en-materia-de-patrimonio-cultural\/"},"wordCount":240,"publisher":{"@id":"https:\/\/thediplomatinspain.com\/#organization"},"image":{"@id":"https:\/\/aquieuropa.com\/la-puerta-de-alcala-simbolo-madrileno-premio-european-heritage-award-europa-nostra-award\/#primaryimage"},"thumbnailUrl":"https:\/\/thediplomatinspain.com\/wp-content\/uploads\/2025\/10\/almeida-1140x570-1.jpg","articleSection":["Breves","In brief"],"inLanguage":"en-US"},{"@type":"WebPage","@id":"https:\/\/thediplomatinspain.com\/en\/2025\/10\/15\/la-puerta-de-alcala-obtiene-el-maximo-reconocimiento-europeo-en-materia-de-patrimonio-cultural\/","url":"https:\/\/aquieuropa.com\/la-puerta-de-alcala-simbolo-madrileno-premio-european-heritage-award-europa-nostra-award\/","name":"La Puerta de Alcal\u00e1 obtiene el m\u00e1ximo reconocimiento europeo","isPartOf":{"@id":"https:\/\/thediplomatinspain.com\/#website"},"primaryImageOfPage":{"@id":"https:\/\/aquieuropa.com\/la-puerta-de-alcala-simbolo-madrileno-premio-european-heritage-award-europa-nostra-award\/#primaryimage"},"image":{"@id":"https:\/\/aquieuropa.com\/la-puerta-de-alcala-simbolo-madrileno-premio-european-heritage-award-europa-nostra-award\/#primaryimage"},"thumbnailUrl":"https:\/\/thediplomatinspain.com\/wp-content\/uploads\/2025\/10\/almeida-1140x570-1.jpg","datePublished":"2025-10-15T04:03:12+00:00","breadcrumb":{"@id":"https:\/\/aquieuropa.com\/la-puerta-de-alcala-simbolo-madrileno-premio-european-heritage-award-europa-nostra-award\/#breadcrumb"},"inLanguage":"en-US","potentialAction":[{"@type":"ReadAction","target":["https:\/\/aquieuropa.com\/la-puerta-de-alcala-simbolo-madrileno-premio-european-heritage-award-europa-nostra-award\/"]}]},{"@type":"ImageObject","inLanguage":"en-US","@id":"https:\/\/aquieuropa.com\/la-puerta-de-alcala-simbolo-madrileno-premio-european-heritage-award-europa-nostra-award\/#primaryimage","url":"https:\/\/thediplomatinspain.com\/wp-content\/uploads\/2025\/10\/almeida-1140x570-1.jpg","contentUrl":"https:\/\/thediplomatinspain.com\/wp-content\/uploads\/2025\/10\/almeida-1140x570-1.jpg","width":1140,"height":570},{"@type":"BreadcrumbList","@id":"https:\/\/aquieuropa.com\/la-puerta-de-alcala-simbolo-madrileno-premio-european-heritage-award-europa-nostra-award\/#breadcrumb","itemListElement":[{"@type":"ListItem","position":1,"name":"Portada","item":"https:\/\/thediplomatinspain.com\/en\/"},{"@type":"ListItem","position":2,"name":"The Puerta de Alcal\u00e1 receives the highest European recognition in cultural heritage"}]},{"@type":"WebSite","@id":"https:\/\/thediplomatinspain.com\/#website","url":"https:\/\/thediplomatinspain.com\/","name":"thediplomatinspain.com","description":"Diario digital de referencia para diplom\u00e1ticos y empresas","publisher":{"@id":"https:\/\/thediplomatinspain.com\/#organization"},"potentialAction":[{"@type":"SearchAction","target":{"@type":"EntryPoint","urlTemplate":"https:\/\/thediplomatinspain.com\/?s={search_term_string}"},"query-input":{"@type":"PropertyValueSpecification","valueRequired":true,"valueName":"search_term_string"}}],"inLanguage":"en-US"},{"@type":"Organization","@id":"https:\/\/thediplomatinspain.com\/#organization","name":"thediplomatinspain.com","url":"https:\/\/thediplomatinspain.com\/","logo":{"@type":"ImageObject","inLanguage":"en-US","@id":"https:\/\/thediplomatinspain.com\/#\/schema\/logo\/image\/","url":"https:\/\/thediplomatinspain.com\/wp-content\/uploads\/2024\/06\/logo_the_diplomat.png","contentUrl":"https:\/\/thediplomatinspain.com\/wp-content\/uploads\/2024\/06\/logo_the_diplomat.png","width":284,"height":77,"caption":"thediplomatinspain.com"},"image":{"@id":"https:\/\/thediplomatinspain.com\/#\/schema\/logo\/image\/"},"sameAs":["https:\/\/www.facebook.com\/thediplomatinspain","https:\/\/x.com\/diplomatinspain","https:\/\/www.youtube.com\/channel\/UCK0mRqeeZDKdFeiFQZLcH2A"]},{"@type":"Person","@id":"https:\/\/thediplomatinspain.com\/#\/schema\/person\/3486da7260c1ed500a030f75a625d6ba","name":"Eduardo Gonz\u00e1lez","image":{"@type":"ImageObject","inLanguage":"en-US","@id":"https:\/\/secure.gravatar.com\/avatar\/41aa213a3496a9a5a774a70b1b4ba9e94809b2de60529fc9e3ad010c61022c9f?s=96&d=mm&r=g","url":"https:\/\/secure.gravatar.com\/avatar\/41aa213a3496a9a5a774a70b1b4ba9e94809b2de60529fc9e3ad010c61022c9f?s=96&d=mm&r=g","contentUrl":"https:\/\/secure.gravatar.com\/avatar\/41aa213a3496a9a5a774a70b1b4ba9e94809b2de60529fc9e3ad010c61022c9f?s=96&d=mm&r=g","caption":"Eduardo Gonz\u00e1lez"},"url":"https:\/\/thediplomatinspain.com\/en\/author\/egonzalez\/"},{"@type":["Organization","NewsMediaOrganization"],"@id":"https:\/\/thediplomatinspain.com\/en\/#organization"},{"@type":"SiteNavigationElement","@id":"https:\/\/thediplomatinspain.com\/en\/#site-navigation","cssSelector":[".cib-main-menu"]},{"@type":"WPHeader","@id":"https:\/\/thediplomatinspain.com\/en\/#header","cssSelector":[".cib-header"]},{"@type":"WPFooter","@id":"https:\/\/thediplomatinspain.com\/en\/#footer","cssSelector":[".cib-footer"]}]}},"amp_enabled":true,"_links":{"self":[{"href":"https:\/\/thediplomatinspain.com\/en\/wp-json\/wp\/v2\/posts\/127962","targetHints":{"allow":["GET"]}}],"collection":[{"href":"https:\/\/thediplomatinspain.com\/en\/wp-json\/wp\/v2\/posts"}],"about":[{"href":"https:\/\/thediplomatinspain.com\/en\/wp-json\/wp\/v2\/types\/post"}],"author":[{"embeddable":true,"href":"https:\/\/thediplomatinspain.com\/en\/wp-json\/wp\/v2\/users\/91"}],"replies":[{"embeddable":true,"href":"https:\/\/thediplomatinspain.com\/en\/wp-json\/wp\/v2\/comments?post=127962"}],"version-history":[{"count":0,"href":"https:\/\/thediplomatinspain.com\/en\/wp-json\/wp\/v2\/posts\/127962\/revisions"}],"wp:featuredmedia":[{"embeddable":true,"href":"https:\/\/thediplomatinspain.com\/en\/wp-json\/wp\/v2\/media\/127959"}],"wp:attachment":[{"href":"https:\/\/thediplomatinspain.com\/en\/wp-json\/wp\/v2\/media?parent=127962"}],"wp:term":[{"taxonomy":"category","embeddable":true,"href":"https:\/\/thediplomatinspain.com\/en\/wp-json\/wp\/v2\/categories?post=127962"},{"taxonomy":"post_tag","embeddable":true,"href":"https:\/\/thediplomatinspain.com\/en\/wp-json\/wp\/v2\/tags?post=127962"}],"curies":[{"name":"wp","href":"https:\/\/api.w.org\/{rel}","templated":true}]}}