{"id":127946,"date":"2025-10-15T06:00:57","date_gmt":"2025-10-15T04:00:57","guid":{"rendered":"https:\/\/thediplomatinspain.com\/?p=127946"},"modified":"2025-10-14T17:18:04","modified_gmt":"2025-10-14T15:18:04","slug":"el-desdichado-amor-del-fuhrer-de-jean-noel-orengo","status":"publish","type":"post","link":"https:\/\/thediplomatinspain.com\/en\/2025\/10\/15\/el-desdichado-amor-del-fuhrer-de-jean-noel-orengo\/","title":{"rendered":"\u2018The wretched love of the F\u00fchrer&#8217;, by Jean-No\u00ebl Orengo"},"content":{"rendered":"<p>&nbsp;<\/p>\n<p>Author: <strong>Jean-No\u00ebl Orengo.<\/strong><\/p>\n<p>&nbsp;<\/p>\n<p><img decoding=\"async\" class=\"wp-image-127941 alignright\" src=\"https:\/\/thediplomatinspain.com\/wp-content\/uploads\/2025\/10\/El-desdichado-amor-del-Fuhrer.jpg\" alt=\"\" width=\"236\" height=\"355\" srcset=\"https:\/\/thediplomatinspain.com\/wp-content\/uploads\/2025\/10\/El-desdichado-amor-del-Fuhrer.jpg 552w, https:\/\/thediplomatinspain.com\/wp-content\/uploads\/2025\/10\/El-desdichado-amor-del-Fuhrer-199x300.jpg 199w\" sizes=\"(max-width: 236px) 100vw, 236px\" \/><\/p>\n<p>The writer <strong>Jean-No\u00ebl Orengo<\/strong> presents this afternoon at 7 pm in the Mediatheque of the <strong>Instituto Franc\u00e9s<\/strong> his book <strong><em>The wretched love of the F\u00fchrer.<\/em><\/strong> Admission is free with prior reservation at this <a href=\"https:\/\/www.institutfrancais.es\/madrid\/evento\/encuentro-literario-el-desdichado-amor-del-fuhrer-de-jean-noel-orengo\/\"><strong>link.<\/strong><\/a><\/p>\n<p>&nbsp;<\/p>\n<p>Halfway between essay, historical novel and political analysis, this work disturbs by its topicality and offers an unprecedented look at Albert Speer, architect and later minister of armaments of the Third Reich, whose figure continues to fascinate historians all over the world.<\/p>\n<p>&nbsp;<\/p>\n<p>Year 1969, Albert Speer, Hitler\u2019s favorite architect and weapons minister, publishes his <em>Memoirs.<\/em> By reviewing his past, from his sets for the Nazi congresses to the fall of the Reich, he is putting an end to his definitive metamorphosis, the same one that allowed him to save his head in the Nuremberg trials and which will now make him the star of German guilt. After stating that he had never heard of the Final Solution, he pleads &#8220;responsible but not guilty&#8221;. Even if historians succeed in proving that he has lied, it is his version of himself that will prevail from now on.<\/p>\n<p>&nbsp;<\/p>\n<p>In times of fake news and the war of stories, Orengo offers a novel about one of the greatest lies in history. Tracing the scenes of Speer\u2019s life, questioning its plausibility, illuminating certain dark aspects, going beyond where he stops and summoning some key characters from the post-war period-in particular, the historian Gitta Sereny, the author offers a dizzying image of the man whom one of his collaborators came to define as follows: &#8220;Do you know what you are? You are the wretched love of the F\u00fchrer&#8221;.<\/p>\n<p>&nbsp;<\/p>\n<p>Jean-No\u00ebl Orengo, pictured, (born 1978 in Paris) is a writer and film critic. Known for interweaving historical fiction and philosophical reflection, his first novel, <em>La Fleur du Capital <\/em>(2015), was a finalist for the prestigious Goncourt Prize and received the Sade Prize. <em>The wretched love of the F\u00fchrer<\/em> (2023) was also a finalist for the Goncourt Prize. His work combines intellectual rigor with immersive literary narrative, consolidating it as one of the most innovative voices of contemporary literature in France.<\/p>\n<p>&nbsp;<\/p>\n<p><strong>Pages:<\/strong> 344<br \/>\n<strong>Publisher: <\/strong>Adn Editorial Grupo Anaya<br \/>\n<strong>Binding:<\/strong> Soft cover<br \/>\n<strong>ISBN:<\/strong> 9791387596170<br \/>\n<strong>RPP:<\/strong> 19,90 euros<\/p>\n<p>&nbsp;<\/p>\n<p>&nbsp;<\/p>\n","protected":false},"excerpt":{"rendered":"<p>The writer Jean-No\u00ebl Orengo presents this afternoon in the Mediatheque of the Instituto Franc\u00e9s his book The wretched love of the F\u00fchrer.<\/p>\n","protected":false},"author":204,"featured_media":127944,"comment_status":"closed","ping_status":"open","sticky":false,"template":"","format":"standard","meta":{"jnews-multi-image_gallery":[],"jnews_single_post":null,"jnews_primary_category":[],"jnews_social_meta":[],"jnews_override_counter":{"view_counter_number":"0","share_counter_number":"0","like_counter_number":"0","dislike_counter_number":"0"},"jnews_post_split":{"post_split":[{"template":"1","tag":"h2","numbering":"asc","mode":"normal","first":"0","enable_toc":"0","toc_type":"normal"}]},"footnotes":""},"categories":[195,176,199],"tags":[],"class_list":["post-127946","post","type-post","status-publish","format-standard","has-post-thumbnail","hentry","category-books","category-leisure","category-libros-en"],"yoast_head":"<!-- This site is optimized with the Yoast SEO plugin v27.4 - https:\/\/yoast.com\/product\/yoast-seo-wordpress\/ -->\n<title>\u2018The wretched love of the F\u00fchrer&#039;, by Jean-No\u00ebl Orengo<\/title>\n<meta name=\"description\" content=\"The writer Jean-No\u00ebl Orengo presents this afternoon in the Mediatheque of the Instituto Franc\u00e9s his book The wretched love of the F\u00fchrer.\" \/>\n<meta name=\"robots\" content=\"index, follow, max-snippet:-1, max-image-preview:large, max-video-preview:-1\" \/>\n<link rel=\"canonical\" href=\"https:\/\/thediplomatinspain.com\/en\/2025\/10\/15\/el-desdichado-amor-del-fuhrer-de-jean-noel-orengo\/\" \/>\n<meta property=\"og:locale\" content=\"en_US\" \/>\n<meta property=\"og:type\" content=\"article\" \/>\n<meta property=\"og:title\" content=\"\u2018The wretched love of the F\u00fchrer&#039;, by Jean-No\u00ebl Orengo\" \/>\n<meta property=\"og:description\" content=\"The writer Jean-No\u00ebl Orengo presents this afternoon in the Mediatheque of the Instituto Franc\u00e9s his book The wretched love of the F\u00fchrer.\" \/>\n<meta property=\"og:url\" content=\"https:\/\/thediplomatinspain.com\/en\/2025\/10\/15\/el-desdichado-amor-del-fuhrer-de-jean-noel-orengo\/\" \/>\n<meta property=\"og:site_name\" content=\"thediplomatinspain.com\" \/>\n<meta property=\"article:publisher\" content=\"https:\/\/www.facebook.com\/thediplomatinspain\" \/>\n<meta property=\"article:published_time\" content=\"2025-10-15T04:00:57+00:00\" \/>\n<meta property=\"og:image\" content=\"https:\/\/thediplomatinspain.com\/wp-content\/uploads\/2025\/10\/JEAN-NOEL-ORENGO-Amor-del-Fuhrer-ok.jpg\" \/>\n\t<meta property=\"og:image:width\" content=\"750\" \/>\n\t<meta property=\"og:image:height\" content=\"402\" \/>\n\t<meta property=\"og:image:type\" content=\"image\/jpeg\" \/>\n<meta name=\"author\" content=\"Juan David Latorre\" \/>\n<meta name=\"twitter:card\" content=\"summary_large_image\" \/>\n<meta name=\"twitter:creator\" content=\"@diplomatinspain\" \/>\n<meta name=\"twitter:site\" content=\"@diplomatinspain\" \/>\n<meta name=\"twitter:label1\" content=\"Written by\" \/>\n\t<meta name=\"twitter:data1\" content=\"Juan David Latorre\" \/>\n\t<meta name=\"twitter:label2\" content=\"Est. reading time\" \/>\n\t<meta name=\"twitter:data2\" content=\"3 minutes\" \/>\n<script type=\"application\/ld+json\" class=\"yoast-schema-graph\">{\"@context\":\"https:\\\/\\\/schema.org\",\"@graph\":[{\"@type\":\"Article\",\"@id\":\"https:\\\/\\\/thediplomatinspain.com\\\/en\\\/2025\\\/10\\\/15\\\/el-desdichado-amor-del-fuhrer-de-jean-noel-orengo\\\/#article\",\"isPartOf\":{\"@id\":\"https:\\\/\\\/thediplomatinspain.com\\\/en\\\/2025\\\/10\\\/15\\\/el-desdichado-amor-del-fuhrer-de-jean-noel-orengo\\\/\"},\"author\":{\"name\":\"Juan David Latorre\",\"@id\":\"https:\\\/\\\/thediplomatinspain.com\\\/#\\\/schema\\\/person\\\/bc23729a451553cbb28c59ed696ced53\"},\"headline\":\"\u2018The wretched love of the F\u00fchrer&#8217;, by Jean-No\u00ebl Orengo\",\"datePublished\":\"2025-10-15T04:00:57+00:00\",\"mainEntityOfPage\":{\"@id\":\"https:\\\/\\\/thediplomatinspain.com\\\/en\\\/2025\\\/10\\\/15\\\/el-desdichado-amor-del-fuhrer-de-jean-noel-orengo\\\/\"},\"wordCount\":385,\"publisher\":{\"@id\":\"https:\\\/\\\/thediplomatinspain.com\\\/#organization\"},\"image\":{\"@id\":\"https:\\\/\\\/thediplomatinspain.com\\\/en\\\/2025\\\/10\\\/15\\\/el-desdichado-amor-del-fuhrer-de-jean-noel-orengo\\\/#primaryimage\"},\"thumbnailUrl\":\"https:\\\/\\\/thediplomatinspain.com\\\/wp-content\\\/uploads\\\/2025\\\/10\\\/JEAN-NOEL-ORENGO-Amor-del-Fuhrer-ok.jpg\",\"articleSection\":[\"Books\",\"Leisure\",\"Libros\"],\"inLanguage\":\"en-US\"},{\"@type\":\"WebPage\",\"@id\":\"https:\\\/\\\/thediplomatinspain.com\\\/en\\\/2025\\\/10\\\/15\\\/el-desdichado-amor-del-fuhrer-de-jean-noel-orengo\\\/\",\"url\":\"https:\\\/\\\/thediplomatinspain.com\\\/en\\\/2025\\\/10\\\/15\\\/el-desdichado-amor-del-fuhrer-de-jean-noel-orengo\\\/\",\"name\":\"\u2018The wretched love of the F\u00fchrer', by Jean-No\u00ebl Orengo\",\"isPartOf\":{\"@id\":\"https:\\\/\\\/thediplomatinspain.com\\\/#website\"},\"primaryImageOfPage\":{\"@id\":\"https:\\\/\\\/thediplomatinspain.com\\\/en\\\/2025\\\/10\\\/15\\\/el-desdichado-amor-del-fuhrer-de-jean-noel-orengo\\\/#primaryimage\"},\"image\":{\"@id\":\"https:\\\/\\\/thediplomatinspain.com\\\/en\\\/2025\\\/10\\\/15\\\/el-desdichado-amor-del-fuhrer-de-jean-noel-orengo\\\/#primaryimage\"},\"thumbnailUrl\":\"https:\\\/\\\/thediplomatinspain.com\\\/wp-content\\\/uploads\\\/2025\\\/10\\\/JEAN-NOEL-ORENGO-Amor-del-Fuhrer-ok.jpg\",\"datePublished\":\"2025-10-15T04:00:57+00:00\",\"description\":\"The writer Jean-No\u00ebl Orengo presents this afternoon in the Mediatheque of the Instituto Franc\u00e9s his book The wretched love of the F\u00fchrer.\",\"breadcrumb\":{\"@id\":\"https:\\\/\\\/thediplomatinspain.com\\\/en\\\/2025\\\/10\\\/15\\\/el-desdichado-amor-del-fuhrer-de-jean-noel-orengo\\\/#breadcrumb\"},\"inLanguage\":\"en-US\",\"potentialAction\":[{\"@type\":\"ReadAction\",\"target\":[\"https:\\\/\\\/thediplomatinspain.com\\\/en\\\/2025\\\/10\\\/15\\\/el-desdichado-amor-del-fuhrer-de-jean-noel-orengo\\\/\"]}]},{\"@type\":\"ImageObject\",\"inLanguage\":\"en-US\",\"@id\":\"https:\\\/\\\/thediplomatinspain.com\\\/en\\\/2025\\\/10\\\/15\\\/el-desdichado-amor-del-fuhrer-de-jean-noel-orengo\\\/#primaryimage\",\"url\":\"https:\\\/\\\/thediplomatinspain.com\\\/wp-content\\\/uploads\\\/2025\\\/10\\\/JEAN-NOEL-ORENGO-Amor-del-Fuhrer-ok.jpg\",\"contentUrl\":\"https:\\\/\\\/thediplomatinspain.com\\\/wp-content\\\/uploads\\\/2025\\\/10\\\/JEAN-NOEL-ORENGO-Amor-del-Fuhrer-ok.jpg\",\"width\":750,\"height\":402},{\"@type\":\"BreadcrumbList\",\"@id\":\"https:\\\/\\\/thediplomatinspain.com\\\/en\\\/2025\\\/10\\\/15\\\/el-desdichado-amor-del-fuhrer-de-jean-noel-orengo\\\/#breadcrumb\",\"itemListElement\":[{\"@type\":\"ListItem\",\"position\":1,\"name\":\"Portada\",\"item\":\"https:\\\/\\\/thediplomatinspain.com\\\/en\\\/\"},{\"@type\":\"ListItem\",\"position\":2,\"name\":\"\u2018The wretched love of the F\u00fchrer&#8217;, by Jean-No\u00ebl Orengo\"}]},{\"@type\":\"WebSite\",\"@id\":\"https:\\\/\\\/thediplomatinspain.com\\\/#website\",\"url\":\"https:\\\/\\\/thediplomatinspain.com\\\/\",\"name\":\"thediplomatinspain.com\",\"description\":\"Diario digital de referencia para diplom\u00e1ticos y empresas\",\"publisher\":{\"@id\":\"https:\\\/\\\/thediplomatinspain.com\\\/#organization\"},\"potentialAction\":[{\"@type\":\"SearchAction\",\"target\":{\"@type\":\"EntryPoint\",\"urlTemplate\":\"https:\\\/\\\/thediplomatinspain.com\\\/?s={search_term_string}\"},\"query-input\":{\"@type\":\"PropertyValueSpecification\",\"valueRequired\":true,\"valueName\":\"search_term_string\"}}],\"inLanguage\":\"en-US\"},{\"@type\":\"Organization\",\"@id\":\"https:\\\/\\\/thediplomatinspain.com\\\/#organization\",\"name\":\"thediplomatinspain.com\",\"url\":\"https:\\\/\\\/thediplomatinspain.com\\\/\",\"logo\":{\"@type\":\"ImageObject\",\"inLanguage\":\"en-US\",\"@id\":\"https:\\\/\\\/thediplomatinspain.com\\\/#\\\/schema\\\/logo\\\/image\\\/\",\"url\":\"https:\\\/\\\/thediplomatinspain.com\\\/wp-content\\\/uploads\\\/2024\\\/06\\\/logo_the_diplomat.png\",\"contentUrl\":\"https:\\\/\\\/thediplomatinspain.com\\\/wp-content\\\/uploads\\\/2024\\\/06\\\/logo_the_diplomat.png\",\"width\":284,\"height\":77,\"caption\":\"thediplomatinspain.com\"},\"image\":{\"@id\":\"https:\\\/\\\/thediplomatinspain.com\\\/#\\\/schema\\\/logo\\\/image\\\/\"},\"sameAs\":[\"https:\\\/\\\/www.facebook.com\\\/thediplomatinspain\",\"https:\\\/\\\/x.com\\\/diplomatinspain\",\"https:\\\/\\\/www.youtube.com\\\/channel\\\/UCK0mRqeeZDKdFeiFQZLcH2A\"]},{\"@type\":\"Person\",\"@id\":\"https:\\\/\\\/thediplomatinspain.com\\\/#\\\/schema\\\/person\\\/bc23729a451553cbb28c59ed696ced53\",\"name\":\"Juan David Latorre\",\"image\":{\"@type\":\"ImageObject\",\"inLanguage\":\"en-US\",\"@id\":\"https:\\\/\\\/secure.gravatar.com\\\/avatar\\\/2d39dcb59d17733b9ee745ca1ab1eeff6f72ef14623e21bb10f63bfb965c847a?s=96&d=mm&r=g\",\"url\":\"https:\\\/\\\/secure.gravatar.com\\\/avatar\\\/2d39dcb59d17733b9ee745ca1ab1eeff6f72ef14623e21bb10f63bfb965c847a?s=96&d=mm&r=g\",\"contentUrl\":\"https:\\\/\\\/secure.gravatar.com\\\/avatar\\\/2d39dcb59d17733b9ee745ca1ab1eeff6f72ef14623e21bb10f63bfb965c847a?s=96&d=mm&r=g\",\"caption\":\"Juan David Latorre\"},\"url\":\"https:\\\/\\\/thediplomatinspain.com\\\/en\\\/author\\\/jdlatorre\\\/\"},{\"@type\":[\"Organization\",\"NewsMediaOrganization\"],\"@id\":\"https:\\\/\\\/thediplomatinspain.com\\\/en\\\/#organization\"},{\"@type\":\"SiteNavigationElement\",\"@id\":\"https:\\\/\\\/thediplomatinspain.com\\\/en\\\/#site-navigation\",\"cssSelector\":[\".cib-main-menu\"]},{\"@type\":\"WPHeader\",\"@id\":\"https:\\\/\\\/thediplomatinspain.com\\\/en\\\/#header\",\"cssSelector\":[\".cib-header\"]},{\"@type\":\"WPFooter\",\"@id\":\"https:\\\/\\\/thediplomatinspain.com\\\/en\\\/#footer\",\"cssSelector\":[\".cib-footer\"]}]}<\/script>\n<!-- \/ Yoast SEO plugin. -->","yoast_head_json":{"title":"\u2018The wretched love of the F\u00fchrer', by Jean-No\u00ebl Orengo","description":"The writer Jean-No\u00ebl Orengo presents this afternoon in the Mediatheque of the Instituto Franc\u00e9s his book The wretched love of the F\u00fchrer.","robots":{"index":"index","follow":"follow","max-snippet":"max-snippet:-1","max-image-preview":"max-image-preview:large","max-video-preview":"max-video-preview:-1"},"canonical":"https:\/\/thediplomatinspain.com\/en\/2025\/10\/15\/el-desdichado-amor-del-fuhrer-de-jean-noel-orengo\/","og_locale":"en_US","og_type":"article","og_title":"\u2018The wretched love of the F\u00fchrer', by Jean-No\u00ebl Orengo","og_description":"The writer Jean-No\u00ebl Orengo presents this afternoon in the Mediatheque of the Instituto Franc\u00e9s his book The wretched love of the F\u00fchrer.","og_url":"https:\/\/thediplomatinspain.com\/en\/2025\/10\/15\/el-desdichado-amor-del-fuhrer-de-jean-noel-orengo\/","og_site_name":"thediplomatinspain.com","article_publisher":"https:\/\/www.facebook.com\/thediplomatinspain","article_published_time":"2025-10-15T04:00:57+00:00","og_image":[{"width":750,"height":402,"url":"https:\/\/thediplomatinspain.com\/wp-content\/uploads\/2025\/10\/JEAN-NOEL-ORENGO-Amor-del-Fuhrer-ok.jpg","type":"image\/jpeg"}],"author":"Juan David Latorre","twitter_card":"summary_large_image","twitter_creator":"@diplomatinspain","twitter_site":"@diplomatinspain","twitter_misc":{"Written by":"Juan David Latorre","Est. reading time":"3 minutes"},"schema":{"@context":"https:\/\/schema.org","@graph":[{"@type":"Article","@id":"https:\/\/thediplomatinspain.com\/en\/2025\/10\/15\/el-desdichado-amor-del-fuhrer-de-jean-noel-orengo\/#article","isPartOf":{"@id":"https:\/\/thediplomatinspain.com\/en\/2025\/10\/15\/el-desdichado-amor-del-fuhrer-de-jean-noel-orengo\/"},"author":{"name":"Juan David Latorre","@id":"https:\/\/thediplomatinspain.com\/#\/schema\/person\/bc23729a451553cbb28c59ed696ced53"},"headline":"\u2018The wretched love of the F\u00fchrer&#8217;, by Jean-No\u00ebl Orengo","datePublished":"2025-10-15T04:00:57+00:00","mainEntityOfPage":{"@id":"https:\/\/thediplomatinspain.com\/en\/2025\/10\/15\/el-desdichado-amor-del-fuhrer-de-jean-noel-orengo\/"},"wordCount":385,"publisher":{"@id":"https:\/\/thediplomatinspain.com\/#organization"},"image":{"@id":"https:\/\/thediplomatinspain.com\/en\/2025\/10\/15\/el-desdichado-amor-del-fuhrer-de-jean-noel-orengo\/#primaryimage"},"thumbnailUrl":"https:\/\/thediplomatinspain.com\/wp-content\/uploads\/2025\/10\/JEAN-NOEL-ORENGO-Amor-del-Fuhrer-ok.jpg","articleSection":["Books","Leisure","Libros"],"inLanguage":"en-US"},{"@type":"WebPage","@id":"https:\/\/thediplomatinspain.com\/en\/2025\/10\/15\/el-desdichado-amor-del-fuhrer-de-jean-noel-orengo\/","url":"https:\/\/thediplomatinspain.com\/en\/2025\/10\/15\/el-desdichado-amor-del-fuhrer-de-jean-noel-orengo\/","name":"\u2018The wretched love of the F\u00fchrer', by Jean-No\u00ebl Orengo","isPartOf":{"@id":"https:\/\/thediplomatinspain.com\/#website"},"primaryImageOfPage":{"@id":"https:\/\/thediplomatinspain.com\/en\/2025\/10\/15\/el-desdichado-amor-del-fuhrer-de-jean-noel-orengo\/#primaryimage"},"image":{"@id":"https:\/\/thediplomatinspain.com\/en\/2025\/10\/15\/el-desdichado-amor-del-fuhrer-de-jean-noel-orengo\/#primaryimage"},"thumbnailUrl":"https:\/\/thediplomatinspain.com\/wp-content\/uploads\/2025\/10\/JEAN-NOEL-ORENGO-Amor-del-Fuhrer-ok.jpg","datePublished":"2025-10-15T04:00:57+00:00","description":"The writer Jean-No\u00ebl Orengo presents this afternoon in the Mediatheque of the Instituto Franc\u00e9s his book The wretched love of the F\u00fchrer.","breadcrumb":{"@id":"https:\/\/thediplomatinspain.com\/en\/2025\/10\/15\/el-desdichado-amor-del-fuhrer-de-jean-noel-orengo\/#breadcrumb"},"inLanguage":"en-US","potentialAction":[{"@type":"ReadAction","target":["https:\/\/thediplomatinspain.com\/en\/2025\/10\/15\/el-desdichado-amor-del-fuhrer-de-jean-noel-orengo\/"]}]},{"@type":"ImageObject","inLanguage":"en-US","@id":"https:\/\/thediplomatinspain.com\/en\/2025\/10\/15\/el-desdichado-amor-del-fuhrer-de-jean-noel-orengo\/#primaryimage","url":"https:\/\/thediplomatinspain.com\/wp-content\/uploads\/2025\/10\/JEAN-NOEL-ORENGO-Amor-del-Fuhrer-ok.jpg","contentUrl":"https:\/\/thediplomatinspain.com\/wp-content\/uploads\/2025\/10\/JEAN-NOEL-ORENGO-Amor-del-Fuhrer-ok.jpg","width":750,"height":402},{"@type":"BreadcrumbList","@id":"https:\/\/thediplomatinspain.com\/en\/2025\/10\/15\/el-desdichado-amor-del-fuhrer-de-jean-noel-orengo\/#breadcrumb","itemListElement":[{"@type":"ListItem","position":1,"name":"Portada","item":"https:\/\/thediplomatinspain.com\/en\/"},{"@type":"ListItem","position":2,"name":"\u2018The wretched love of the F\u00fchrer&#8217;, by Jean-No\u00ebl Orengo"}]},{"@type":"WebSite","@id":"https:\/\/thediplomatinspain.com\/#website","url":"https:\/\/thediplomatinspain.com\/","name":"thediplomatinspain.com","description":"Diario digital de referencia para diplom\u00e1ticos y empresas","publisher":{"@id":"https:\/\/thediplomatinspain.com\/#organization"},"potentialAction":[{"@type":"SearchAction","target":{"@type":"EntryPoint","urlTemplate":"https:\/\/thediplomatinspain.com\/?s={search_term_string}"},"query-input":{"@type":"PropertyValueSpecification","valueRequired":true,"valueName":"search_term_string"}}],"inLanguage":"en-US"},{"@type":"Organization","@id":"https:\/\/thediplomatinspain.com\/#organization","name":"thediplomatinspain.com","url":"https:\/\/thediplomatinspain.com\/","logo":{"@type":"ImageObject","inLanguage":"en-US","@id":"https:\/\/thediplomatinspain.com\/#\/schema\/logo\/image\/","url":"https:\/\/thediplomatinspain.com\/wp-content\/uploads\/2024\/06\/logo_the_diplomat.png","contentUrl":"https:\/\/thediplomatinspain.com\/wp-content\/uploads\/2024\/06\/logo_the_diplomat.png","width":284,"height":77,"caption":"thediplomatinspain.com"},"image":{"@id":"https:\/\/thediplomatinspain.com\/#\/schema\/logo\/image\/"},"sameAs":["https:\/\/www.facebook.com\/thediplomatinspain","https:\/\/x.com\/diplomatinspain","https:\/\/www.youtube.com\/channel\/UCK0mRqeeZDKdFeiFQZLcH2A"]},{"@type":"Person","@id":"https:\/\/thediplomatinspain.com\/#\/schema\/person\/bc23729a451553cbb28c59ed696ced53","name":"Juan David Latorre","image":{"@type":"ImageObject","inLanguage":"en-US","@id":"https:\/\/secure.gravatar.com\/avatar\/2d39dcb59d17733b9ee745ca1ab1eeff6f72ef14623e21bb10f63bfb965c847a?s=96&d=mm&r=g","url":"https:\/\/secure.gravatar.com\/avatar\/2d39dcb59d17733b9ee745ca1ab1eeff6f72ef14623e21bb10f63bfb965c847a?s=96&d=mm&r=g","contentUrl":"https:\/\/secure.gravatar.com\/avatar\/2d39dcb59d17733b9ee745ca1ab1eeff6f72ef14623e21bb10f63bfb965c847a?s=96&d=mm&r=g","caption":"Juan David Latorre"},"url":"https:\/\/thediplomatinspain.com\/en\/author\/jdlatorre\/"},{"@type":["Organization","NewsMediaOrganization"],"@id":"https:\/\/thediplomatinspain.com\/en\/#organization"},{"@type":"SiteNavigationElement","@id":"https:\/\/thediplomatinspain.com\/en\/#site-navigation","cssSelector":[".cib-main-menu"]},{"@type":"WPHeader","@id":"https:\/\/thediplomatinspain.com\/en\/#header","cssSelector":[".cib-header"]},{"@type":"WPFooter","@id":"https:\/\/thediplomatinspain.com\/en\/#footer","cssSelector":[".cib-footer"]}]}},"amp_enabled":true,"_links":{"self":[{"href":"https:\/\/thediplomatinspain.com\/en\/wp-json\/wp\/v2\/posts\/127946","targetHints":{"allow":["GET"]}}],"collection":[{"href":"https:\/\/thediplomatinspain.com\/en\/wp-json\/wp\/v2\/posts"}],"about":[{"href":"https:\/\/thediplomatinspain.com\/en\/wp-json\/wp\/v2\/types\/post"}],"author":[{"embeddable":true,"href":"https:\/\/thediplomatinspain.com\/en\/wp-json\/wp\/v2\/users\/204"}],"replies":[{"embeddable":true,"href":"https:\/\/thediplomatinspain.com\/en\/wp-json\/wp\/v2\/comments?post=127946"}],"version-history":[{"count":0,"href":"https:\/\/thediplomatinspain.com\/en\/wp-json\/wp\/v2\/posts\/127946\/revisions"}],"wp:featuredmedia":[{"embeddable":true,"href":"https:\/\/thediplomatinspain.com\/en\/wp-json\/wp\/v2\/media\/127944"}],"wp:attachment":[{"href":"https:\/\/thediplomatinspain.com\/en\/wp-json\/wp\/v2\/media?parent=127946"}],"wp:term":[{"taxonomy":"category","embeddable":true,"href":"https:\/\/thediplomatinspain.com\/en\/wp-json\/wp\/v2\/categories?post=127946"},{"taxonomy":"post_tag","embeddable":true,"href":"https:\/\/thediplomatinspain.com\/en\/wp-json\/wp\/v2\/tags?post=127946"}],"curies":[{"name":"wp","href":"https:\/\/api.w.org\/{rel}","templated":true}]}}