{"id":127908,"date":"2025-10-14T14:08:46","date_gmt":"2025-10-14T12:08:46","guid":{"rendered":"https:\/\/thediplomatinspain.com\/2025\/10\/14\/el-congreso-de-la-lengua-en-arequipa-alerta-contra-la-pandemia-de-las-fake-news\/"},"modified":"2025-10-14T14:14:01","modified_gmt":"2025-10-14T12:14:01","slug":"the-arequipa-language-congress-warns-against-the-pandemic-of-fake-news","status":"publish","type":"post","link":"https:\/\/thediplomatinspain.com\/en\/2025\/10\/14\/the-arequipa-language-congress-warns-against-the-pandemic-of-fake-news\/","title":{"rendered":"The Arequipa Language Congress warns against the &#8220;pandemic&#8221; of &#8220;fake news&#8221;"},"content":{"rendered":"<h6><strong>The Diplomat<\/strong><\/h6>\n<h4><strong>The 10th International Congress of the Spanish Language (CILE) in Arequipa kicked off this Monday, October 13, with the roundtable &#8220;Fake News. The Power of Lies.&#8221; Participants warned about the proliferation of fake news, the spread of which is equivalent to &#8220;facing a pandemic.&#8221;<\/strong><\/h4>\n<p>The Cervantes Institute, in collaboration with the Ministry of Foreign Affairs, organized this discussion at the Mario Vargas Llosa Regional Library. Participants included the director of the Cervantes Institute, Luis Garc\u00eda Montero; journalist Pepa Bueno; journalist and CEO of Prodigios Volc\u00e1n, Mar\u00eda Moya; and journalist Juan Aurelio Ar\u00e9valo Mir\u00f3-Quesada. The panel was moderated by literary critic Jordi Gracia and the director of Culture at the Cervantes Institute, Raquel Caleya.<\/p>\n<p>The director of the Cervantes Institute focused on a new way of communicating, in which technology &#8220;can turn anything into news because you see it with your own eyes.&#8221; &#8220;This substitution of reality for virtual reality affects something fundamental in journalism, because reporting is not the same as communicating,&#8221; warned Garc\u00eda Montero, for whom &#8220;we must flee from dogmas and continue to seek reasons to defend our own values.&#8221;<\/p>\n<p>In this sense, he also warned about hoaxes, citing a report from the United States that found that of the nearly 10,000 advertisements by US President Donald Trump, 76% were false. &#8220;There are many hoaxes, and they all multiply due to a new way of communicating, but we must also consider that they invite us to establish a relationship and a way of thinking about the truth,&#8221; he warned.<\/p>\n<p>For her part, RTVE journalist Pepa Bueno recalled that lies &#8220;have always existed,&#8221; only now the novelty is &#8220;the ability to be shared globally.&#8221; \u201cThe consensus on reality has been broken, and there is also a breakdown in the shared world, which endangers both democracy and journalism,\u201d she stated.<\/p>\n<p>Literary critic Jordi Gracia highlighted the \u201cbreakneck speed\u201d of change that is achieving \u201cthe spread of lies and the entrenchment of lies without shame.\u201d \u201cMy impression is that there is a planned, very conscious, militant campaign to undermine the survival of democracy in any country,\u201d he warned.<\/p>\n<p>The 10th International Congress of the Spanish Language (CILE) will be held from October 14 to 17 in Arequipa, Peru, with a program that includes a tribute to Nobel Prize winner Mario Vargas Llosa (Arequipa, 1936 \u2013 Lima, 2025) and focuses on topics such as fake news, clear language, and populism.<\/p>\n<p>Under the theme &#8220;Major Challenges of the Spanish Language: Mestizaje and Interculturality, Clear and Accessible Language, Digital Cultures, and Artificial Intelligence,&#8221; this event is being held for the first time in Peru. Arequipa is the city where Vargas Llosa, winner of the 2010 Nobel Prize in Literature, was born in 1936. He is a member of the RAE (Royal Academy of Spanish Language), and also a member of the Peruvian Academy of Language (APL) and the Acad\u00e9mie Fran\u00e7aise.<\/p>\n<p>&nbsp;<\/p>\n","protected":false},"excerpt":{"rendered":"<p>The 10th International Congress of the Spanish Language (CILE) in Arequipa kicked off this Monday, October 13, with the roundtable <\/p>\n","protected":false},"author":369,"featured_media":127906,"comment_status":"closed","ping_status":"open","sticky":false,"template":"","format":"standard","meta":{"jnews-multi-image_gallery":[],"jnews_single_post":null,"jnews_primary_category":[],"jnews_social_meta":[],"jnews_override_counter":{"view_counter_number":"0","share_counter_number":"0","like_counter_number":"0","dislike_counter_number":"0"},"jnews_post_split":{"post_split":[{"template":"1","tag":"h2","numbering":"asc","mode":"normal","first":"0","enable_toc":"0","toc_type":"normal"}]},"footnotes":""},"categories":[182,161],"tags":[],"class_list":["post-127908","post","type-post","status-publish","format-standard","has-post-thumbnail","hentry","category-subscribers","category-world"],"yoast_head":"<!-- This site is optimized with the Yoast SEO plugin v27.4 - https:\/\/yoast.com\/product\/yoast-seo-wordpress\/ -->\n<title>The Arequipa Language Congress warns against &quot;fake news&quot;<\/title>\n<meta name=\"description\" content=\"The Congress of the Spanish Language in Arequipa kicked off this Monday, October 13, with the roundtable &quot;Fake News. The Power of Lies.&quot;\" \/>\n<meta name=\"robots\" content=\"index, follow, max-snippet:-1, max-image-preview:large, max-video-preview:-1\" \/>\n<link rel=\"canonical\" href=\"https:\/\/thediplomatinspain.com\/en\/2025\/10\/14\/the-arequipa-language-congress-warns-against-the-pandemic-of-fake-news\/\" \/>\n<meta property=\"og:locale\" content=\"en_US\" \/>\n<meta property=\"og:type\" content=\"article\" \/>\n<meta property=\"og:title\" content=\"The Arequipa Language Congress warns against &quot;fake news&quot;\" \/>\n<meta property=\"og:description\" content=\"The Congress of the Spanish Language in Arequipa kicked off this Monday, October 13, with the roundtable &quot;Fake News. The Power of Lies.&quot;\" \/>\n<meta property=\"og:url\" content=\"https:\/\/thediplomatinspain.com\/en\/2025\/10\/14\/the-arequipa-language-congress-warns-against-the-pandemic-of-fake-news\/\" \/>\n<meta property=\"og:site_name\" content=\"thediplomatinspain.com\" \/>\n<meta property=\"article:publisher\" content=\"https:\/\/www.facebook.com\/thediplomatinspain\" \/>\n<meta property=\"article:published_time\" content=\"2025-10-14T12:08:46+00:00\" \/>\n<meta property=\"article:modified_time\" content=\"2025-10-14T12:14:01+00:00\" \/>\n<meta property=\"og:image\" content=\"https:\/\/thediplomatinspain.com\/wp-content\/uploads\/2025\/10\/Cervantes-Fake.jpg\" \/>\n\t<meta property=\"og:image:width\" content=\"750\" \/>\n\t<meta property=\"og:image:height\" content=\"422\" \/>\n\t<meta property=\"og:image:type\" content=\"image\/jpeg\" \/>\n<meta name=\"author\" content=\"Redacci\u00f3n The Diplomat\" \/>\n<meta name=\"twitter:card\" content=\"summary_large_image\" \/>\n<meta name=\"twitter:creator\" content=\"@diplomatinspain\" \/>\n<meta name=\"twitter:site\" content=\"@diplomatinspain\" \/>\n<meta name=\"twitter:label1\" content=\"Written by\" \/>\n\t<meta name=\"twitter:data1\" content=\"Redacci\u00f3n The Diplomat\" \/>\n\t<meta name=\"twitter:label2\" content=\"Est. reading time\" \/>\n\t<meta name=\"twitter:data2\" content=\"3 minutes\" \/>\n<script type=\"application\/ld+json\" class=\"yoast-schema-graph\">{\"@context\":\"https:\\\/\\\/schema.org\",\"@graph\":[{\"@type\":\"Article\",\"@id\":\"https:\\\/\\\/thediplomatinspain.com\\\/en\\\/2025\\\/10\\\/14\\\/the-arequipa-language-congress-warns-against-the-pandemic-of-fake-news\\\/#article\",\"isPartOf\":{\"@id\":\"https:\\\/\\\/thediplomatinspain.com\\\/en\\\/2025\\\/10\\\/14\\\/the-arequipa-language-congress-warns-against-the-pandemic-of-fake-news\\\/\"},\"author\":{\"name\":\"Redacci\u00f3n The Diplomat\",\"@id\":\"https:\\\/\\\/thediplomatinspain.com\\\/#\\\/schema\\\/person\\\/88127b252815559774673b8cce560c21\"},\"headline\":\"The Arequipa Language Congress warns against the &#8220;pandemic&#8221; of &#8220;fake news&#8221;\",\"datePublished\":\"2025-10-14T12:08:46+00:00\",\"dateModified\":\"2025-10-14T12:14:01+00:00\",\"mainEntityOfPage\":{\"@id\":\"https:\\\/\\\/thediplomatinspain.com\\\/en\\\/2025\\\/10\\\/14\\\/the-arequipa-language-congress-warns-against-the-pandemic-of-fake-news\\\/\"},\"wordCount\":488,\"publisher\":{\"@id\":\"https:\\\/\\\/thediplomatinspain.com\\\/#organization\"},\"image\":{\"@id\":\"https:\\\/\\\/thediplomatinspain.com\\\/en\\\/2025\\\/10\\\/14\\\/the-arequipa-language-congress-warns-against-the-pandemic-of-fake-news\\\/#primaryimage\"},\"thumbnailUrl\":\"https:\\\/\\\/thediplomatinspain.com\\\/wp-content\\\/uploads\\\/2025\\\/10\\\/Cervantes-Fake.jpg\",\"articleSection\":[\"Subscribers\",\"World\"],\"inLanguage\":\"en-US\"},{\"@type\":\"WebPage\",\"@id\":\"https:\\\/\\\/thediplomatinspain.com\\\/en\\\/2025\\\/10\\\/14\\\/the-arequipa-language-congress-warns-against-the-pandemic-of-fake-news\\\/\",\"url\":\"https:\\\/\\\/thediplomatinspain.com\\\/en\\\/2025\\\/10\\\/14\\\/the-arequipa-language-congress-warns-against-the-pandemic-of-fake-news\\\/\",\"name\":\"The Arequipa Language Congress warns against \\\"fake news\\\"\",\"isPartOf\":{\"@id\":\"https:\\\/\\\/thediplomatinspain.com\\\/#website\"},\"primaryImageOfPage\":{\"@id\":\"https:\\\/\\\/thediplomatinspain.com\\\/en\\\/2025\\\/10\\\/14\\\/the-arequipa-language-congress-warns-against-the-pandemic-of-fake-news\\\/#primaryimage\"},\"image\":{\"@id\":\"https:\\\/\\\/thediplomatinspain.com\\\/en\\\/2025\\\/10\\\/14\\\/the-arequipa-language-congress-warns-against-the-pandemic-of-fake-news\\\/#primaryimage\"},\"thumbnailUrl\":\"https:\\\/\\\/thediplomatinspain.com\\\/wp-content\\\/uploads\\\/2025\\\/10\\\/Cervantes-Fake.jpg\",\"datePublished\":\"2025-10-14T12:08:46+00:00\",\"dateModified\":\"2025-10-14T12:14:01+00:00\",\"description\":\"The Congress of the Spanish Language in Arequipa kicked off this Monday, October 13, with the roundtable \\\"Fake News. The Power of Lies.\\\"\",\"breadcrumb\":{\"@id\":\"https:\\\/\\\/thediplomatinspain.com\\\/en\\\/2025\\\/10\\\/14\\\/the-arequipa-language-congress-warns-against-the-pandemic-of-fake-news\\\/#breadcrumb\"},\"inLanguage\":\"en-US\",\"potentialAction\":[{\"@type\":\"ReadAction\",\"target\":[\"https:\\\/\\\/thediplomatinspain.com\\\/en\\\/2025\\\/10\\\/14\\\/the-arequipa-language-congress-warns-against-the-pandemic-of-fake-news\\\/\"]}]},{\"@type\":\"ImageObject\",\"inLanguage\":\"en-US\",\"@id\":\"https:\\\/\\\/thediplomatinspain.com\\\/en\\\/2025\\\/10\\\/14\\\/the-arequipa-language-congress-warns-against-the-pandemic-of-fake-news\\\/#primaryimage\",\"url\":\"https:\\\/\\\/thediplomatinspain.com\\\/wp-content\\\/uploads\\\/2025\\\/10\\\/Cervantes-Fake.jpg\",\"contentUrl\":\"https:\\\/\\\/thediplomatinspain.com\\\/wp-content\\\/uploads\\\/2025\\\/10\\\/Cervantes-Fake.jpg\",\"width\":750,\"height\":422,\"caption\":\"The roundtable participants. \\\/ Photo: Instituto Cervantes \\\/ Alejandro Cana\"},{\"@type\":\"BreadcrumbList\",\"@id\":\"https:\\\/\\\/thediplomatinspain.com\\\/en\\\/2025\\\/10\\\/14\\\/the-arequipa-language-congress-warns-against-the-pandemic-of-fake-news\\\/#breadcrumb\",\"itemListElement\":[{\"@type\":\"ListItem\",\"position\":1,\"name\":\"Portada\",\"item\":\"https:\\\/\\\/thediplomatinspain.com\\\/en\\\/\"},{\"@type\":\"ListItem\",\"position\":2,\"name\":\"The Arequipa Language Congress warns against the &#8220;pandemic&#8221; of &#8220;fake news&#8221;\"}]},{\"@type\":\"WebSite\",\"@id\":\"https:\\\/\\\/thediplomatinspain.com\\\/#website\",\"url\":\"https:\\\/\\\/thediplomatinspain.com\\\/\",\"name\":\"thediplomatinspain.com\",\"description\":\"Diario digital de referencia para diplom\u00e1ticos y empresas\",\"publisher\":{\"@id\":\"https:\\\/\\\/thediplomatinspain.com\\\/#organization\"},\"potentialAction\":[{\"@type\":\"SearchAction\",\"target\":{\"@type\":\"EntryPoint\",\"urlTemplate\":\"https:\\\/\\\/thediplomatinspain.com\\\/?s={search_term_string}\"},\"query-input\":{\"@type\":\"PropertyValueSpecification\",\"valueRequired\":true,\"valueName\":\"search_term_string\"}}],\"inLanguage\":\"en-US\"},{\"@type\":\"Organization\",\"@id\":\"https:\\\/\\\/thediplomatinspain.com\\\/#organization\",\"name\":\"thediplomatinspain.com\",\"url\":\"https:\\\/\\\/thediplomatinspain.com\\\/\",\"logo\":{\"@type\":\"ImageObject\",\"inLanguage\":\"en-US\",\"@id\":\"https:\\\/\\\/thediplomatinspain.com\\\/#\\\/schema\\\/logo\\\/image\\\/\",\"url\":\"https:\\\/\\\/thediplomatinspain.com\\\/wp-content\\\/uploads\\\/2024\\\/06\\\/logo_the_diplomat.png\",\"contentUrl\":\"https:\\\/\\\/thediplomatinspain.com\\\/wp-content\\\/uploads\\\/2024\\\/06\\\/logo_the_diplomat.png\",\"width\":284,\"height\":77,\"caption\":\"thediplomatinspain.com\"},\"image\":{\"@id\":\"https:\\\/\\\/thediplomatinspain.com\\\/#\\\/schema\\\/logo\\\/image\\\/\"},\"sameAs\":[\"https:\\\/\\\/www.facebook.com\\\/thediplomatinspain\",\"https:\\\/\\\/x.com\\\/diplomatinspain\",\"https:\\\/\\\/www.youtube.com\\\/channel\\\/UCK0mRqeeZDKdFeiFQZLcH2A\"]},{\"@type\":\"Person\",\"@id\":\"https:\\\/\\\/thediplomatinspain.com\\\/#\\\/schema\\\/person\\\/88127b252815559774673b8cce560c21\",\"name\":\"Redacci\u00f3n The Diplomat\",\"image\":{\"@type\":\"ImageObject\",\"inLanguage\":\"en-US\",\"@id\":\"https:\\\/\\\/secure.gravatar.com\\\/avatar\\\/e52c4c4b39aa657f32517ef54bb4078fd3286e83820d836ee3e67c927fa86b6f?s=96&d=mm&r=g\",\"url\":\"https:\\\/\\\/secure.gravatar.com\\\/avatar\\\/e52c4c4b39aa657f32517ef54bb4078fd3286e83820d836ee3e67c927fa86b6f?s=96&d=mm&r=g\",\"contentUrl\":\"https:\\\/\\\/secure.gravatar.com\\\/avatar\\\/e52c4c4b39aa657f32517ef54bb4078fd3286e83820d836ee3e67c927fa86b6f?s=96&d=mm&r=g\",\"caption\":\"Redacci\u00f3n The Diplomat\"},\"url\":\"https:\\\/\\\/thediplomatinspain.com\\\/en\\\/author\\\/redaccion-thediplomat\\\/\"},{\"@type\":[\"Organization\",\"NewsMediaOrganization\"],\"@id\":\"https:\\\/\\\/thediplomatinspain.com\\\/en\\\/#organization\"},{\"@type\":\"SiteNavigationElement\",\"@id\":\"https:\\\/\\\/thediplomatinspain.com\\\/en\\\/#site-navigation\",\"cssSelector\":[\".cib-main-menu\"]},{\"@type\":\"WPHeader\",\"@id\":\"https:\\\/\\\/thediplomatinspain.com\\\/en\\\/#header\",\"cssSelector\":[\".cib-header\"]},{\"@type\":\"WPFooter\",\"@id\":\"https:\\\/\\\/thediplomatinspain.com\\\/en\\\/#footer\",\"cssSelector\":[\".cib-footer\"]}]}<\/script>\n<!-- \/ Yoast SEO plugin. -->","yoast_head_json":{"title":"The Arequipa Language Congress warns against \"fake news\"","description":"The Congress of the Spanish Language in Arequipa kicked off this Monday, October 13, with the roundtable \"Fake News. The Power of Lies.\"","robots":{"index":"index","follow":"follow","max-snippet":"max-snippet:-1","max-image-preview":"max-image-preview:large","max-video-preview":"max-video-preview:-1"},"canonical":"https:\/\/thediplomatinspain.com\/en\/2025\/10\/14\/the-arequipa-language-congress-warns-against-the-pandemic-of-fake-news\/","og_locale":"en_US","og_type":"article","og_title":"The Arequipa Language Congress warns against \"fake news\"","og_description":"The Congress of the Spanish Language in Arequipa kicked off this Monday, October 13, with the roundtable \"Fake News. The Power of Lies.\"","og_url":"https:\/\/thediplomatinspain.com\/en\/2025\/10\/14\/the-arequipa-language-congress-warns-against-the-pandemic-of-fake-news\/","og_site_name":"thediplomatinspain.com","article_publisher":"https:\/\/www.facebook.com\/thediplomatinspain","article_published_time":"2025-10-14T12:08:46+00:00","article_modified_time":"2025-10-14T12:14:01+00:00","og_image":[{"width":750,"height":422,"url":"https:\/\/thediplomatinspain.com\/wp-content\/uploads\/2025\/10\/Cervantes-Fake.jpg","type":"image\/jpeg"}],"author":"Redacci\u00f3n The Diplomat","twitter_card":"summary_large_image","twitter_creator":"@diplomatinspain","twitter_site":"@diplomatinspain","twitter_misc":{"Written by":"Redacci\u00f3n The Diplomat","Est. reading time":"3 minutes"},"schema":{"@context":"https:\/\/schema.org","@graph":[{"@type":"Article","@id":"https:\/\/thediplomatinspain.com\/en\/2025\/10\/14\/the-arequipa-language-congress-warns-against-the-pandemic-of-fake-news\/#article","isPartOf":{"@id":"https:\/\/thediplomatinspain.com\/en\/2025\/10\/14\/the-arequipa-language-congress-warns-against-the-pandemic-of-fake-news\/"},"author":{"name":"Redacci\u00f3n The Diplomat","@id":"https:\/\/thediplomatinspain.com\/#\/schema\/person\/88127b252815559774673b8cce560c21"},"headline":"The Arequipa Language Congress warns against the &#8220;pandemic&#8221; of &#8220;fake news&#8221;","datePublished":"2025-10-14T12:08:46+00:00","dateModified":"2025-10-14T12:14:01+00:00","mainEntityOfPage":{"@id":"https:\/\/thediplomatinspain.com\/en\/2025\/10\/14\/the-arequipa-language-congress-warns-against-the-pandemic-of-fake-news\/"},"wordCount":488,"publisher":{"@id":"https:\/\/thediplomatinspain.com\/#organization"},"image":{"@id":"https:\/\/thediplomatinspain.com\/en\/2025\/10\/14\/the-arequipa-language-congress-warns-against-the-pandemic-of-fake-news\/#primaryimage"},"thumbnailUrl":"https:\/\/thediplomatinspain.com\/wp-content\/uploads\/2025\/10\/Cervantes-Fake.jpg","articleSection":["Subscribers","World"],"inLanguage":"en-US"},{"@type":"WebPage","@id":"https:\/\/thediplomatinspain.com\/en\/2025\/10\/14\/the-arequipa-language-congress-warns-against-the-pandemic-of-fake-news\/","url":"https:\/\/thediplomatinspain.com\/en\/2025\/10\/14\/the-arequipa-language-congress-warns-against-the-pandemic-of-fake-news\/","name":"The Arequipa Language Congress warns against \"fake news\"","isPartOf":{"@id":"https:\/\/thediplomatinspain.com\/#website"},"primaryImageOfPage":{"@id":"https:\/\/thediplomatinspain.com\/en\/2025\/10\/14\/the-arequipa-language-congress-warns-against-the-pandemic-of-fake-news\/#primaryimage"},"image":{"@id":"https:\/\/thediplomatinspain.com\/en\/2025\/10\/14\/the-arequipa-language-congress-warns-against-the-pandemic-of-fake-news\/#primaryimage"},"thumbnailUrl":"https:\/\/thediplomatinspain.com\/wp-content\/uploads\/2025\/10\/Cervantes-Fake.jpg","datePublished":"2025-10-14T12:08:46+00:00","dateModified":"2025-10-14T12:14:01+00:00","description":"The Congress of the Spanish Language in Arequipa kicked off this Monday, October 13, with the roundtable \"Fake News. The Power of Lies.\"","breadcrumb":{"@id":"https:\/\/thediplomatinspain.com\/en\/2025\/10\/14\/the-arequipa-language-congress-warns-against-the-pandemic-of-fake-news\/#breadcrumb"},"inLanguage":"en-US","potentialAction":[{"@type":"ReadAction","target":["https:\/\/thediplomatinspain.com\/en\/2025\/10\/14\/the-arequipa-language-congress-warns-against-the-pandemic-of-fake-news\/"]}]},{"@type":"ImageObject","inLanguage":"en-US","@id":"https:\/\/thediplomatinspain.com\/en\/2025\/10\/14\/the-arequipa-language-congress-warns-against-the-pandemic-of-fake-news\/#primaryimage","url":"https:\/\/thediplomatinspain.com\/wp-content\/uploads\/2025\/10\/Cervantes-Fake.jpg","contentUrl":"https:\/\/thediplomatinspain.com\/wp-content\/uploads\/2025\/10\/Cervantes-Fake.jpg","width":750,"height":422,"caption":"The roundtable participants. \/ Photo: Instituto Cervantes \/ Alejandro Cana"},{"@type":"BreadcrumbList","@id":"https:\/\/thediplomatinspain.com\/en\/2025\/10\/14\/the-arequipa-language-congress-warns-against-the-pandemic-of-fake-news\/#breadcrumb","itemListElement":[{"@type":"ListItem","position":1,"name":"Portada","item":"https:\/\/thediplomatinspain.com\/en\/"},{"@type":"ListItem","position":2,"name":"The Arequipa Language Congress warns against the &#8220;pandemic&#8221; of &#8220;fake news&#8221;"}]},{"@type":"WebSite","@id":"https:\/\/thediplomatinspain.com\/#website","url":"https:\/\/thediplomatinspain.com\/","name":"thediplomatinspain.com","description":"Diario digital de referencia para diplom\u00e1ticos y empresas","publisher":{"@id":"https:\/\/thediplomatinspain.com\/#organization"},"potentialAction":[{"@type":"SearchAction","target":{"@type":"EntryPoint","urlTemplate":"https:\/\/thediplomatinspain.com\/?s={search_term_string}"},"query-input":{"@type":"PropertyValueSpecification","valueRequired":true,"valueName":"search_term_string"}}],"inLanguage":"en-US"},{"@type":"Organization","@id":"https:\/\/thediplomatinspain.com\/#organization","name":"thediplomatinspain.com","url":"https:\/\/thediplomatinspain.com\/","logo":{"@type":"ImageObject","inLanguage":"en-US","@id":"https:\/\/thediplomatinspain.com\/#\/schema\/logo\/image\/","url":"https:\/\/thediplomatinspain.com\/wp-content\/uploads\/2024\/06\/logo_the_diplomat.png","contentUrl":"https:\/\/thediplomatinspain.com\/wp-content\/uploads\/2024\/06\/logo_the_diplomat.png","width":284,"height":77,"caption":"thediplomatinspain.com"},"image":{"@id":"https:\/\/thediplomatinspain.com\/#\/schema\/logo\/image\/"},"sameAs":["https:\/\/www.facebook.com\/thediplomatinspain","https:\/\/x.com\/diplomatinspain","https:\/\/www.youtube.com\/channel\/UCK0mRqeeZDKdFeiFQZLcH2A"]},{"@type":"Person","@id":"https:\/\/thediplomatinspain.com\/#\/schema\/person\/88127b252815559774673b8cce560c21","name":"Redacci\u00f3n The Diplomat","image":{"@type":"ImageObject","inLanguage":"en-US","@id":"https:\/\/secure.gravatar.com\/avatar\/e52c4c4b39aa657f32517ef54bb4078fd3286e83820d836ee3e67c927fa86b6f?s=96&d=mm&r=g","url":"https:\/\/secure.gravatar.com\/avatar\/e52c4c4b39aa657f32517ef54bb4078fd3286e83820d836ee3e67c927fa86b6f?s=96&d=mm&r=g","contentUrl":"https:\/\/secure.gravatar.com\/avatar\/e52c4c4b39aa657f32517ef54bb4078fd3286e83820d836ee3e67c927fa86b6f?s=96&d=mm&r=g","caption":"Redacci\u00f3n The Diplomat"},"url":"https:\/\/thediplomatinspain.com\/en\/author\/redaccion-thediplomat\/"},{"@type":["Organization","NewsMediaOrganization"],"@id":"https:\/\/thediplomatinspain.com\/en\/#organization"},{"@type":"SiteNavigationElement","@id":"https:\/\/thediplomatinspain.com\/en\/#site-navigation","cssSelector":[".cib-main-menu"]},{"@type":"WPHeader","@id":"https:\/\/thediplomatinspain.com\/en\/#header","cssSelector":[".cib-header"]},{"@type":"WPFooter","@id":"https:\/\/thediplomatinspain.com\/en\/#footer","cssSelector":[".cib-footer"]}]}},"amp_enabled":true,"_links":{"self":[{"href":"https:\/\/thediplomatinspain.com\/en\/wp-json\/wp\/v2\/posts\/127908","targetHints":{"allow":["GET"]}}],"collection":[{"href":"https:\/\/thediplomatinspain.com\/en\/wp-json\/wp\/v2\/posts"}],"about":[{"href":"https:\/\/thediplomatinspain.com\/en\/wp-json\/wp\/v2\/types\/post"}],"author":[{"embeddable":true,"href":"https:\/\/thediplomatinspain.com\/en\/wp-json\/wp\/v2\/users\/369"}],"replies":[{"embeddable":true,"href":"https:\/\/thediplomatinspain.com\/en\/wp-json\/wp\/v2\/comments?post=127908"}],"version-history":[{"count":0,"href":"https:\/\/thediplomatinspain.com\/en\/wp-json\/wp\/v2\/posts\/127908\/revisions"}],"wp:featuredmedia":[{"embeddable":true,"href":"https:\/\/thediplomatinspain.com\/en\/wp-json\/wp\/v2\/media\/127906"}],"wp:attachment":[{"href":"https:\/\/thediplomatinspain.com\/en\/wp-json\/wp\/v2\/media?parent=127908"}],"wp:term":[{"taxonomy":"category","embeddable":true,"href":"https:\/\/thediplomatinspain.com\/en\/wp-json\/wp\/v2\/categories?post=127908"},{"taxonomy":"post_tag","embeddable":true,"href":"https:\/\/thediplomatinspain.com\/en\/wp-json\/wp\/v2\/tags?post=127908"}],"curies":[{"name":"wp","href":"https:\/\/api.w.org\/{rel}","templated":true}]}}