{"id":127546,"date":"2025-10-09T07:43:37","date_gmt":"2025-10-09T05:43:37","guid":{"rendered":"https:\/\/thediplomatinspain.com\/2025\/10\/09\/celebracion-del-114o-dia-nacional-de-la-republica-de-china-taiwan\/"},"modified":"2025-10-09T12:32:44","modified_gmt":"2025-10-09T10:32:44","slug":"celebracion-del-114o-dia-nacional-de-la-republica-de-china-taiwan","status":"publish","type":"post","link":"https:\/\/thediplomatinspain.com\/en\/2025\/10\/09\/celebracion-del-114o-dia-nacional-de-la-republica-de-china-taiwan\/","title":{"rendered":"Celebration of the 114th National Day of the Republic of China (Taiwan)"},"content":{"rendered":"<p>&nbsp;<\/p>\n<h6><strong>Text and photos: Juan David Latorre<\/strong><\/h6>\n<p>&nbsp;<\/p>\n<h4><strong>The Taipei Economic and Cultural Office (Taiwan) hosted a reception yesterday to commemorate the 114th National Day of the Republic of China-Taiwan, during which acting representative Francisco Chang emphasized his \u201cmission to improve and strengthen relations with Spain.\u201d<\/strong><\/h4>\n<p>&nbsp;<\/p>\n<p><strong>Francisco Chang<\/strong> began his speech by emphasizing that \u201cour mission is to work as hard as possible to improve our relations and further strengthen bilateral ties between Spain and Taiwan. We are committed to maintaining open exchanges and channels of communication, as well as extensive and constructive interactions with Spanish institutions for the mutual benefit of both peoples.\u201d<\/p>\n<p>&nbsp;<\/p>\n<p>\u201cOur relationship with Spain is becoming increasingly excellent in all areas. Economically, I am pleased to note that in 2024, bilateral trade between Spain and Taiwan will reach a volume of $2.5 billion. This figure reflects a very positive trend, as <strong>Spanish exports to Taiwan grew a notable 25% compared to 2023.<\/strong> We are confident that our relations with Spain will continue to develop, as there is significant room for improvement and they potentially complement each other in areas such as cybersecurity, logistics resilience, and technological innovation. In this context, I emphasize Taiwan&#8217;s economic resilience in the face of the global reorganization of supply chains and geopolitical volatility. According to the IMF&#8217;s 2025 Global Competitiveness Report, Taiwan ranks sixth globally, climbing two places and leading for the fifth year among economies with more than 20 million inhabitants,\u201d stated the acting representative of the Office in Spain.<\/p>\n<p>&nbsp;<\/p>\n<p>\u201cIn the field of arts and culture,\u201d he continued, \u201cwe are working intensively to showcase Taiwanese artists and creators who are highly successful and beloved by the Spanish public. During 2025, we have consolidated our commitment to the internationalization of Taiwanese art, promoting the presentation of our artists in the programming of prominent art centers, museums, and festivals throughout Spain. This strategy has expanded the visibility and reach of numerous artists in the fields of digital art, music, film, and literature, fostering awareness and appreciation of Taiwan&#8217;s current creative program. Regarding tourism, after being impacted by COVID-19, we are already recovering to pre-pandemic levels. All of this demonstrates the rapidly growing interest in Spain in Taiwan and vice versa,\u201d Francisco Chang emphasized.<\/p>\n<p>&nbsp;<\/p>\n<p>Regarding the celebration of Taiwan&#8217;s National Day, the acting representative of Taiwan noted that &#8220;We Taiwanese celebrate the founding of our nation and are proud of its <strong>vibrant democracy, freedom, and respect for human rights.<\/strong> This is also a time to reaffirm our determination to protect Taiwan&#8217;s free and democratic way of life and our commitment to friendly countries to maintain global peace and stability. Our democratic values \u200b\u200band free market principles clearly distinguish us from authoritarian regimes whose hegemonic ambitions openly challenge the rules-based global order.&#8221;<\/p>\n<p>&nbsp;<\/p>\n<p>\u201cSituated on the first island chain in the Indo-Pacific,\u201d he continued, \u201cTaiwan is not only an indispensable force for ensuring security, but also contributes significantly to global stability and prosperity through its powerful economy and leadership in semiconductors and artificial intelligence, which drives global innovation and development. Taiwan is a secure and indispensable partner in the global supply chain. <strong>Taiwan produces nearly 70% of the world&#8217;s chips and 95% of the most advanced chips,<\/strong> demonstrating the great importance of our country.&#8221;<\/p>\n<p>&nbsp;<\/p>\n<p>\u201cTaiwan will work shoulder to shoulder with the democratic community, united as a force of deterrence to defend the rules-based international order, firmly maintain peace, and protect the free and democratic way of life. China has never abandoned its intention to invade Taiwan by force, creating tensions in the Taiwan Strait. In the face of military threats, economic coercion, and cognitive warfare operations, President Lai proposes the four pillars of peace and establishes the National Defense and Resilience Committee to strengthen our comprehensive resilience and social unity. Demonstrating to the world our determination for self-defense and peace, our government reaffirms that peace is the only option for cross-strait operations and believes in maintaining peace through strength, so we strengthen our national defense with a defense budget that at \u201cIt will reach more than 3% of GDP in 2026 and aim for 5% by 2030. Year after year, we have the growing support of the international community, such as the European Union itself, which has successively expressed that peace and stability in the Taiwan Strait are essential for global security and prosperity,\u201d Francisco Chang stated during his speech.<\/p>\n<p>\u201cIt is inconceivable that the UN and its technical agencies unfairly exclude Taiwan for purely political reasons,\u201d Representative Chang emphasized. \u201cIn fact, Resolution 2758 only resolves the representation of China and does not mention Taiwan. It does not affirm that Taiwan is part of China, nor does it prevent Taiwan from participating in international organizations. Nor does it authorize China to represent any of Taiwan\u2019s rights. The European Parliament supports Taiwan through resolutions condemning the escalation of Chinese provocation in the Strait and calling on the European Union to assist in security resilience. We hope to promote a Taiwan-EU Economic Partnership Agreement to unite the stable trade hub and collaborate with European nations on supply chains.\u201d<\/p>\n<p>&nbsp;<\/p>\n<p>Francisco Chang concluded his speech by emphasizing that \u201cTaiwan is a highly developed liberal democracy. Its diverse society stands out in contrast to autocratic China. Looking ahead, Taiwan will promote proactive integrated diplomacy by encouraging more countries to collaborate with it, strengthening its position and demonstrating its strategic role in global democratic networks.\u201d<\/p>\n<p>&nbsp;<\/p>\n<p>&nbsp;<\/p>\n<figure id=\"attachment_127537\" aria-describedby=\"caption-attachment-127537\" style=\"width: 750px\" class=\"wp-caption alignnone\"><img decoding=\"async\" class=\"wp-image-127537 size-full\" src=\"https:\/\/thediplomatinspain.com\/wp-content\/uploads\/2025\/10\/Monica-02-ok.jpg\" alt=\"\" width=\"750\" height=\"402\" srcset=\"https:\/\/thediplomatinspain.com\/wp-content\/uploads\/2025\/10\/Monica-02-ok.jpg 750w, https:\/\/thediplomatinspain.com\/wp-content\/uploads\/2025\/10\/Monica-02-ok-300x161.jpg 300w\" sizes=\"(max-width: 750px) 100vw, 750px\" \/><figcaption id=\"caption-attachment-127537\" class=\"wp-caption-text\">A splendid setting hosted the celebration of Taiwan\u2019s National Day.<\/figcaption><\/figure>\n<p>&nbsp;<\/p>\n<figure id=\"attachment_127539\" aria-describedby=\"caption-attachment-127539\" style=\"width: 750px\" class=\"wp-caption alignnone\"><img decoding=\"async\" class=\"wp-image-127539 size-full\" src=\"https:\/\/thediplomatinspain.com\/wp-content\/uploads\/2025\/10\/Paraguay-ok.jpg\" alt=\"\" width=\"750\" height=\"402\" srcset=\"https:\/\/thediplomatinspain.com\/wp-content\/uploads\/2025\/10\/Paraguay-ok.jpg 750w, https:\/\/thediplomatinspain.com\/wp-content\/uploads\/2025\/10\/Paraguay-ok-300x161.jpg 300w\" sizes=\"(max-width: 750px) 100vw, 750px\" \/><figcaption id=\"caption-attachment-127539\" class=\"wp-caption-text\">The Ambassador of Paraguay, Justo Apodaca (center), along with his wife and another member of the Paraguayan delegation.<\/figcaption><\/figure>\n<p>&nbsp;<\/p>\n<figure id=\"attachment_127541\" aria-describedby=\"caption-attachment-127541\" style=\"width: 750px\" class=\"wp-caption alignnone\"><img decoding=\"async\" class=\"wp-image-127541 size-full\" src=\"https:\/\/thediplomatinspain.com\/wp-content\/uploads\/2025\/10\/Francisco-Chang-con-Simona-y-RJB-ok.jpg\" alt=\"\" width=\"750\" height=\"402\" srcset=\"https:\/\/thediplomatinspain.com\/wp-content\/uploads\/2025\/10\/Francisco-Chang-con-Simona-y-RJB-ok.jpg 750w, https:\/\/thediplomatinspain.com\/wp-content\/uploads\/2025\/10\/Francisco-Chang-con-Simona-y-RJB-ok-300x161.jpg 300w\" sizes=\"(max-width: 750px) 100vw, 750px\" \/><figcaption id=\"caption-attachment-127541\" class=\"wp-caption-text\">Francisco Chang together with the director of the Real Jard\u00edn Bot\u00e1nico, Mar\u00eda P. Mart\u00edn Esteban; the Head of the Unit of protocol and external relations of the Garden, Encarnaci\u00f3n Garc\u00eda, and Simona Gresia, of Quir\u00f3n Salud.<\/figcaption><\/figure>\n<p>&nbsp;<\/p>\n<figure id=\"attachment_127543\" aria-describedby=\"caption-attachment-127543\" style=\"width: 750px\" class=\"wp-caption alignnone\"><img decoding=\"async\" class=\"wp-image-127543 size-full\" src=\"https:\/\/thediplomatinspain.com\/wp-content\/uploads\/2025\/10\/Asistentes-ok-1.jpg\" alt=\"\" width=\"750\" height=\"402\" srcset=\"https:\/\/thediplomatinspain.com\/wp-content\/uploads\/2025\/10\/Asistentes-ok-1.jpg 750w, https:\/\/thediplomatinspain.com\/wp-content\/uploads\/2025\/10\/Asistentes-ok-1-300x161.jpg 300w\" sizes=\"(max-width: 750px) 100vw, 750px\" \/><figcaption id=\"caption-attachment-127543\" class=\"wp-caption-text\">Snapshot of the many attendees at the reception.<\/figcaption><\/figure>\n<p>&nbsp;<\/p>\n","protected":false},"excerpt":{"rendered":"<p>Economic and Cultural Bureau of Taipei (Taiwan) offered a reception on the occasion of the 114th National Day of the Republic of China-Taiwan.<\/p>\n","protected":false},"author":204,"featured_media":127536,"comment_status":"closed","ping_status":"open","sticky":false,"template":"","format":"standard","meta":{"jnews-multi-image_gallery":[],"jnews_single_post":null,"jnews_primary_category":[],"jnews_social_meta":[],"jnews_override_counter":{"view_counter_number":"0","share_counter_number":"0","like_counter_number":"0","dislike_counter_number":"0"},"jnews_post_split":{"post_split":[{"template":"1","tag":"h2","numbering":"asc","mode":"normal","first":"0","enable_toc":"0","toc_type":"normal"}]},"footnotes":""},"categories":[170,158,166],"tags":[],"class_list":["post-127546","post","type-post","status-publish","format-standard","has-post-thumbnail","hentry","category-embassies","category-frontpage-en","category-social-life"],"yoast_head":"<!-- This site is optimized with the Yoast SEO plugin v27.4 - https:\/\/yoast.com\/product\/yoast-seo-wordpress\/ -->\n<title>Celebraci\u00f3n del 114\u00ba D\u00eda Nacional de la Rep\u00fablica de Taiw\u00e1n<\/title>\n<meta name=\"description\" content=\"Economic and Cultural Bureau of Taipei (Taiwan) offered a reception on the occasion of the 114th National Day of the Republic of China-Taiwan.\" \/>\n<meta name=\"robots\" content=\"index, follow, max-snippet:-1, max-image-preview:large, max-video-preview:-1\" \/>\n<link rel=\"canonical\" href=\"https:\/\/thediplomatinspain.com\/en\/2025\/10\/09\/celebracion-del-114o-dia-nacional-de-la-republica-de-china-taiwan\/\" \/>\n<meta property=\"og:locale\" content=\"en_US\" \/>\n<meta property=\"og:type\" content=\"article\" \/>\n<meta property=\"og:title\" content=\"Celebraci\u00f3n del 114\u00ba D\u00eda Nacional de la Rep\u00fablica de Taiw\u00e1n\" \/>\n<meta property=\"og:description\" content=\"Economic and Cultural Bureau of Taipei (Taiwan) offered a reception on the occasion of the 114th National Day of the Republic of China-Taiwan.\" \/>\n<meta property=\"og:url\" content=\"https:\/\/thediplomatinspain.com\/en\/2025\/10\/09\/celebracion-del-114o-dia-nacional-de-la-republica-de-china-taiwan\/\" \/>\n<meta property=\"og:site_name\" content=\"thediplomatinspain.com\" \/>\n<meta property=\"article:publisher\" content=\"https:\/\/www.facebook.com\/thediplomatinspain\" \/>\n<meta property=\"article:published_time\" content=\"2025-10-09T05:43:37+00:00\" \/>\n<meta property=\"article:modified_time\" content=\"2025-10-09T10:32:44+00:00\" \/>\n<meta property=\"og:image\" content=\"https:\/\/thediplomatinspain.com\/wp-content\/uploads\/2025\/10\/Francisco-Chang-ok.jpg\" \/>\n\t<meta property=\"og:image:width\" content=\"750\" \/>\n\t<meta property=\"og:image:height\" content=\"402\" \/>\n\t<meta property=\"og:image:type\" content=\"image\/jpeg\" \/>\n<meta name=\"author\" content=\"Juan David Latorre\" \/>\n<meta name=\"twitter:card\" content=\"summary_large_image\" \/>\n<meta name=\"twitter:creator\" content=\"@diplomatinspain\" \/>\n<meta name=\"twitter:site\" content=\"@diplomatinspain\" \/>\n<meta name=\"twitter:label1\" content=\"Written by\" \/>\n\t<meta name=\"twitter:data1\" content=\"Juan David Latorre\" \/>\n\t<meta name=\"twitter:label2\" content=\"Est. reading time\" \/>\n\t<meta name=\"twitter:data2\" content=\"6 minutes\" \/>\n<script type=\"application\/ld+json\" class=\"yoast-schema-graph\">{\"@context\":\"https:\\\/\\\/schema.org\",\"@graph\":[{\"@type\":\"Article\",\"@id\":\"https:\\\/\\\/thediplomatinspain.com\\\/en\\\/2025\\\/10\\\/09\\\/celebracion-del-114o-dia-nacional-de-la-republica-de-china-taiwan\\\/#article\",\"isPartOf\":{\"@id\":\"https:\\\/\\\/thediplomatinspain.com\\\/en\\\/2025\\\/10\\\/09\\\/celebracion-del-114o-dia-nacional-de-la-republica-de-china-taiwan\\\/\"},\"author\":{\"name\":\"Juan David Latorre\",\"@id\":\"https:\\\/\\\/thediplomatinspain.com\\\/#\\\/schema\\\/person\\\/bc23729a451553cbb28c59ed696ced53\"},\"headline\":\"Celebration of the 114th National Day of the Republic of China (Taiwan)\",\"datePublished\":\"2025-10-09T05:43:37+00:00\",\"dateModified\":\"2025-10-09T10:32:44+00:00\",\"mainEntityOfPage\":{\"@id\":\"https:\\\/\\\/thediplomatinspain.com\\\/en\\\/2025\\\/10\\\/09\\\/celebracion-del-114o-dia-nacional-de-la-republica-de-china-taiwan\\\/\"},\"wordCount\":1022,\"publisher\":{\"@id\":\"https:\\\/\\\/thediplomatinspain.com\\\/#organization\"},\"image\":{\"@id\":\"https:\\\/\\\/thediplomatinspain.com\\\/en\\\/2025\\\/10\\\/09\\\/celebracion-del-114o-dia-nacional-de-la-republica-de-china-taiwan\\\/#primaryimage\"},\"thumbnailUrl\":\"https:\\\/\\\/thediplomatinspain.com\\\/wp-content\\\/uploads\\\/2025\\\/10\\\/Francisco-Chang-ok.jpg\",\"articleSection\":[\"Embassies\",\"Frontpage\",\"Social life\"],\"inLanguage\":\"en-US\"},{\"@type\":\"WebPage\",\"@id\":\"https:\\\/\\\/thediplomatinspain.com\\\/en\\\/2025\\\/10\\\/09\\\/celebracion-del-114o-dia-nacional-de-la-republica-de-china-taiwan\\\/\",\"url\":\"https:\\\/\\\/thediplomatinspain.com\\\/en\\\/2025\\\/10\\\/09\\\/celebracion-del-114o-dia-nacional-de-la-republica-de-china-taiwan\\\/\",\"name\":\"Celebraci\u00f3n del 114\u00ba D\u00eda Nacional de la Rep\u00fablica de Taiw\u00e1n\",\"isPartOf\":{\"@id\":\"https:\\\/\\\/thediplomatinspain.com\\\/#website\"},\"primaryImageOfPage\":{\"@id\":\"https:\\\/\\\/thediplomatinspain.com\\\/en\\\/2025\\\/10\\\/09\\\/celebracion-del-114o-dia-nacional-de-la-republica-de-china-taiwan\\\/#primaryimage\"},\"image\":{\"@id\":\"https:\\\/\\\/thediplomatinspain.com\\\/en\\\/2025\\\/10\\\/09\\\/celebracion-del-114o-dia-nacional-de-la-republica-de-china-taiwan\\\/#primaryimage\"},\"thumbnailUrl\":\"https:\\\/\\\/thediplomatinspain.com\\\/wp-content\\\/uploads\\\/2025\\\/10\\\/Francisco-Chang-ok.jpg\",\"datePublished\":\"2025-10-09T05:43:37+00:00\",\"dateModified\":\"2025-10-09T10:32:44+00:00\",\"description\":\"Economic and Cultural Bureau of Taipei (Taiwan) offered a reception on the occasion of the 114th National Day of the Republic of China-Taiwan.\",\"breadcrumb\":{\"@id\":\"https:\\\/\\\/thediplomatinspain.com\\\/en\\\/2025\\\/10\\\/09\\\/celebracion-del-114o-dia-nacional-de-la-republica-de-china-taiwan\\\/#breadcrumb\"},\"inLanguage\":\"en-US\",\"potentialAction\":[{\"@type\":\"ReadAction\",\"target\":[\"https:\\\/\\\/thediplomatinspain.com\\\/en\\\/2025\\\/10\\\/09\\\/celebracion-del-114o-dia-nacional-de-la-republica-de-china-taiwan\\\/\"]}]},{\"@type\":\"ImageObject\",\"inLanguage\":\"en-US\",\"@id\":\"https:\\\/\\\/thediplomatinspain.com\\\/en\\\/2025\\\/10\\\/09\\\/celebracion-del-114o-dia-nacional-de-la-republica-de-china-taiwan\\\/#primaryimage\",\"url\":\"https:\\\/\\\/thediplomatinspain.com\\\/wp-content\\\/uploads\\\/2025\\\/10\\\/Francisco-Chang-ok.jpg\",\"contentUrl\":\"https:\\\/\\\/thediplomatinspain.com\\\/wp-content\\\/uploads\\\/2025\\\/10\\\/Francisco-Chang-ok.jpg\",\"width\":750,\"height\":402,\"caption\":\"Acting representative of the Taipei Economic and Cultural Office, Francisco Chang, during his welcome address.\"},{\"@type\":\"BreadcrumbList\",\"@id\":\"https:\\\/\\\/thediplomatinspain.com\\\/en\\\/2025\\\/10\\\/09\\\/celebracion-del-114o-dia-nacional-de-la-republica-de-china-taiwan\\\/#breadcrumb\",\"itemListElement\":[{\"@type\":\"ListItem\",\"position\":1,\"name\":\"Portada\",\"item\":\"https:\\\/\\\/thediplomatinspain.com\\\/en\\\/\"},{\"@type\":\"ListItem\",\"position\":2,\"name\":\"Celebration of the 114th National Day of the Republic of China (Taiwan)\"}]},{\"@type\":\"WebSite\",\"@id\":\"https:\\\/\\\/thediplomatinspain.com\\\/#website\",\"url\":\"https:\\\/\\\/thediplomatinspain.com\\\/\",\"name\":\"thediplomatinspain.com\",\"description\":\"Diario digital de referencia para diplom\u00e1ticos y empresas\",\"publisher\":{\"@id\":\"https:\\\/\\\/thediplomatinspain.com\\\/#organization\"},\"potentialAction\":[{\"@type\":\"SearchAction\",\"target\":{\"@type\":\"EntryPoint\",\"urlTemplate\":\"https:\\\/\\\/thediplomatinspain.com\\\/?s={search_term_string}\"},\"query-input\":{\"@type\":\"PropertyValueSpecification\",\"valueRequired\":true,\"valueName\":\"search_term_string\"}}],\"inLanguage\":\"en-US\"},{\"@type\":\"Organization\",\"@id\":\"https:\\\/\\\/thediplomatinspain.com\\\/#organization\",\"name\":\"thediplomatinspain.com\",\"url\":\"https:\\\/\\\/thediplomatinspain.com\\\/\",\"logo\":{\"@type\":\"ImageObject\",\"inLanguage\":\"en-US\",\"@id\":\"https:\\\/\\\/thediplomatinspain.com\\\/#\\\/schema\\\/logo\\\/image\\\/\",\"url\":\"https:\\\/\\\/thediplomatinspain.com\\\/wp-content\\\/uploads\\\/2024\\\/06\\\/logo_the_diplomat.png\",\"contentUrl\":\"https:\\\/\\\/thediplomatinspain.com\\\/wp-content\\\/uploads\\\/2024\\\/06\\\/logo_the_diplomat.png\",\"width\":284,\"height\":77,\"caption\":\"thediplomatinspain.com\"},\"image\":{\"@id\":\"https:\\\/\\\/thediplomatinspain.com\\\/#\\\/schema\\\/logo\\\/image\\\/\"},\"sameAs\":[\"https:\\\/\\\/www.facebook.com\\\/thediplomatinspain\",\"https:\\\/\\\/x.com\\\/diplomatinspain\",\"https:\\\/\\\/www.youtube.com\\\/channel\\\/UCK0mRqeeZDKdFeiFQZLcH2A\"]},{\"@type\":\"Person\",\"@id\":\"https:\\\/\\\/thediplomatinspain.com\\\/#\\\/schema\\\/person\\\/bc23729a451553cbb28c59ed696ced53\",\"name\":\"Juan David Latorre\",\"image\":{\"@type\":\"ImageObject\",\"inLanguage\":\"en-US\",\"@id\":\"https:\\\/\\\/secure.gravatar.com\\\/avatar\\\/2d39dcb59d17733b9ee745ca1ab1eeff6f72ef14623e21bb10f63bfb965c847a?s=96&d=mm&r=g\",\"url\":\"https:\\\/\\\/secure.gravatar.com\\\/avatar\\\/2d39dcb59d17733b9ee745ca1ab1eeff6f72ef14623e21bb10f63bfb965c847a?s=96&d=mm&r=g\",\"contentUrl\":\"https:\\\/\\\/secure.gravatar.com\\\/avatar\\\/2d39dcb59d17733b9ee745ca1ab1eeff6f72ef14623e21bb10f63bfb965c847a?s=96&d=mm&r=g\",\"caption\":\"Juan David Latorre\"},\"url\":\"https:\\\/\\\/thediplomatinspain.com\\\/en\\\/author\\\/jdlatorre\\\/\"},{\"@type\":[\"Organization\",\"NewsMediaOrganization\"],\"@id\":\"https:\\\/\\\/thediplomatinspain.com\\\/en\\\/#organization\"},{\"@type\":\"SiteNavigationElement\",\"@id\":\"https:\\\/\\\/thediplomatinspain.com\\\/en\\\/#site-navigation\",\"cssSelector\":[\".cib-main-menu\"]},{\"@type\":\"WPHeader\",\"@id\":\"https:\\\/\\\/thediplomatinspain.com\\\/en\\\/#header\",\"cssSelector\":[\".cib-header\"]},{\"@type\":\"WPFooter\",\"@id\":\"https:\\\/\\\/thediplomatinspain.com\\\/en\\\/#footer\",\"cssSelector\":[\".cib-footer\"]}]}<\/script>\n<!-- \/ Yoast SEO plugin. -->","yoast_head_json":{"title":"Celebraci\u00f3n del 114\u00ba D\u00eda Nacional de la Rep\u00fablica de Taiw\u00e1n","description":"Economic and Cultural Bureau of Taipei (Taiwan) offered a reception on the occasion of the 114th National Day of the Republic of China-Taiwan.","robots":{"index":"index","follow":"follow","max-snippet":"max-snippet:-1","max-image-preview":"max-image-preview:large","max-video-preview":"max-video-preview:-1"},"canonical":"https:\/\/thediplomatinspain.com\/en\/2025\/10\/09\/celebracion-del-114o-dia-nacional-de-la-republica-de-china-taiwan\/","og_locale":"en_US","og_type":"article","og_title":"Celebraci\u00f3n del 114\u00ba D\u00eda Nacional de la Rep\u00fablica de Taiw\u00e1n","og_description":"Economic and Cultural Bureau of Taipei (Taiwan) offered a reception on the occasion of the 114th National Day of the Republic of China-Taiwan.","og_url":"https:\/\/thediplomatinspain.com\/en\/2025\/10\/09\/celebracion-del-114o-dia-nacional-de-la-republica-de-china-taiwan\/","og_site_name":"thediplomatinspain.com","article_publisher":"https:\/\/www.facebook.com\/thediplomatinspain","article_published_time":"2025-10-09T05:43:37+00:00","article_modified_time":"2025-10-09T10:32:44+00:00","og_image":[{"width":750,"height":402,"url":"https:\/\/thediplomatinspain.com\/wp-content\/uploads\/2025\/10\/Francisco-Chang-ok.jpg","type":"image\/jpeg"}],"author":"Juan David Latorre","twitter_card":"summary_large_image","twitter_creator":"@diplomatinspain","twitter_site":"@diplomatinspain","twitter_misc":{"Written by":"Juan David Latorre","Est. reading time":"6 minutes"},"schema":{"@context":"https:\/\/schema.org","@graph":[{"@type":"Article","@id":"https:\/\/thediplomatinspain.com\/en\/2025\/10\/09\/celebracion-del-114o-dia-nacional-de-la-republica-de-china-taiwan\/#article","isPartOf":{"@id":"https:\/\/thediplomatinspain.com\/en\/2025\/10\/09\/celebracion-del-114o-dia-nacional-de-la-republica-de-china-taiwan\/"},"author":{"name":"Juan David Latorre","@id":"https:\/\/thediplomatinspain.com\/#\/schema\/person\/bc23729a451553cbb28c59ed696ced53"},"headline":"Celebration of the 114th National Day of the Republic of China (Taiwan)","datePublished":"2025-10-09T05:43:37+00:00","dateModified":"2025-10-09T10:32:44+00:00","mainEntityOfPage":{"@id":"https:\/\/thediplomatinspain.com\/en\/2025\/10\/09\/celebracion-del-114o-dia-nacional-de-la-republica-de-china-taiwan\/"},"wordCount":1022,"publisher":{"@id":"https:\/\/thediplomatinspain.com\/#organization"},"image":{"@id":"https:\/\/thediplomatinspain.com\/en\/2025\/10\/09\/celebracion-del-114o-dia-nacional-de-la-republica-de-china-taiwan\/#primaryimage"},"thumbnailUrl":"https:\/\/thediplomatinspain.com\/wp-content\/uploads\/2025\/10\/Francisco-Chang-ok.jpg","articleSection":["Embassies","Frontpage","Social life"],"inLanguage":"en-US"},{"@type":"WebPage","@id":"https:\/\/thediplomatinspain.com\/en\/2025\/10\/09\/celebracion-del-114o-dia-nacional-de-la-republica-de-china-taiwan\/","url":"https:\/\/thediplomatinspain.com\/en\/2025\/10\/09\/celebracion-del-114o-dia-nacional-de-la-republica-de-china-taiwan\/","name":"Celebraci\u00f3n del 114\u00ba D\u00eda Nacional de la Rep\u00fablica de Taiw\u00e1n","isPartOf":{"@id":"https:\/\/thediplomatinspain.com\/#website"},"primaryImageOfPage":{"@id":"https:\/\/thediplomatinspain.com\/en\/2025\/10\/09\/celebracion-del-114o-dia-nacional-de-la-republica-de-china-taiwan\/#primaryimage"},"image":{"@id":"https:\/\/thediplomatinspain.com\/en\/2025\/10\/09\/celebracion-del-114o-dia-nacional-de-la-republica-de-china-taiwan\/#primaryimage"},"thumbnailUrl":"https:\/\/thediplomatinspain.com\/wp-content\/uploads\/2025\/10\/Francisco-Chang-ok.jpg","datePublished":"2025-10-09T05:43:37+00:00","dateModified":"2025-10-09T10:32:44+00:00","description":"Economic and Cultural Bureau of Taipei (Taiwan) offered a reception on the occasion of the 114th National Day of the Republic of China-Taiwan.","breadcrumb":{"@id":"https:\/\/thediplomatinspain.com\/en\/2025\/10\/09\/celebracion-del-114o-dia-nacional-de-la-republica-de-china-taiwan\/#breadcrumb"},"inLanguage":"en-US","potentialAction":[{"@type":"ReadAction","target":["https:\/\/thediplomatinspain.com\/en\/2025\/10\/09\/celebracion-del-114o-dia-nacional-de-la-republica-de-china-taiwan\/"]}]},{"@type":"ImageObject","inLanguage":"en-US","@id":"https:\/\/thediplomatinspain.com\/en\/2025\/10\/09\/celebracion-del-114o-dia-nacional-de-la-republica-de-china-taiwan\/#primaryimage","url":"https:\/\/thediplomatinspain.com\/wp-content\/uploads\/2025\/10\/Francisco-Chang-ok.jpg","contentUrl":"https:\/\/thediplomatinspain.com\/wp-content\/uploads\/2025\/10\/Francisco-Chang-ok.jpg","width":750,"height":402,"caption":"Acting representative of the Taipei Economic and Cultural Office, Francisco Chang, during his welcome address."},{"@type":"BreadcrumbList","@id":"https:\/\/thediplomatinspain.com\/en\/2025\/10\/09\/celebracion-del-114o-dia-nacional-de-la-republica-de-china-taiwan\/#breadcrumb","itemListElement":[{"@type":"ListItem","position":1,"name":"Portada","item":"https:\/\/thediplomatinspain.com\/en\/"},{"@type":"ListItem","position":2,"name":"Celebration of the 114th National Day of the Republic of China (Taiwan)"}]},{"@type":"WebSite","@id":"https:\/\/thediplomatinspain.com\/#website","url":"https:\/\/thediplomatinspain.com\/","name":"thediplomatinspain.com","description":"Diario digital de referencia para diplom\u00e1ticos y empresas","publisher":{"@id":"https:\/\/thediplomatinspain.com\/#organization"},"potentialAction":[{"@type":"SearchAction","target":{"@type":"EntryPoint","urlTemplate":"https:\/\/thediplomatinspain.com\/?s={search_term_string}"},"query-input":{"@type":"PropertyValueSpecification","valueRequired":true,"valueName":"search_term_string"}}],"inLanguage":"en-US"},{"@type":"Organization","@id":"https:\/\/thediplomatinspain.com\/#organization","name":"thediplomatinspain.com","url":"https:\/\/thediplomatinspain.com\/","logo":{"@type":"ImageObject","inLanguage":"en-US","@id":"https:\/\/thediplomatinspain.com\/#\/schema\/logo\/image\/","url":"https:\/\/thediplomatinspain.com\/wp-content\/uploads\/2024\/06\/logo_the_diplomat.png","contentUrl":"https:\/\/thediplomatinspain.com\/wp-content\/uploads\/2024\/06\/logo_the_diplomat.png","width":284,"height":77,"caption":"thediplomatinspain.com"},"image":{"@id":"https:\/\/thediplomatinspain.com\/#\/schema\/logo\/image\/"},"sameAs":["https:\/\/www.facebook.com\/thediplomatinspain","https:\/\/x.com\/diplomatinspain","https:\/\/www.youtube.com\/channel\/UCK0mRqeeZDKdFeiFQZLcH2A"]},{"@type":"Person","@id":"https:\/\/thediplomatinspain.com\/#\/schema\/person\/bc23729a451553cbb28c59ed696ced53","name":"Juan David Latorre","image":{"@type":"ImageObject","inLanguage":"en-US","@id":"https:\/\/secure.gravatar.com\/avatar\/2d39dcb59d17733b9ee745ca1ab1eeff6f72ef14623e21bb10f63bfb965c847a?s=96&d=mm&r=g","url":"https:\/\/secure.gravatar.com\/avatar\/2d39dcb59d17733b9ee745ca1ab1eeff6f72ef14623e21bb10f63bfb965c847a?s=96&d=mm&r=g","contentUrl":"https:\/\/secure.gravatar.com\/avatar\/2d39dcb59d17733b9ee745ca1ab1eeff6f72ef14623e21bb10f63bfb965c847a?s=96&d=mm&r=g","caption":"Juan David Latorre"},"url":"https:\/\/thediplomatinspain.com\/en\/author\/jdlatorre\/"},{"@type":["Organization","NewsMediaOrganization"],"@id":"https:\/\/thediplomatinspain.com\/en\/#organization"},{"@type":"SiteNavigationElement","@id":"https:\/\/thediplomatinspain.com\/en\/#site-navigation","cssSelector":[".cib-main-menu"]},{"@type":"WPHeader","@id":"https:\/\/thediplomatinspain.com\/en\/#header","cssSelector":[".cib-header"]},{"@type":"WPFooter","@id":"https:\/\/thediplomatinspain.com\/en\/#footer","cssSelector":[".cib-footer"]}]}},"amp_enabled":true,"_links":{"self":[{"href":"https:\/\/thediplomatinspain.com\/en\/wp-json\/wp\/v2\/posts\/127546","targetHints":{"allow":["GET"]}}],"collection":[{"href":"https:\/\/thediplomatinspain.com\/en\/wp-json\/wp\/v2\/posts"}],"about":[{"href":"https:\/\/thediplomatinspain.com\/en\/wp-json\/wp\/v2\/types\/post"}],"author":[{"embeddable":true,"href":"https:\/\/thediplomatinspain.com\/en\/wp-json\/wp\/v2\/users\/204"}],"replies":[{"embeddable":true,"href":"https:\/\/thediplomatinspain.com\/en\/wp-json\/wp\/v2\/comments?post=127546"}],"version-history":[{"count":0,"href":"https:\/\/thediplomatinspain.com\/en\/wp-json\/wp\/v2\/posts\/127546\/revisions"}],"wp:featuredmedia":[{"embeddable":true,"href":"https:\/\/thediplomatinspain.com\/en\/wp-json\/wp\/v2\/media\/127536"}],"wp:attachment":[{"href":"https:\/\/thediplomatinspain.com\/en\/wp-json\/wp\/v2\/media?parent=127546"}],"wp:term":[{"taxonomy":"category","embeddable":true,"href":"https:\/\/thediplomatinspain.com\/en\/wp-json\/wp\/v2\/categories?post=127546"},{"taxonomy":"post_tag","embeddable":true,"href":"https:\/\/thediplomatinspain.com\/en\/wp-json\/wp\/v2\/tags?post=127546"}],"curies":[{"name":"wp","href":"https:\/\/api.w.org\/{rel}","templated":true}]}}