{"id":126354,"date":"2025-09-26T06:00:13","date_gmt":"2025-09-26T04:00:13","guid":{"rendered":"https:\/\/thediplomatinspain.com\/?p=126354"},"modified":"2025-09-25T09:23:44","modified_gmt":"2025-09-25T07:23:44","slug":"mestizolab-vii-foro-audiovisual-hispano-mexicano-en-casa-america","status":"publish","type":"post","link":"https:\/\/thediplomatinspain.com\/en\/2025\/09\/26\/mestizolab-vii-foro-audiovisual-hispano-mexicano-en-casa-america\/","title":{"rendered":"MestizoLab: VII Spanish-Mexican audiovisual forum at Casa Am\u00e9rica"},"content":{"rendered":"<p>&nbsp;<\/p>\n<p>The seventh edition of <strong><em>MestizoLab,<\/em><\/strong> a Spanish-Mexican audiovisual co-production forum, will be held from today until next Monday, September 29 at various venues in Madrid. <strong>Casa de Am\u00e9rica<\/strong> will host some of the activities of this meeting between professionals of the audiovisual sector in Ibero-America, with a focus on the creation of alliances between Mexico and Spain.<\/p>\n<p>&nbsp;<\/p>\n<p>Since its creation, Mestizolab has established itself as a platform for dialogue, training and professional liaison. Each edition brings together creators, producers, institutions and experts from the audiovisual industry to build networks of collaboration across borders.<\/p>\n<p>&nbsp;<\/p>\n<p>Programme at Casa de Am\u00e9rica:<\/p>\n<p><strong>Friday, 26 September<\/strong><\/p>\n<p><strong>16:30. Conversation &#8216;Ethics and artificial intelligence in the use of stock images&#8217;<\/strong><\/p>\n<p>A dialogue on the ethical challenges and possibilities offered by artificial intelligence for preservation, classification and re-use of audiovisual archives. Film and technology experts will share perspectives on how these tools impact the work of film libraries and the future of film heritage. <strong>Luis Par\u00e9s,<\/strong> artistic director of Cineteca Matadero, and <strong>Javier Leal,<\/strong> CTO of New Art will participate. Moderated by <strong>Ciro Murayama,<\/strong> director of the UNAM-Spain Center for Mexican Studies.<\/p>\n<p>&nbsp;<\/p>\n<p><strong>18:00. Conversation &#8216;Use and resignification of cinematographic files&#8217;<\/strong><\/p>\n<p>Reflection on the cultural and creative value of film archives, and the ways in which these materials can be given new life in contemporary narratives. Through the eyes of filmmakers, scriptwriters and conservation specialists, we will analyze the creative and technical processes that allow us to transform archives into new cultural works. Participants: <strong>Jos\u00e9 Manuel Cravioto,<\/strong> film director; <strong>Marian del Egido, <\/strong>director of the Centro de Conservaci\u00f3n y Restauraci\u00f3n de Filmoteca Espa\u00f1ola, and <strong>Alberto Mac\u00edas,<\/strong> screenwriter of the series <em>Cu\u00e9ntame c\u00f3mo pas\u00f3&#8230;<\/em> Moderator: <strong>Hugo Villa,<\/strong> director general of Cinematographic Activities and Film Library at UNAM.<\/p>\n<p>&nbsp;<\/p>\n<p><strong>19:30. Projection and colloquium &#8211; Autos, mota &amp; rocanrol (Jos\u00e9 Manuel Cravioto, Mexico, 2025)<\/strong><\/p>\n<p>Synopsis: Justino y el Negro wanted to organize a car race and a small concert to do the business of their lives. But everything went wrong and they ended up creating the biggest concert in the history of Mexico: the festival of Av\u00e1ndaro. A colloquium will then take place in the presence of <strong>Jos\u00e9 Manuel Cravioto,<\/strong> Mexican filmmaker, and <strong>Hugo Villa,<\/strong> director general of Cinematographic Activities and Film Library at UNAM. <strong>Sergio Guerrero,<\/strong> filmmaker, will moderate.<\/p>\n<p>&nbsp;<\/p>\n<p><strong>Monday, 29 September<\/strong><\/p>\n<p><strong>19:00. Screening and colloquium &#8211; The end of intolerance (Sergio Guerrero, USA, 2019)<\/strong><\/p>\n<p>Synopsis: A powerful story about police violence and prejudice faced by minority communities in the United States, followed by a colloquium with director <strong>Sergio Guerrero.<\/strong><\/p>\n<p>&nbsp;<\/p>\n<p>The lectures will be in the Cervantes room (capacity of 50 people) and the projections in the Iberia cinema room (capacity of 60 people). Free admission until capacity is full.<\/p>\n<p>&nbsp;<\/p>\n<p>&nbsp;<\/p>\n","protected":false},"excerpt":{"rendered":"<p>The seventh edition of MestizoLab, a Spanish-Mexican audiovisual co-production forum, is being held in various venues in Madrid.<\/p>\n","protected":false},"author":204,"featured_media":126352,"comment_status":"closed","ping_status":"open","sticky":false,"template":"","format":"standard","meta":{"jnews-multi-image_gallery":[],"jnews_single_post":null,"jnews_primary_category":[],"jnews_social_meta":[],"jnews_override_counter":{"view_counter_number":"0","share_counter_number":"0","like_counter_number":"0","dislike_counter_number":"0"},"jnews_post_split":{"post_split":[{"template":"1","tag":"h2","numbering":"asc","mode":"normal","first":"0","enable_toc":"0","toc_type":"normal"}]},"footnotes":""},"categories":[178,176],"tags":[],"class_list":["post-126354","post","type-post","status-publish","format-standard","has-post-thumbnail","hentry","category-culture-art","category-leisure"],"yoast_head":"<!-- This site is optimized with the Yoast SEO plugin v27.4 - https:\/\/yoast.com\/product\/yoast-seo-wordpress\/ -->\n<title>MestizoLab: VII Spanish-Mexican audiovisual forum<\/title>\n<meta name=\"description\" content=\"The seventh edition of MestizoLab, a Spanish-Mexican audiovisual co-production forum, is being held in various venues in Madrid.\" \/>\n<meta name=\"robots\" content=\"index, follow, max-snippet:-1, max-image-preview:large, max-video-preview:-1\" \/>\n<link rel=\"canonical\" href=\"https:\/\/thediplomatinspain.com\/en\/2025\/09\/26\/mestizolab-vii-foro-audiovisual-hispano-mexicano-en-casa-america\/\" \/>\n<meta property=\"og:locale\" content=\"en_US\" \/>\n<meta property=\"og:type\" content=\"article\" \/>\n<meta property=\"og:title\" content=\"MestizoLab: VII Spanish-Mexican audiovisual forum\" \/>\n<meta property=\"og:description\" content=\"The seventh edition of MestizoLab, a Spanish-Mexican audiovisual co-production forum, is being held in various venues in Madrid.\" \/>\n<meta property=\"og:url\" content=\"https:\/\/thediplomatinspain.com\/en\/2025\/09\/26\/mestizolab-vii-foro-audiovisual-hispano-mexicano-en-casa-america\/\" \/>\n<meta property=\"og:site_name\" content=\"thediplomatinspain.com\" \/>\n<meta property=\"article:publisher\" content=\"https:\/\/www.facebook.com\/thediplomatinspain\" \/>\n<meta property=\"article:published_time\" content=\"2025-09-26T04:00:13+00:00\" \/>\n<meta property=\"og:image\" content=\"https:\/\/thediplomatinspain.com\/wp-content\/uploads\/2025\/09\/MestizoLab-ok.jpg\" \/>\n\t<meta property=\"og:image:width\" content=\"750\" \/>\n\t<meta property=\"og:image:height\" content=\"429\" \/>\n\t<meta property=\"og:image:type\" content=\"image\/jpeg\" \/>\n<meta name=\"author\" content=\"Juan David Latorre\" \/>\n<meta name=\"twitter:card\" content=\"summary_large_image\" \/>\n<meta name=\"twitter:creator\" content=\"@diplomatinspain\" \/>\n<meta name=\"twitter:site\" content=\"@diplomatinspain\" \/>\n<meta name=\"twitter:label1\" content=\"Written by\" \/>\n\t<meta name=\"twitter:data1\" content=\"Juan David Latorre\" \/>\n\t<meta name=\"twitter:label2\" content=\"Est. reading time\" \/>\n\t<meta name=\"twitter:data2\" content=\"3 minutes\" \/>\n<script type=\"application\/ld+json\" class=\"yoast-schema-graph\">{\"@context\":\"https:\\\/\\\/schema.org\",\"@graph\":[{\"@type\":\"Article\",\"@id\":\"https:\\\/\\\/thediplomatinspain.com\\\/en\\\/2025\\\/09\\\/26\\\/mestizolab-vii-foro-audiovisual-hispano-mexicano-en-casa-america\\\/#article\",\"isPartOf\":{\"@id\":\"https:\\\/\\\/thediplomatinspain.com\\\/en\\\/2025\\\/09\\\/26\\\/mestizolab-vii-foro-audiovisual-hispano-mexicano-en-casa-america\\\/\"},\"author\":{\"name\":\"Juan David Latorre\",\"@id\":\"https:\\\/\\\/thediplomatinspain.com\\\/#\\\/schema\\\/person\\\/bc23729a451553cbb28c59ed696ced53\"},\"headline\":\"MestizoLab: VII Spanish-Mexican audiovisual forum at Casa Am\u00e9rica\",\"datePublished\":\"2025-09-26T04:00:13+00:00\",\"mainEntityOfPage\":{\"@id\":\"https:\\\/\\\/thediplomatinspain.com\\\/en\\\/2025\\\/09\\\/26\\\/mestizolab-vii-foro-audiovisual-hispano-mexicano-en-casa-america\\\/\"},\"wordCount\":465,\"publisher\":{\"@id\":\"https:\\\/\\\/thediplomatinspain.com\\\/#organization\"},\"image\":{\"@id\":\"https:\\\/\\\/thediplomatinspain.com\\\/en\\\/2025\\\/09\\\/26\\\/mestizolab-vii-foro-audiovisual-hispano-mexicano-en-casa-america\\\/#primaryimage\"},\"thumbnailUrl\":\"https:\\\/\\\/thediplomatinspain.com\\\/wp-content\\\/uploads\\\/2025\\\/09\\\/MestizoLab-ok.jpg\",\"articleSection\":[\"Culture &amp; Art\",\"Leisure\"],\"inLanguage\":\"en-US\"},{\"@type\":\"WebPage\",\"@id\":\"https:\\\/\\\/thediplomatinspain.com\\\/en\\\/2025\\\/09\\\/26\\\/mestizolab-vii-foro-audiovisual-hispano-mexicano-en-casa-america\\\/\",\"url\":\"https:\\\/\\\/thediplomatinspain.com\\\/en\\\/2025\\\/09\\\/26\\\/mestizolab-vii-foro-audiovisual-hispano-mexicano-en-casa-america\\\/\",\"name\":\"MestizoLab: VII Spanish-Mexican audiovisual forum\",\"isPartOf\":{\"@id\":\"https:\\\/\\\/thediplomatinspain.com\\\/#website\"},\"primaryImageOfPage\":{\"@id\":\"https:\\\/\\\/thediplomatinspain.com\\\/en\\\/2025\\\/09\\\/26\\\/mestizolab-vii-foro-audiovisual-hispano-mexicano-en-casa-america\\\/#primaryimage\"},\"image\":{\"@id\":\"https:\\\/\\\/thediplomatinspain.com\\\/en\\\/2025\\\/09\\\/26\\\/mestizolab-vii-foro-audiovisual-hispano-mexicano-en-casa-america\\\/#primaryimage\"},\"thumbnailUrl\":\"https:\\\/\\\/thediplomatinspain.com\\\/wp-content\\\/uploads\\\/2025\\\/09\\\/MestizoLab-ok.jpg\",\"datePublished\":\"2025-09-26T04:00:13+00:00\",\"description\":\"The seventh edition of MestizoLab, a Spanish-Mexican audiovisual co-production forum, is being held in various venues in Madrid.\",\"breadcrumb\":{\"@id\":\"https:\\\/\\\/thediplomatinspain.com\\\/en\\\/2025\\\/09\\\/26\\\/mestizolab-vii-foro-audiovisual-hispano-mexicano-en-casa-america\\\/#breadcrumb\"},\"inLanguage\":\"en-US\",\"potentialAction\":[{\"@type\":\"ReadAction\",\"target\":[\"https:\\\/\\\/thediplomatinspain.com\\\/en\\\/2025\\\/09\\\/26\\\/mestizolab-vii-foro-audiovisual-hispano-mexicano-en-casa-america\\\/\"]}]},{\"@type\":\"ImageObject\",\"inLanguage\":\"en-US\",\"@id\":\"https:\\\/\\\/thediplomatinspain.com\\\/en\\\/2025\\\/09\\\/26\\\/mestizolab-vii-foro-audiovisual-hispano-mexicano-en-casa-america\\\/#primaryimage\",\"url\":\"https:\\\/\\\/thediplomatinspain.com\\\/wp-content\\\/uploads\\\/2025\\\/09\\\/MestizoLab-ok.jpg\",\"contentUrl\":\"https:\\\/\\\/thediplomatinspain.com\\\/wp-content\\\/uploads\\\/2025\\\/09\\\/MestizoLab-ok.jpg\",\"width\":750,\"height\":429},{\"@type\":\"BreadcrumbList\",\"@id\":\"https:\\\/\\\/thediplomatinspain.com\\\/en\\\/2025\\\/09\\\/26\\\/mestizolab-vii-foro-audiovisual-hispano-mexicano-en-casa-america\\\/#breadcrumb\",\"itemListElement\":[{\"@type\":\"ListItem\",\"position\":1,\"name\":\"Portada\",\"item\":\"https:\\\/\\\/thediplomatinspain.com\\\/en\\\/\"},{\"@type\":\"ListItem\",\"position\":2,\"name\":\"MestizoLab: VII Spanish-Mexican audiovisual forum at Casa Am\u00e9rica\"}]},{\"@type\":\"WebSite\",\"@id\":\"https:\\\/\\\/thediplomatinspain.com\\\/#website\",\"url\":\"https:\\\/\\\/thediplomatinspain.com\\\/\",\"name\":\"thediplomatinspain.com\",\"description\":\"Diario digital de referencia para diplom\u00e1ticos y empresas\",\"publisher\":{\"@id\":\"https:\\\/\\\/thediplomatinspain.com\\\/#organization\"},\"potentialAction\":[{\"@type\":\"SearchAction\",\"target\":{\"@type\":\"EntryPoint\",\"urlTemplate\":\"https:\\\/\\\/thediplomatinspain.com\\\/?s={search_term_string}\"},\"query-input\":{\"@type\":\"PropertyValueSpecification\",\"valueRequired\":true,\"valueName\":\"search_term_string\"}}],\"inLanguage\":\"en-US\"},{\"@type\":\"Organization\",\"@id\":\"https:\\\/\\\/thediplomatinspain.com\\\/#organization\",\"name\":\"thediplomatinspain.com\",\"url\":\"https:\\\/\\\/thediplomatinspain.com\\\/\",\"logo\":{\"@type\":\"ImageObject\",\"inLanguage\":\"en-US\",\"@id\":\"https:\\\/\\\/thediplomatinspain.com\\\/#\\\/schema\\\/logo\\\/image\\\/\",\"url\":\"https:\\\/\\\/thediplomatinspain.com\\\/wp-content\\\/uploads\\\/2024\\\/06\\\/logo_the_diplomat.png\",\"contentUrl\":\"https:\\\/\\\/thediplomatinspain.com\\\/wp-content\\\/uploads\\\/2024\\\/06\\\/logo_the_diplomat.png\",\"width\":284,\"height\":77,\"caption\":\"thediplomatinspain.com\"},\"image\":{\"@id\":\"https:\\\/\\\/thediplomatinspain.com\\\/#\\\/schema\\\/logo\\\/image\\\/\"},\"sameAs\":[\"https:\\\/\\\/www.facebook.com\\\/thediplomatinspain\",\"https:\\\/\\\/x.com\\\/diplomatinspain\",\"https:\\\/\\\/www.youtube.com\\\/channel\\\/UCK0mRqeeZDKdFeiFQZLcH2A\"]},{\"@type\":\"Person\",\"@id\":\"https:\\\/\\\/thediplomatinspain.com\\\/#\\\/schema\\\/person\\\/bc23729a451553cbb28c59ed696ced53\",\"name\":\"Juan David Latorre\",\"image\":{\"@type\":\"ImageObject\",\"inLanguage\":\"en-US\",\"@id\":\"https:\\\/\\\/secure.gravatar.com\\\/avatar\\\/2d39dcb59d17733b9ee745ca1ab1eeff6f72ef14623e21bb10f63bfb965c847a?s=96&d=mm&r=g\",\"url\":\"https:\\\/\\\/secure.gravatar.com\\\/avatar\\\/2d39dcb59d17733b9ee745ca1ab1eeff6f72ef14623e21bb10f63bfb965c847a?s=96&d=mm&r=g\",\"contentUrl\":\"https:\\\/\\\/secure.gravatar.com\\\/avatar\\\/2d39dcb59d17733b9ee745ca1ab1eeff6f72ef14623e21bb10f63bfb965c847a?s=96&d=mm&r=g\",\"caption\":\"Juan David Latorre\"},\"url\":\"https:\\\/\\\/thediplomatinspain.com\\\/en\\\/author\\\/jdlatorre\\\/\"},{\"@type\":[\"Organization\",\"NewsMediaOrganization\"],\"@id\":\"https:\\\/\\\/thediplomatinspain.com\\\/en\\\/#organization\"},{\"@type\":\"SiteNavigationElement\",\"@id\":\"https:\\\/\\\/thediplomatinspain.com\\\/en\\\/#site-navigation\",\"cssSelector\":[\".cib-main-menu\"]},{\"@type\":\"WPHeader\",\"@id\":\"https:\\\/\\\/thediplomatinspain.com\\\/en\\\/#header\",\"cssSelector\":[\".cib-header\"]},{\"@type\":\"WPFooter\",\"@id\":\"https:\\\/\\\/thediplomatinspain.com\\\/en\\\/#footer\",\"cssSelector\":[\".cib-footer\"]}]}<\/script>\n<!-- \/ Yoast SEO plugin. -->","yoast_head_json":{"title":"MestizoLab: VII Spanish-Mexican audiovisual forum","description":"The seventh edition of MestizoLab, a Spanish-Mexican audiovisual co-production forum, is being held in various venues in Madrid.","robots":{"index":"index","follow":"follow","max-snippet":"max-snippet:-1","max-image-preview":"max-image-preview:large","max-video-preview":"max-video-preview:-1"},"canonical":"https:\/\/thediplomatinspain.com\/en\/2025\/09\/26\/mestizolab-vii-foro-audiovisual-hispano-mexicano-en-casa-america\/","og_locale":"en_US","og_type":"article","og_title":"MestizoLab: VII Spanish-Mexican audiovisual forum","og_description":"The seventh edition of MestizoLab, a Spanish-Mexican audiovisual co-production forum, is being held in various venues in Madrid.","og_url":"https:\/\/thediplomatinspain.com\/en\/2025\/09\/26\/mestizolab-vii-foro-audiovisual-hispano-mexicano-en-casa-america\/","og_site_name":"thediplomatinspain.com","article_publisher":"https:\/\/www.facebook.com\/thediplomatinspain","article_published_time":"2025-09-26T04:00:13+00:00","og_image":[{"width":750,"height":429,"url":"https:\/\/thediplomatinspain.com\/wp-content\/uploads\/2025\/09\/MestizoLab-ok.jpg","type":"image\/jpeg"}],"author":"Juan David Latorre","twitter_card":"summary_large_image","twitter_creator":"@diplomatinspain","twitter_site":"@diplomatinspain","twitter_misc":{"Written by":"Juan David Latorre","Est. reading time":"3 minutes"},"schema":{"@context":"https:\/\/schema.org","@graph":[{"@type":"Article","@id":"https:\/\/thediplomatinspain.com\/en\/2025\/09\/26\/mestizolab-vii-foro-audiovisual-hispano-mexicano-en-casa-america\/#article","isPartOf":{"@id":"https:\/\/thediplomatinspain.com\/en\/2025\/09\/26\/mestizolab-vii-foro-audiovisual-hispano-mexicano-en-casa-america\/"},"author":{"name":"Juan David Latorre","@id":"https:\/\/thediplomatinspain.com\/#\/schema\/person\/bc23729a451553cbb28c59ed696ced53"},"headline":"MestizoLab: VII Spanish-Mexican audiovisual forum at Casa Am\u00e9rica","datePublished":"2025-09-26T04:00:13+00:00","mainEntityOfPage":{"@id":"https:\/\/thediplomatinspain.com\/en\/2025\/09\/26\/mestizolab-vii-foro-audiovisual-hispano-mexicano-en-casa-america\/"},"wordCount":465,"publisher":{"@id":"https:\/\/thediplomatinspain.com\/#organization"},"image":{"@id":"https:\/\/thediplomatinspain.com\/en\/2025\/09\/26\/mestizolab-vii-foro-audiovisual-hispano-mexicano-en-casa-america\/#primaryimage"},"thumbnailUrl":"https:\/\/thediplomatinspain.com\/wp-content\/uploads\/2025\/09\/MestizoLab-ok.jpg","articleSection":["Culture &amp; Art","Leisure"],"inLanguage":"en-US"},{"@type":"WebPage","@id":"https:\/\/thediplomatinspain.com\/en\/2025\/09\/26\/mestizolab-vii-foro-audiovisual-hispano-mexicano-en-casa-america\/","url":"https:\/\/thediplomatinspain.com\/en\/2025\/09\/26\/mestizolab-vii-foro-audiovisual-hispano-mexicano-en-casa-america\/","name":"MestizoLab: VII Spanish-Mexican audiovisual forum","isPartOf":{"@id":"https:\/\/thediplomatinspain.com\/#website"},"primaryImageOfPage":{"@id":"https:\/\/thediplomatinspain.com\/en\/2025\/09\/26\/mestizolab-vii-foro-audiovisual-hispano-mexicano-en-casa-america\/#primaryimage"},"image":{"@id":"https:\/\/thediplomatinspain.com\/en\/2025\/09\/26\/mestizolab-vii-foro-audiovisual-hispano-mexicano-en-casa-america\/#primaryimage"},"thumbnailUrl":"https:\/\/thediplomatinspain.com\/wp-content\/uploads\/2025\/09\/MestizoLab-ok.jpg","datePublished":"2025-09-26T04:00:13+00:00","description":"The seventh edition of MestizoLab, a Spanish-Mexican audiovisual co-production forum, is being held in various venues in Madrid.","breadcrumb":{"@id":"https:\/\/thediplomatinspain.com\/en\/2025\/09\/26\/mestizolab-vii-foro-audiovisual-hispano-mexicano-en-casa-america\/#breadcrumb"},"inLanguage":"en-US","potentialAction":[{"@type":"ReadAction","target":["https:\/\/thediplomatinspain.com\/en\/2025\/09\/26\/mestizolab-vii-foro-audiovisual-hispano-mexicano-en-casa-america\/"]}]},{"@type":"ImageObject","inLanguage":"en-US","@id":"https:\/\/thediplomatinspain.com\/en\/2025\/09\/26\/mestizolab-vii-foro-audiovisual-hispano-mexicano-en-casa-america\/#primaryimage","url":"https:\/\/thediplomatinspain.com\/wp-content\/uploads\/2025\/09\/MestizoLab-ok.jpg","contentUrl":"https:\/\/thediplomatinspain.com\/wp-content\/uploads\/2025\/09\/MestizoLab-ok.jpg","width":750,"height":429},{"@type":"BreadcrumbList","@id":"https:\/\/thediplomatinspain.com\/en\/2025\/09\/26\/mestizolab-vii-foro-audiovisual-hispano-mexicano-en-casa-america\/#breadcrumb","itemListElement":[{"@type":"ListItem","position":1,"name":"Portada","item":"https:\/\/thediplomatinspain.com\/en\/"},{"@type":"ListItem","position":2,"name":"MestizoLab: VII Spanish-Mexican audiovisual forum at Casa Am\u00e9rica"}]},{"@type":"WebSite","@id":"https:\/\/thediplomatinspain.com\/#website","url":"https:\/\/thediplomatinspain.com\/","name":"thediplomatinspain.com","description":"Diario digital de referencia para diplom\u00e1ticos y empresas","publisher":{"@id":"https:\/\/thediplomatinspain.com\/#organization"},"potentialAction":[{"@type":"SearchAction","target":{"@type":"EntryPoint","urlTemplate":"https:\/\/thediplomatinspain.com\/?s={search_term_string}"},"query-input":{"@type":"PropertyValueSpecification","valueRequired":true,"valueName":"search_term_string"}}],"inLanguage":"en-US"},{"@type":"Organization","@id":"https:\/\/thediplomatinspain.com\/#organization","name":"thediplomatinspain.com","url":"https:\/\/thediplomatinspain.com\/","logo":{"@type":"ImageObject","inLanguage":"en-US","@id":"https:\/\/thediplomatinspain.com\/#\/schema\/logo\/image\/","url":"https:\/\/thediplomatinspain.com\/wp-content\/uploads\/2024\/06\/logo_the_diplomat.png","contentUrl":"https:\/\/thediplomatinspain.com\/wp-content\/uploads\/2024\/06\/logo_the_diplomat.png","width":284,"height":77,"caption":"thediplomatinspain.com"},"image":{"@id":"https:\/\/thediplomatinspain.com\/#\/schema\/logo\/image\/"},"sameAs":["https:\/\/www.facebook.com\/thediplomatinspain","https:\/\/x.com\/diplomatinspain","https:\/\/www.youtube.com\/channel\/UCK0mRqeeZDKdFeiFQZLcH2A"]},{"@type":"Person","@id":"https:\/\/thediplomatinspain.com\/#\/schema\/person\/bc23729a451553cbb28c59ed696ced53","name":"Juan David Latorre","image":{"@type":"ImageObject","inLanguage":"en-US","@id":"https:\/\/secure.gravatar.com\/avatar\/2d39dcb59d17733b9ee745ca1ab1eeff6f72ef14623e21bb10f63bfb965c847a?s=96&d=mm&r=g","url":"https:\/\/secure.gravatar.com\/avatar\/2d39dcb59d17733b9ee745ca1ab1eeff6f72ef14623e21bb10f63bfb965c847a?s=96&d=mm&r=g","contentUrl":"https:\/\/secure.gravatar.com\/avatar\/2d39dcb59d17733b9ee745ca1ab1eeff6f72ef14623e21bb10f63bfb965c847a?s=96&d=mm&r=g","caption":"Juan David Latorre"},"url":"https:\/\/thediplomatinspain.com\/en\/author\/jdlatorre\/"},{"@type":["Organization","NewsMediaOrganization"],"@id":"https:\/\/thediplomatinspain.com\/en\/#organization"},{"@type":"SiteNavigationElement","@id":"https:\/\/thediplomatinspain.com\/en\/#site-navigation","cssSelector":[".cib-main-menu"]},{"@type":"WPHeader","@id":"https:\/\/thediplomatinspain.com\/en\/#header","cssSelector":[".cib-header"]},{"@type":"WPFooter","@id":"https:\/\/thediplomatinspain.com\/en\/#footer","cssSelector":[".cib-footer"]}]}},"amp_enabled":true,"_links":{"self":[{"href":"https:\/\/thediplomatinspain.com\/en\/wp-json\/wp\/v2\/posts\/126354","targetHints":{"allow":["GET"]}}],"collection":[{"href":"https:\/\/thediplomatinspain.com\/en\/wp-json\/wp\/v2\/posts"}],"about":[{"href":"https:\/\/thediplomatinspain.com\/en\/wp-json\/wp\/v2\/types\/post"}],"author":[{"embeddable":true,"href":"https:\/\/thediplomatinspain.com\/en\/wp-json\/wp\/v2\/users\/204"}],"replies":[{"embeddable":true,"href":"https:\/\/thediplomatinspain.com\/en\/wp-json\/wp\/v2\/comments?post=126354"}],"version-history":[{"count":0,"href":"https:\/\/thediplomatinspain.com\/en\/wp-json\/wp\/v2\/posts\/126354\/revisions"}],"wp:featuredmedia":[{"embeddable":true,"href":"https:\/\/thediplomatinspain.com\/en\/wp-json\/wp\/v2\/media\/126352"}],"wp:attachment":[{"href":"https:\/\/thediplomatinspain.com\/en\/wp-json\/wp\/v2\/media?parent=126354"}],"wp:term":[{"taxonomy":"category","embeddable":true,"href":"https:\/\/thediplomatinspain.com\/en\/wp-json\/wp\/v2\/categories?post=126354"},{"taxonomy":"post_tag","embeddable":true,"href":"https:\/\/thediplomatinspain.com\/en\/wp-json\/wp\/v2\/tags?post=126354"}],"curies":[{"name":"wp","href":"https:\/\/api.w.org\/{rel}","templated":true}]}}