{"id":123849,"date":"2025-08-01T06:08:42","date_gmt":"2025-08-01T04:08:42","guid":{"rendered":"https:\/\/thediplomatinspain.com\/2025\/07\/31\/feijoo-sanchez-se-ha-convertido-en-un-problema-internacional-para-la-ue-y-la-otan\/"},"modified":"2025-07-31T15:12:05","modified_gmt":"2025-07-31T13:12:05","slug":"feijoo-sanchez-has-become-an-international-problem-for-the-eu-and-nato","status":"publish","type":"post","link":"https:\/\/thediplomatinspain.com\/en\/2025\/08\/01\/feijoo-sanchez-has-become-an-international-problem-for-the-eu-and-nato\/","title":{"rendered":"Feij\u00f3o: \u201cS\u00e1nchez has become an international problem for the EU and NATO\u201d"},"content":{"rendered":"<div class=\"mp_wrapper\">\n  <div class=\"mepr-unauthorized-message\">\n    <p>You are unauthorized to view this page.<\/p>\n  <\/div>\n  <div class=\"mepr-login-form-wrap\">\n            \n<div class=\"mp_wrapper mp_login_form\">\n                  <!-- mp-login-form-start -->     <form name=\"mepr_loginform\" id=\"mepr_loginform\" class=\"mepr-form\" action=\"https:\/\/thediplomatinspain.com\/login\/\" method=\"post\">\n            <div class=\"mp-form-row mepr_username\">\n        <div class=\"mp-form-label\">\n                              <label for=\"user_login\">Username<\/label>\n                  <\/div>\n        <input type=\"text\" name=\"log\" id=\"user_login\" value=\"\" \/>\n      <\/div>\n      <div class=\"mp-form-row mepr_password\">\n        <div class=\"mp-form-label\">\n          <label for=\"user_pass\">Password<\/label>\n                    <div class=\"mp-hide-pw\">\n            <input type=\"password\" name=\"pwd\" id=\"user_pass\" value=\"\" \/>\n            <button type=\"button\" class=\"button mp-hide-pw hide-if-no-js\" data-toggle=\"0\" aria-label=\"Show password\">\n              <span class=\"dashicons dashicons-visibility\" aria-hidden=\"true\"><\/span>\n            <\/button>\n          <\/div>\n        <\/div>\n      <\/div>\n            <div>\n        <label><input name=\"rememberme\" type=\"checkbox\" id=\"rememberme\" value=\"forever\" \/> Remember Me<\/label>\n      <\/div>\n      <div class=\"mp-spacer\">&nbsp;<\/div>\n      <div class=\"submit\">\n        <input type=\"submit\" name=\"wp-submit\" id=\"wp-submit\" class=\"button-primary mepr-share-button \" value=\"Log In\" \/>\n        <input type=\"hidden\" name=\"redirect_to\" value=\"\/en\/wp-json\/wp\/v2\/posts\/123849\" \/>\n        <input type=\"hidden\" name=\"mepr_process_login_form\" value=\"true\" \/>\n        <input type=\"hidden\" name=\"mepr_is_login_page\" value=\"false\" \/>\n      <\/div>\n    <\/form>\n    <div class=\"mp-spacer\">&nbsp;<\/div>\n    <div class=\"mepr-login-actions\">\n      <a href=\"https:\/\/thediplomatinspain.com\/login\/?action=forgot_password\">Forgot Password<\/a>\n    <\/div>\n\n      \n    <!-- mp-login-form-end --> \n  <\/div>\n      <\/div>\n<\/div>\n\n","protected":false},"excerpt":{"rendered":"<p>The president of the People\u2019s Party, Alberto N\u00fa\u00f1ez Feij\u00f3o, presented a devastating assessment of the political course this Thursday, accusing <\/p>\n","protected":false},"author":91,"featured_media":123847,"comment_status":"closed","ping_status":"open","sticky":false,"template":"","format":"standard","meta":{"jnews-multi-image_gallery":[],"jnews_single_post":null,"jnews_primary_category":[],"jnews_social_meta":[],"jnews_override_counter":{"view_counter_number":"0","share_counter_number":"0","like_counter_number":"0","dislike_counter_number":"0"},"jnews_post_split":{"post_split":[{"template":"1","tag":"h2","numbering":"asc","mode":"normal","first":"0","enable_toc":"0","toc_type":"normal"}]},"footnotes":""},"categories":[158,160,201],"tags":[],"class_list":["post-123849","post","type-post","status-publish","format-standard","has-post-thumbnail","hentry","category-frontpage-en","category-spain-en","category-suscriptores-en"],"yoast_head":"<!-- This site is optimized with the Yoast SEO plugin v27.4 - https:\/\/yoast.com\/product\/yoast-seo-wordpress\/ -->\n<title>Feij\u00f3o: \u201cS\u00e1nchez has become a problem for the EU and NATO\u201d<\/title>\n<meta name=\"description\" content=\"The president of the People\u2019s Party, Alberto N\u00fa\u00f1ez Feij\u00f3o, presented a devastating assessment of the political course this Thursday.\" \/>\n<meta name=\"robots\" content=\"index, follow, max-snippet:-1, max-image-preview:large, max-video-preview:-1\" \/>\n<link rel=\"canonical\" href=\"https:\/\/thediplomatinspain.com\/en\/2025\/08\/01\/feijoo-sanchez-has-become-an-international-problem-for-the-eu-and-nato\/\" \/>\n<meta property=\"og:locale\" content=\"en_US\" \/>\n<meta property=\"og:type\" content=\"article\" \/>\n<meta property=\"og:title\" content=\"Feij\u00f3o: \u201cS\u00e1nchez has become a problem for the EU and NATO\u201d\" \/>\n<meta property=\"og:description\" content=\"The president of the People\u2019s Party, Alberto N\u00fa\u00f1ez Feij\u00f3o, presented a devastating assessment of the political course this Thursday.\" \/>\n<meta property=\"og:url\" content=\"https:\/\/thediplomatinspain.com\/en\/2025\/08\/01\/feijoo-sanchez-has-become-an-international-problem-for-the-eu-and-nato\/\" \/>\n<meta property=\"og:site_name\" content=\"thediplomatinspain.com\" \/>\n<meta property=\"article:publisher\" content=\"https:\/\/www.facebook.com\/thediplomatinspain\" \/>\n<meta property=\"article:published_time\" content=\"2025-08-01T04:08:42+00:00\" \/>\n<meta property=\"og:image\" content=\"https:\/\/thediplomatinspain.com\/wp-content\/uploads\/2025\/07\/Feijoo-balance.jpg\" \/>\n\t<meta property=\"og:image:width\" content=\"750\" \/>\n\t<meta property=\"og:image:height\" content=\"445\" \/>\n\t<meta property=\"og:image:type\" content=\"image\/jpeg\" \/>\n<meta name=\"author\" content=\"Eduardo Gonz\u00e1lez\" \/>\n<meta name=\"twitter:card\" content=\"summary_large_image\" \/>\n<meta name=\"twitter:creator\" content=\"@diplomatinspain\" \/>\n<meta name=\"twitter:site\" content=\"@diplomatinspain\" \/>\n<meta name=\"twitter:label1\" content=\"Written by\" \/>\n\t<meta name=\"twitter:data1\" content=\"Eduardo Gonz\u00e1lez\" \/>\n\t<meta name=\"twitter:label2\" content=\"Est. reading time\" \/>\n\t<meta name=\"twitter:data2\" content=\"4 minutes\" \/>\n<script type=\"application\/ld+json\" class=\"yoast-schema-graph\">{\"@context\":\"https:\\\/\\\/schema.org\",\"@graph\":[{\"@type\":\"Article\",\"@id\":\"https:\\\/\\\/thediplomatinspain.com\\\/en\\\/2025\\\/08\\\/01\\\/feijoo-sanchez-has-become-an-international-problem-for-the-eu-and-nato\\\/#article\",\"isPartOf\":{\"@id\":\"https:\\\/\\\/thediplomatinspain.com\\\/en\\\/2025\\\/08\\\/01\\\/feijoo-sanchez-has-become-an-international-problem-for-the-eu-and-nato\\\/\"},\"author\":{\"name\":\"Eduardo Gonz\u00e1lez\",\"@id\":\"https:\\\/\\\/thediplomatinspain.com\\\/#\\\/schema\\\/person\\\/3486da7260c1ed500a030f75a625d6ba\"},\"headline\":\"Feij\u00f3o: \u201cS\u00e1nchez has become an international problem for the EU and NATO\u201d\",\"datePublished\":\"2025-08-01T04:08:42+00:00\",\"mainEntityOfPage\":{\"@id\":\"https:\\\/\\\/thediplomatinspain.com\\\/en\\\/2025\\\/08\\\/01\\\/feijoo-sanchez-has-become-an-international-problem-for-the-eu-and-nato\\\/\"},\"wordCount\":842,\"publisher\":{\"@id\":\"https:\\\/\\\/thediplomatinspain.com\\\/#organization\"},\"image\":{\"@id\":\"https:\\\/\\\/thediplomatinspain.com\\\/en\\\/2025\\\/08\\\/01\\\/feijoo-sanchez-has-become-an-international-problem-for-the-eu-and-nato\\\/#primaryimage\"},\"thumbnailUrl\":\"https:\\\/\\\/thediplomatinspain.com\\\/wp-content\\\/uploads\\\/2025\\\/07\\\/Feijoo-balance.jpg\",\"articleSection\":[\"Frontpage\",\"Spain\",\"Suscriptores\"],\"inLanguage\":\"en-US\"},{\"@type\":\"WebPage\",\"@id\":\"https:\\\/\\\/thediplomatinspain.com\\\/en\\\/2025\\\/08\\\/01\\\/feijoo-sanchez-has-become-an-international-problem-for-the-eu-and-nato\\\/\",\"url\":\"https:\\\/\\\/thediplomatinspain.com\\\/en\\\/2025\\\/08\\\/01\\\/feijoo-sanchez-has-become-an-international-problem-for-the-eu-and-nato\\\/\",\"name\":\"Feij\u00f3o: \u201cS\u00e1nchez has become a problem for the EU and NATO\u201d\",\"isPartOf\":{\"@id\":\"https:\\\/\\\/thediplomatinspain.com\\\/#website\"},\"primaryImageOfPage\":{\"@id\":\"https:\\\/\\\/thediplomatinspain.com\\\/en\\\/2025\\\/08\\\/01\\\/feijoo-sanchez-has-become-an-international-problem-for-the-eu-and-nato\\\/#primaryimage\"},\"image\":{\"@id\":\"https:\\\/\\\/thediplomatinspain.com\\\/en\\\/2025\\\/08\\\/01\\\/feijoo-sanchez-has-become-an-international-problem-for-the-eu-and-nato\\\/#primaryimage\"},\"thumbnailUrl\":\"https:\\\/\\\/thediplomatinspain.com\\\/wp-content\\\/uploads\\\/2025\\\/07\\\/Feijoo-balance.jpg\",\"datePublished\":\"2025-08-01T04:08:42+00:00\",\"description\":\"The president of the People\u2019s Party, Alberto N\u00fa\u00f1ez Feij\u00f3o, presented a devastating assessment of the political course this Thursday.\",\"breadcrumb\":{\"@id\":\"https:\\\/\\\/thediplomatinspain.com\\\/en\\\/2025\\\/08\\\/01\\\/feijoo-sanchez-has-become-an-international-problem-for-the-eu-and-nato\\\/#breadcrumb\"},\"inLanguage\":\"en-US\",\"potentialAction\":[{\"@type\":\"ReadAction\",\"target\":[\"https:\\\/\\\/thediplomatinspain.com\\\/en\\\/2025\\\/08\\\/01\\\/feijoo-sanchez-has-become-an-international-problem-for-the-eu-and-nato\\\/\"]}]},{\"@type\":\"ImageObject\",\"inLanguage\":\"en-US\",\"@id\":\"https:\\\/\\\/thediplomatinspain.com\\\/en\\\/2025\\\/08\\\/01\\\/feijoo-sanchez-has-become-an-international-problem-for-the-eu-and-nato\\\/#primaryimage\",\"url\":\"https:\\\/\\\/thediplomatinspain.com\\\/wp-content\\\/uploads\\\/2025\\\/07\\\/Feijoo-balance.jpg\",\"contentUrl\":\"https:\\\/\\\/thediplomatinspain.com\\\/wp-content\\\/uploads\\\/2025\\\/07\\\/Feijoo-balance.jpg\",\"width\":750,\"height\":445,\"caption\":\"Photo: PP\"},{\"@type\":\"BreadcrumbList\",\"@id\":\"https:\\\/\\\/thediplomatinspain.com\\\/en\\\/2025\\\/08\\\/01\\\/feijoo-sanchez-has-become-an-international-problem-for-the-eu-and-nato\\\/#breadcrumb\",\"itemListElement\":[{\"@type\":\"ListItem\",\"position\":1,\"name\":\"Portada\",\"item\":\"https:\\\/\\\/thediplomatinspain.com\\\/en\\\/\"},{\"@type\":\"ListItem\",\"position\":2,\"name\":\"Feij\u00f3o: \u201cS\u00e1nchez has become an international problem for the EU and NATO\u201d\"}]},{\"@type\":\"WebSite\",\"@id\":\"https:\\\/\\\/thediplomatinspain.com\\\/#website\",\"url\":\"https:\\\/\\\/thediplomatinspain.com\\\/\",\"name\":\"thediplomatinspain.com\",\"description\":\"Diario digital de referencia para diplom\u00e1ticos y empresas\",\"publisher\":{\"@id\":\"https:\\\/\\\/thediplomatinspain.com\\\/#organization\"},\"potentialAction\":[{\"@type\":\"SearchAction\",\"target\":{\"@type\":\"EntryPoint\",\"urlTemplate\":\"https:\\\/\\\/thediplomatinspain.com\\\/?s={search_term_string}\"},\"query-input\":{\"@type\":\"PropertyValueSpecification\",\"valueRequired\":true,\"valueName\":\"search_term_string\"}}],\"inLanguage\":\"en-US\"},{\"@type\":\"Organization\",\"@id\":\"https:\\\/\\\/thediplomatinspain.com\\\/#organization\",\"name\":\"thediplomatinspain.com\",\"url\":\"https:\\\/\\\/thediplomatinspain.com\\\/\",\"logo\":{\"@type\":\"ImageObject\",\"inLanguage\":\"en-US\",\"@id\":\"https:\\\/\\\/thediplomatinspain.com\\\/#\\\/schema\\\/logo\\\/image\\\/\",\"url\":\"https:\\\/\\\/thediplomatinspain.com\\\/wp-content\\\/uploads\\\/2024\\\/06\\\/logo_the_diplomat.png\",\"contentUrl\":\"https:\\\/\\\/thediplomatinspain.com\\\/wp-content\\\/uploads\\\/2024\\\/06\\\/logo_the_diplomat.png\",\"width\":284,\"height\":77,\"caption\":\"thediplomatinspain.com\"},\"image\":{\"@id\":\"https:\\\/\\\/thediplomatinspain.com\\\/#\\\/schema\\\/logo\\\/image\\\/\"},\"sameAs\":[\"https:\\\/\\\/www.facebook.com\\\/thediplomatinspain\",\"https:\\\/\\\/x.com\\\/diplomatinspain\",\"https:\\\/\\\/www.youtube.com\\\/channel\\\/UCK0mRqeeZDKdFeiFQZLcH2A\"]},{\"@type\":\"Person\",\"@id\":\"https:\\\/\\\/thediplomatinspain.com\\\/#\\\/schema\\\/person\\\/3486da7260c1ed500a030f75a625d6ba\",\"name\":\"Eduardo Gonz\u00e1lez\",\"image\":{\"@type\":\"ImageObject\",\"inLanguage\":\"en-US\",\"@id\":\"https:\\\/\\\/secure.gravatar.com\\\/avatar\\\/41aa213a3496a9a5a774a70b1b4ba9e94809b2de60529fc9e3ad010c61022c9f?s=96&d=mm&r=g\",\"url\":\"https:\\\/\\\/secure.gravatar.com\\\/avatar\\\/41aa213a3496a9a5a774a70b1b4ba9e94809b2de60529fc9e3ad010c61022c9f?s=96&d=mm&r=g\",\"contentUrl\":\"https:\\\/\\\/secure.gravatar.com\\\/avatar\\\/41aa213a3496a9a5a774a70b1b4ba9e94809b2de60529fc9e3ad010c61022c9f?s=96&d=mm&r=g\",\"caption\":\"Eduardo Gonz\u00e1lez\"},\"url\":\"https:\\\/\\\/thediplomatinspain.com\\\/en\\\/author\\\/egonzalez\\\/\"},{\"@type\":[\"Organization\",\"NewsMediaOrganization\"],\"@id\":\"https:\\\/\\\/thediplomatinspain.com\\\/en\\\/#organization\"},{\"@type\":\"SiteNavigationElement\",\"@id\":\"https:\\\/\\\/thediplomatinspain.com\\\/en\\\/#site-navigation\",\"cssSelector\":[\".cib-main-menu\"]},{\"@type\":\"WPHeader\",\"@id\":\"https:\\\/\\\/thediplomatinspain.com\\\/en\\\/#header\",\"cssSelector\":[\".cib-header\"]},{\"@type\":\"WPFooter\",\"@id\":\"https:\\\/\\\/thediplomatinspain.com\\\/en\\\/#footer\",\"cssSelector\":[\".cib-footer\"]}]}<\/script>\n<!-- \/ Yoast SEO plugin. -->","yoast_head_json":{"title":"Feij\u00f3o: \u201cS\u00e1nchez has become a problem for the EU and NATO\u201d","description":"The president of the People\u2019s Party, Alberto N\u00fa\u00f1ez Feij\u00f3o, presented a devastating assessment of the political course this Thursday.","robots":{"index":"index","follow":"follow","max-snippet":"max-snippet:-1","max-image-preview":"max-image-preview:large","max-video-preview":"max-video-preview:-1"},"canonical":"https:\/\/thediplomatinspain.com\/en\/2025\/08\/01\/feijoo-sanchez-has-become-an-international-problem-for-the-eu-and-nato\/","og_locale":"en_US","og_type":"article","og_title":"Feij\u00f3o: \u201cS\u00e1nchez has become a problem for the EU and NATO\u201d","og_description":"The president of the People\u2019s Party, Alberto N\u00fa\u00f1ez Feij\u00f3o, presented a devastating assessment of the political course this Thursday.","og_url":"https:\/\/thediplomatinspain.com\/en\/2025\/08\/01\/feijoo-sanchez-has-become-an-international-problem-for-the-eu-and-nato\/","og_site_name":"thediplomatinspain.com","article_publisher":"https:\/\/www.facebook.com\/thediplomatinspain","article_published_time":"2025-08-01T04:08:42+00:00","og_image":[{"width":750,"height":445,"url":"https:\/\/thediplomatinspain.com\/wp-content\/uploads\/2025\/07\/Feijoo-balance.jpg","type":"image\/jpeg"}],"author":"Eduardo Gonz\u00e1lez","twitter_card":"summary_large_image","twitter_creator":"@diplomatinspain","twitter_site":"@diplomatinspain","twitter_misc":{"Written by":"Eduardo Gonz\u00e1lez","Est. reading time":"4 minutes"},"schema":{"@context":"https:\/\/schema.org","@graph":[{"@type":"Article","@id":"https:\/\/thediplomatinspain.com\/en\/2025\/08\/01\/feijoo-sanchez-has-become-an-international-problem-for-the-eu-and-nato\/#article","isPartOf":{"@id":"https:\/\/thediplomatinspain.com\/en\/2025\/08\/01\/feijoo-sanchez-has-become-an-international-problem-for-the-eu-and-nato\/"},"author":{"name":"Eduardo Gonz\u00e1lez","@id":"https:\/\/thediplomatinspain.com\/#\/schema\/person\/3486da7260c1ed500a030f75a625d6ba"},"headline":"Feij\u00f3o: \u201cS\u00e1nchez has become an international problem for the EU and NATO\u201d","datePublished":"2025-08-01T04:08:42+00:00","mainEntityOfPage":{"@id":"https:\/\/thediplomatinspain.com\/en\/2025\/08\/01\/feijoo-sanchez-has-become-an-international-problem-for-the-eu-and-nato\/"},"wordCount":842,"publisher":{"@id":"https:\/\/thediplomatinspain.com\/#organization"},"image":{"@id":"https:\/\/thediplomatinspain.com\/en\/2025\/08\/01\/feijoo-sanchez-has-become-an-international-problem-for-the-eu-and-nato\/#primaryimage"},"thumbnailUrl":"https:\/\/thediplomatinspain.com\/wp-content\/uploads\/2025\/07\/Feijoo-balance.jpg","articleSection":["Frontpage","Spain","Suscriptores"],"inLanguage":"en-US"},{"@type":"WebPage","@id":"https:\/\/thediplomatinspain.com\/en\/2025\/08\/01\/feijoo-sanchez-has-become-an-international-problem-for-the-eu-and-nato\/","url":"https:\/\/thediplomatinspain.com\/en\/2025\/08\/01\/feijoo-sanchez-has-become-an-international-problem-for-the-eu-and-nato\/","name":"Feij\u00f3o: \u201cS\u00e1nchez has become a problem for the EU and NATO\u201d","isPartOf":{"@id":"https:\/\/thediplomatinspain.com\/#website"},"primaryImageOfPage":{"@id":"https:\/\/thediplomatinspain.com\/en\/2025\/08\/01\/feijoo-sanchez-has-become-an-international-problem-for-the-eu-and-nato\/#primaryimage"},"image":{"@id":"https:\/\/thediplomatinspain.com\/en\/2025\/08\/01\/feijoo-sanchez-has-become-an-international-problem-for-the-eu-and-nato\/#primaryimage"},"thumbnailUrl":"https:\/\/thediplomatinspain.com\/wp-content\/uploads\/2025\/07\/Feijoo-balance.jpg","datePublished":"2025-08-01T04:08:42+00:00","description":"The president of the People\u2019s Party, Alberto N\u00fa\u00f1ez Feij\u00f3o, presented a devastating assessment of the political course this Thursday.","breadcrumb":{"@id":"https:\/\/thediplomatinspain.com\/en\/2025\/08\/01\/feijoo-sanchez-has-become-an-international-problem-for-the-eu-and-nato\/#breadcrumb"},"inLanguage":"en-US","potentialAction":[{"@type":"ReadAction","target":["https:\/\/thediplomatinspain.com\/en\/2025\/08\/01\/feijoo-sanchez-has-become-an-international-problem-for-the-eu-and-nato\/"]}]},{"@type":"ImageObject","inLanguage":"en-US","@id":"https:\/\/thediplomatinspain.com\/en\/2025\/08\/01\/feijoo-sanchez-has-become-an-international-problem-for-the-eu-and-nato\/#primaryimage","url":"https:\/\/thediplomatinspain.com\/wp-content\/uploads\/2025\/07\/Feijoo-balance.jpg","contentUrl":"https:\/\/thediplomatinspain.com\/wp-content\/uploads\/2025\/07\/Feijoo-balance.jpg","width":750,"height":445,"caption":"Photo: PP"},{"@type":"BreadcrumbList","@id":"https:\/\/thediplomatinspain.com\/en\/2025\/08\/01\/feijoo-sanchez-has-become-an-international-problem-for-the-eu-and-nato\/#breadcrumb","itemListElement":[{"@type":"ListItem","position":1,"name":"Portada","item":"https:\/\/thediplomatinspain.com\/en\/"},{"@type":"ListItem","position":2,"name":"Feij\u00f3o: \u201cS\u00e1nchez has become an international problem for the EU and NATO\u201d"}]},{"@type":"WebSite","@id":"https:\/\/thediplomatinspain.com\/#website","url":"https:\/\/thediplomatinspain.com\/","name":"thediplomatinspain.com","description":"Diario digital de referencia para diplom\u00e1ticos y empresas","publisher":{"@id":"https:\/\/thediplomatinspain.com\/#organization"},"potentialAction":[{"@type":"SearchAction","target":{"@type":"EntryPoint","urlTemplate":"https:\/\/thediplomatinspain.com\/?s={search_term_string}"},"query-input":{"@type":"PropertyValueSpecification","valueRequired":true,"valueName":"search_term_string"}}],"inLanguage":"en-US"},{"@type":"Organization","@id":"https:\/\/thediplomatinspain.com\/#organization","name":"thediplomatinspain.com","url":"https:\/\/thediplomatinspain.com\/","logo":{"@type":"ImageObject","inLanguage":"en-US","@id":"https:\/\/thediplomatinspain.com\/#\/schema\/logo\/image\/","url":"https:\/\/thediplomatinspain.com\/wp-content\/uploads\/2024\/06\/logo_the_diplomat.png","contentUrl":"https:\/\/thediplomatinspain.com\/wp-content\/uploads\/2024\/06\/logo_the_diplomat.png","width":284,"height":77,"caption":"thediplomatinspain.com"},"image":{"@id":"https:\/\/thediplomatinspain.com\/#\/schema\/logo\/image\/"},"sameAs":["https:\/\/www.facebook.com\/thediplomatinspain","https:\/\/x.com\/diplomatinspain","https:\/\/www.youtube.com\/channel\/UCK0mRqeeZDKdFeiFQZLcH2A"]},{"@type":"Person","@id":"https:\/\/thediplomatinspain.com\/#\/schema\/person\/3486da7260c1ed500a030f75a625d6ba","name":"Eduardo Gonz\u00e1lez","image":{"@type":"ImageObject","inLanguage":"en-US","@id":"https:\/\/secure.gravatar.com\/avatar\/41aa213a3496a9a5a774a70b1b4ba9e94809b2de60529fc9e3ad010c61022c9f?s=96&d=mm&r=g","url":"https:\/\/secure.gravatar.com\/avatar\/41aa213a3496a9a5a774a70b1b4ba9e94809b2de60529fc9e3ad010c61022c9f?s=96&d=mm&r=g","contentUrl":"https:\/\/secure.gravatar.com\/avatar\/41aa213a3496a9a5a774a70b1b4ba9e94809b2de60529fc9e3ad010c61022c9f?s=96&d=mm&r=g","caption":"Eduardo Gonz\u00e1lez"},"url":"https:\/\/thediplomatinspain.com\/en\/author\/egonzalez\/"},{"@type":["Organization","NewsMediaOrganization"],"@id":"https:\/\/thediplomatinspain.com\/en\/#organization"},{"@type":"SiteNavigationElement","@id":"https:\/\/thediplomatinspain.com\/en\/#site-navigation","cssSelector":[".cib-main-menu"]},{"@type":"WPHeader","@id":"https:\/\/thediplomatinspain.com\/en\/#header","cssSelector":[".cib-header"]},{"@type":"WPFooter","@id":"https:\/\/thediplomatinspain.com\/en\/#footer","cssSelector":[".cib-footer"]}]}},"amp_enabled":true,"_links":{"self":[{"href":"https:\/\/thediplomatinspain.com\/en\/wp-json\/wp\/v2\/posts\/123849","targetHints":{"allow":["GET"]}}],"collection":[{"href":"https:\/\/thediplomatinspain.com\/en\/wp-json\/wp\/v2\/posts"}],"about":[{"href":"https:\/\/thediplomatinspain.com\/en\/wp-json\/wp\/v2\/types\/post"}],"author":[{"embeddable":true,"href":"https:\/\/thediplomatinspain.com\/en\/wp-json\/wp\/v2\/users\/91"}],"replies":[{"embeddable":true,"href":"https:\/\/thediplomatinspain.com\/en\/wp-json\/wp\/v2\/comments?post=123849"}],"version-history":[{"count":0,"href":"https:\/\/thediplomatinspain.com\/en\/wp-json\/wp\/v2\/posts\/123849\/revisions"}],"wp:featuredmedia":[{"embeddable":true,"href":"https:\/\/thediplomatinspain.com\/en\/wp-json\/wp\/v2\/media\/123847"}],"wp:attachment":[{"href":"https:\/\/thediplomatinspain.com\/en\/wp-json\/wp\/v2\/media?parent=123849"}],"wp:term":[{"taxonomy":"category","embeddable":true,"href":"https:\/\/thediplomatinspain.com\/en\/wp-json\/wp\/v2\/categories?post=123849"},{"taxonomy":"post_tag","embeddable":true,"href":"https:\/\/thediplomatinspain.com\/en\/wp-json\/wp\/v2\/tags?post=123849"}],"curies":[{"name":"wp","href":"https:\/\/api.w.org\/{rel}","templated":true}]}}