{"id":123060,"date":"2025-07-22T06:03:43","date_gmt":"2025-07-22T04:03:43","guid":{"rendered":"https:\/\/thediplomatinspain.com\/?p=123060"},"modified":"2025-07-21T13:05:10","modified_gmt":"2025-07-21T11:05:10","slug":"exito-del-panel-sobre-la-integracion-de-la-comunidad-dominicana-en-espana","status":"publish","type":"post","link":"https:\/\/thediplomatinspain.com\/en\/2025\/07\/22\/exito-del-panel-sobre-la-integracion-de-la-comunidad-dominicana-en-espana\/","title":{"rendered":"Successful panel on the integration of the Dominican community in Spain"},"content":{"rendered":"<p>&nbsp;<\/p>\n<h6><strong>The Diplomat<\/strong><\/h6>\n<p>&nbsp;<\/p>\n<p>The <strong>Dominican Republic Embassy,<\/strong> the <strong>Dominican Foundation (FUNDO)<\/strong> and <strong>Casa de Am\u00e9rica,<\/strong> in collaboration with the magazine <strong><em>Soy Caribe Premium,<\/em><\/strong> successfully held the panel <strong><em>Roots and Horizons: Integration and Culture of the Dominican Community in Spain,<\/em><\/strong> a meeting that took place in the Sim\u00f3n Bol\u00edvar Room of Casa de Am\u00e9rica and which brought together leading figures from the cultural, academic and diplomatic fields.<\/p>\n<p>&nbsp;<\/p>\n<p>The welcome was given by <strong>Mois\u00e9s Morera,<\/strong> director of programming at Casa de Am\u00e9rica, who highlighted the importance of creating spaces that promote intercultural dialogue and the visibility of Ibero-American communities.<\/p>\n<p>&nbsp;<\/p>\n<p>Then, the ambassador of the Dominican Republic, <strong>Tony Raful,<\/strong> addressed the opening words in which he highlighted the active role of the Dominicans in Spain, their adaptability and the value of their cultural and social contribution to the host country.<\/p>\n<p>&nbsp;<\/p>\n<p>Moderated by journalist <strong>Crismeidy Ure\u00f1a Zapata,<\/strong> founder and director of <em>Soy Caribe Premium <\/em>and president of the Dominican foundation in Spain, FUNDO, the panel addressed key issues such as cultural identity, migrant resilience, sense of belonging, and the challenges and opportunities facing Dominicans in their integration process in Spain.<\/p>\n<p>&nbsp;<\/p>\n<p>During the day, speakers shared personal experiences related to migration, adaptation to new environments, professional challenges and achievements from different disciplines.<\/p>\n<p>&nbsp;<\/p>\n<p>Participated in the panel <strong>Julio de Castro,<\/strong> distinguished professor with the chair Jos\u00e9 Mario \u00c1lvarez de Novales, and director of the PhD program at IE Business School, IE University; <strong>Laura G\u00f3mez,<\/strong> Dominican actress with international career, known for her role in <em>Orange is the New Black<\/em> and other productions such <em>as Upon Entry <\/em>and<em> Ash in the Mouth; <\/em><strong>Dr Electa Navarrete,<\/strong> aesthetic physician and author of the book <em>Climbing Everest with Heels,<\/em> a work on self-improvement and personal motivation, and <strong>Lia Chapman,<\/strong> actress, screenwriter, director and producer, with presence in cinema and television in Spain and Latin America.<\/p>\n<p>&nbsp;<\/p>\n<p>This panel was consolidated as a space for reflection and testimony that highlighted how the Dominican community in Spain keeps its identity alive, while enriching the social, cultural and economic environment of the country that hosts them.<\/p>\n<p>&nbsp;<\/p>\n<p>The meeting was attended by representatives of the Institute of Dominicans Abroad (INDEX), the Consulate General of the Dominican Republic in Madrid, and other diplomatic and cultural entities.<\/p>\n<p>&nbsp;<\/p>\n<p>&nbsp;<\/p>\n","protected":false},"excerpt":{"rendered":"<p>The Embassy of the Dominican Republic held a panel on Roots and Horizons: Integration and Culture of the Dominican Community in Spain.<\/p>\n","protected":false},"author":204,"featured_media":123058,"comment_status":"closed","ping_status":"open","sticky":false,"template":"","format":"standard","meta":{"jnews-multi-image_gallery":[],"jnews_single_post":null,"jnews_primary_category":[],"jnews_social_meta":[],"jnews_override_counter":{"view_counter_number":"0","share_counter_number":"0","like_counter_number":"0","dislike_counter_number":"0"},"jnews_post_split":{"post_split":[{"template":"1","tag":"h2","numbering":"asc","mode":"normal","first":"0","enable_toc":"0","toc_type":"normal"}]},"footnotes":""},"categories":[51,187],"tags":[],"class_list":["post-123060","post","type-post","status-publish","format-standard","has-post-thumbnail","hentry","category-breves","category-in-brief"],"yoast_head":"<!-- This site is optimized with the Yoast SEO plugin v27.4 - https:\/\/yoast.com\/product\/yoast-seo-wordpress\/ -->\n<title>Panel on the integration of the Dominican community in Spain<\/title>\n<meta name=\"description\" content=\"The Embassy of the Dominican Republic held a panel on Roots and Horizons: Integration and Culture of the Dominican Community in Spain.\" \/>\n<meta name=\"robots\" content=\"index, follow, max-snippet:-1, max-image-preview:large, max-video-preview:-1\" \/>\n<link rel=\"canonical\" href=\"https:\/\/thediplomatinspain.com\/en\/2025\/07\/22\/exito-del-panel-sobre-la-integracion-de-la-comunidad-dominicana-en-espana\/\" \/>\n<meta property=\"og:locale\" content=\"en_US\" \/>\n<meta property=\"og:type\" content=\"article\" \/>\n<meta property=\"og:title\" content=\"Panel on the integration of the Dominican community in Spain\" \/>\n<meta property=\"og:description\" content=\"The Embassy of the Dominican Republic held a panel on Roots and Horizons: Integration and Culture of the Dominican Community in Spain.\" \/>\n<meta property=\"og:url\" content=\"https:\/\/thediplomatinspain.com\/en\/2025\/07\/22\/exito-del-panel-sobre-la-integracion-de-la-comunidad-dominicana-en-espana\/\" \/>\n<meta property=\"og:site_name\" content=\"thediplomatinspain.com\" \/>\n<meta property=\"article:publisher\" content=\"https:\/\/www.facebook.com\/thediplomatinspain\" \/>\n<meta property=\"article:published_time\" content=\"2025-07-22T04:03:43+00:00\" \/>\n<meta property=\"og:image\" content=\"https:\/\/thediplomatinspain.com\/wp-content\/uploads\/2025\/07\/Panel-integracion-comunidad-ok.jpg\" \/>\n\t<meta property=\"og:image:width\" content=\"750\" \/>\n\t<meta property=\"og:image:height\" content=\"429\" \/>\n\t<meta property=\"og:image:type\" content=\"image\/jpeg\" \/>\n<meta name=\"author\" content=\"Juan David Latorre\" \/>\n<meta name=\"twitter:card\" content=\"summary_large_image\" \/>\n<meta name=\"twitter:creator\" content=\"@diplomatinspain\" \/>\n<meta name=\"twitter:site\" content=\"@diplomatinspain\" \/>\n<meta name=\"twitter:label1\" content=\"Written by\" \/>\n\t<meta name=\"twitter:data1\" content=\"Juan David Latorre\" \/>\n\t<meta name=\"twitter:label2\" content=\"Est. reading time\" \/>\n\t<meta name=\"twitter:data2\" content=\"2 minutes\" \/>\n<script type=\"application\/ld+json\" class=\"yoast-schema-graph\">{\"@context\":\"https:\\\/\\\/schema.org\",\"@graph\":[{\"@type\":\"Article\",\"@id\":\"https:\\\/\\\/thediplomatinspain.com\\\/en\\\/2025\\\/07\\\/22\\\/exito-del-panel-sobre-la-integracion-de-la-comunidad-dominicana-en-espana\\\/#article\",\"isPartOf\":{\"@id\":\"https:\\\/\\\/thediplomatinspain.com\\\/en\\\/2025\\\/07\\\/22\\\/exito-del-panel-sobre-la-integracion-de-la-comunidad-dominicana-en-espana\\\/\"},\"author\":{\"name\":\"Juan David Latorre\",\"@id\":\"https:\\\/\\\/thediplomatinspain.com\\\/#\\\/schema\\\/person\\\/bc23729a451553cbb28c59ed696ced53\"},\"headline\":\"Successful panel on the integration of the Dominican community in Spain\",\"datePublished\":\"2025-07-22T04:03:43+00:00\",\"mainEntityOfPage\":{\"@id\":\"https:\\\/\\\/thediplomatinspain.com\\\/en\\\/2025\\\/07\\\/22\\\/exito-del-panel-sobre-la-integracion-de-la-comunidad-dominicana-en-espana\\\/\"},\"wordCount\":399,\"publisher\":{\"@id\":\"https:\\\/\\\/thediplomatinspain.com\\\/#organization\"},\"image\":{\"@id\":\"https:\\\/\\\/thediplomatinspain.com\\\/en\\\/2025\\\/07\\\/22\\\/exito-del-panel-sobre-la-integracion-de-la-comunidad-dominicana-en-espana\\\/#primaryimage\"},\"thumbnailUrl\":\"https:\\\/\\\/thediplomatinspain.com\\\/wp-content\\\/uploads\\\/2025\\\/07\\\/Panel-integracion-comunidad-ok.jpg\",\"articleSection\":[\"Breves\",\"In brief\"],\"inLanguage\":\"en-US\"},{\"@type\":\"WebPage\",\"@id\":\"https:\\\/\\\/thediplomatinspain.com\\\/en\\\/2025\\\/07\\\/22\\\/exito-del-panel-sobre-la-integracion-de-la-comunidad-dominicana-en-espana\\\/\",\"url\":\"https:\\\/\\\/thediplomatinspain.com\\\/en\\\/2025\\\/07\\\/22\\\/exito-del-panel-sobre-la-integracion-de-la-comunidad-dominicana-en-espana\\\/\",\"name\":\"Panel on the integration of the Dominican community in Spain\",\"isPartOf\":{\"@id\":\"https:\\\/\\\/thediplomatinspain.com\\\/#website\"},\"primaryImageOfPage\":{\"@id\":\"https:\\\/\\\/thediplomatinspain.com\\\/en\\\/2025\\\/07\\\/22\\\/exito-del-panel-sobre-la-integracion-de-la-comunidad-dominicana-en-espana\\\/#primaryimage\"},\"image\":{\"@id\":\"https:\\\/\\\/thediplomatinspain.com\\\/en\\\/2025\\\/07\\\/22\\\/exito-del-panel-sobre-la-integracion-de-la-comunidad-dominicana-en-espana\\\/#primaryimage\"},\"thumbnailUrl\":\"https:\\\/\\\/thediplomatinspain.com\\\/wp-content\\\/uploads\\\/2025\\\/07\\\/Panel-integracion-comunidad-ok.jpg\",\"datePublished\":\"2025-07-22T04:03:43+00:00\",\"description\":\"The Embassy of the Dominican Republic held a panel on Roots and Horizons: Integration and Culture of the Dominican Community in Spain.\",\"breadcrumb\":{\"@id\":\"https:\\\/\\\/thediplomatinspain.com\\\/en\\\/2025\\\/07\\\/22\\\/exito-del-panel-sobre-la-integracion-de-la-comunidad-dominicana-en-espana\\\/#breadcrumb\"},\"inLanguage\":\"en-US\",\"potentialAction\":[{\"@type\":\"ReadAction\",\"target\":[\"https:\\\/\\\/thediplomatinspain.com\\\/en\\\/2025\\\/07\\\/22\\\/exito-del-panel-sobre-la-integracion-de-la-comunidad-dominicana-en-espana\\\/\"]}]},{\"@type\":\"ImageObject\",\"inLanguage\":\"en-US\",\"@id\":\"https:\\\/\\\/thediplomatinspain.com\\\/en\\\/2025\\\/07\\\/22\\\/exito-del-panel-sobre-la-integracion-de-la-comunidad-dominicana-en-espana\\\/#primaryimage\",\"url\":\"https:\\\/\\\/thediplomatinspain.com\\\/wp-content\\\/uploads\\\/2025\\\/07\\\/Panel-integracion-comunidad-ok.jpg\",\"contentUrl\":\"https:\\\/\\\/thediplomatinspain.com\\\/wp-content\\\/uploads\\\/2025\\\/07\\\/Panel-integracion-comunidad-ok.jpg\",\"width\":750,\"height\":429,\"caption\":\"The Dominican ambassador, Tony Raful (center), along with Mois\u00e9s Morera director of programming at Casa de Am\u00e9rica (left) and the speakers who participated in the panel. \\\/Photo: Courtesy of the Dominican Embassy.\"},{\"@type\":\"BreadcrumbList\",\"@id\":\"https:\\\/\\\/thediplomatinspain.com\\\/en\\\/2025\\\/07\\\/22\\\/exito-del-panel-sobre-la-integracion-de-la-comunidad-dominicana-en-espana\\\/#breadcrumb\",\"itemListElement\":[{\"@type\":\"ListItem\",\"position\":1,\"name\":\"Portada\",\"item\":\"https:\\\/\\\/thediplomatinspain.com\\\/en\\\/\"},{\"@type\":\"ListItem\",\"position\":2,\"name\":\"Successful panel on the integration of the Dominican community in Spain\"}]},{\"@type\":\"WebSite\",\"@id\":\"https:\\\/\\\/thediplomatinspain.com\\\/#website\",\"url\":\"https:\\\/\\\/thediplomatinspain.com\\\/\",\"name\":\"thediplomatinspain.com\",\"description\":\"Diario digital de referencia para diplom\u00e1ticos y empresas\",\"publisher\":{\"@id\":\"https:\\\/\\\/thediplomatinspain.com\\\/#organization\"},\"potentialAction\":[{\"@type\":\"SearchAction\",\"target\":{\"@type\":\"EntryPoint\",\"urlTemplate\":\"https:\\\/\\\/thediplomatinspain.com\\\/?s={search_term_string}\"},\"query-input\":{\"@type\":\"PropertyValueSpecification\",\"valueRequired\":true,\"valueName\":\"search_term_string\"}}],\"inLanguage\":\"en-US\"},{\"@type\":\"Organization\",\"@id\":\"https:\\\/\\\/thediplomatinspain.com\\\/#organization\",\"name\":\"thediplomatinspain.com\",\"url\":\"https:\\\/\\\/thediplomatinspain.com\\\/\",\"logo\":{\"@type\":\"ImageObject\",\"inLanguage\":\"en-US\",\"@id\":\"https:\\\/\\\/thediplomatinspain.com\\\/#\\\/schema\\\/logo\\\/image\\\/\",\"url\":\"https:\\\/\\\/thediplomatinspain.com\\\/wp-content\\\/uploads\\\/2024\\\/06\\\/logo_the_diplomat.png\",\"contentUrl\":\"https:\\\/\\\/thediplomatinspain.com\\\/wp-content\\\/uploads\\\/2024\\\/06\\\/logo_the_diplomat.png\",\"width\":284,\"height\":77,\"caption\":\"thediplomatinspain.com\"},\"image\":{\"@id\":\"https:\\\/\\\/thediplomatinspain.com\\\/#\\\/schema\\\/logo\\\/image\\\/\"},\"sameAs\":[\"https:\\\/\\\/www.facebook.com\\\/thediplomatinspain\",\"https:\\\/\\\/x.com\\\/diplomatinspain\",\"https:\\\/\\\/www.youtube.com\\\/channel\\\/UCK0mRqeeZDKdFeiFQZLcH2A\"]},{\"@type\":\"Person\",\"@id\":\"https:\\\/\\\/thediplomatinspain.com\\\/#\\\/schema\\\/person\\\/bc23729a451553cbb28c59ed696ced53\",\"name\":\"Juan David Latorre\",\"image\":{\"@type\":\"ImageObject\",\"inLanguage\":\"en-US\",\"@id\":\"https:\\\/\\\/secure.gravatar.com\\\/avatar\\\/2d39dcb59d17733b9ee745ca1ab1eeff6f72ef14623e21bb10f63bfb965c847a?s=96&d=mm&r=g\",\"url\":\"https:\\\/\\\/secure.gravatar.com\\\/avatar\\\/2d39dcb59d17733b9ee745ca1ab1eeff6f72ef14623e21bb10f63bfb965c847a?s=96&d=mm&r=g\",\"contentUrl\":\"https:\\\/\\\/secure.gravatar.com\\\/avatar\\\/2d39dcb59d17733b9ee745ca1ab1eeff6f72ef14623e21bb10f63bfb965c847a?s=96&d=mm&r=g\",\"caption\":\"Juan David Latorre\"},\"url\":\"https:\\\/\\\/thediplomatinspain.com\\\/en\\\/author\\\/jdlatorre\\\/\"},{\"@type\":[\"Organization\",\"NewsMediaOrganization\"],\"@id\":\"https:\\\/\\\/thediplomatinspain.com\\\/en\\\/#organization\"},{\"@type\":\"SiteNavigationElement\",\"@id\":\"https:\\\/\\\/thediplomatinspain.com\\\/en\\\/#site-navigation\",\"cssSelector\":[\".cib-main-menu\"]},{\"@type\":\"WPHeader\",\"@id\":\"https:\\\/\\\/thediplomatinspain.com\\\/en\\\/#header\",\"cssSelector\":[\".cib-header\"]},{\"@type\":\"WPFooter\",\"@id\":\"https:\\\/\\\/thediplomatinspain.com\\\/en\\\/#footer\",\"cssSelector\":[\".cib-footer\"]}]}<\/script>\n<!-- \/ Yoast SEO plugin. -->","yoast_head_json":{"title":"Panel on the integration of the Dominican community in Spain","description":"The Embassy of the Dominican Republic held a panel on Roots and Horizons: Integration and Culture of the Dominican Community in Spain.","robots":{"index":"index","follow":"follow","max-snippet":"max-snippet:-1","max-image-preview":"max-image-preview:large","max-video-preview":"max-video-preview:-1"},"canonical":"https:\/\/thediplomatinspain.com\/en\/2025\/07\/22\/exito-del-panel-sobre-la-integracion-de-la-comunidad-dominicana-en-espana\/","og_locale":"en_US","og_type":"article","og_title":"Panel on the integration of the Dominican community in Spain","og_description":"The Embassy of the Dominican Republic held a panel on Roots and Horizons: Integration and Culture of the Dominican Community in Spain.","og_url":"https:\/\/thediplomatinspain.com\/en\/2025\/07\/22\/exito-del-panel-sobre-la-integracion-de-la-comunidad-dominicana-en-espana\/","og_site_name":"thediplomatinspain.com","article_publisher":"https:\/\/www.facebook.com\/thediplomatinspain","article_published_time":"2025-07-22T04:03:43+00:00","og_image":[{"width":750,"height":429,"url":"https:\/\/thediplomatinspain.com\/wp-content\/uploads\/2025\/07\/Panel-integracion-comunidad-ok.jpg","type":"image\/jpeg"}],"author":"Juan David Latorre","twitter_card":"summary_large_image","twitter_creator":"@diplomatinspain","twitter_site":"@diplomatinspain","twitter_misc":{"Written by":"Juan David Latorre","Est. reading time":"2 minutes"},"schema":{"@context":"https:\/\/schema.org","@graph":[{"@type":"Article","@id":"https:\/\/thediplomatinspain.com\/en\/2025\/07\/22\/exito-del-panel-sobre-la-integracion-de-la-comunidad-dominicana-en-espana\/#article","isPartOf":{"@id":"https:\/\/thediplomatinspain.com\/en\/2025\/07\/22\/exito-del-panel-sobre-la-integracion-de-la-comunidad-dominicana-en-espana\/"},"author":{"name":"Juan David Latorre","@id":"https:\/\/thediplomatinspain.com\/#\/schema\/person\/bc23729a451553cbb28c59ed696ced53"},"headline":"Successful panel on the integration of the Dominican community in Spain","datePublished":"2025-07-22T04:03:43+00:00","mainEntityOfPage":{"@id":"https:\/\/thediplomatinspain.com\/en\/2025\/07\/22\/exito-del-panel-sobre-la-integracion-de-la-comunidad-dominicana-en-espana\/"},"wordCount":399,"publisher":{"@id":"https:\/\/thediplomatinspain.com\/#organization"},"image":{"@id":"https:\/\/thediplomatinspain.com\/en\/2025\/07\/22\/exito-del-panel-sobre-la-integracion-de-la-comunidad-dominicana-en-espana\/#primaryimage"},"thumbnailUrl":"https:\/\/thediplomatinspain.com\/wp-content\/uploads\/2025\/07\/Panel-integracion-comunidad-ok.jpg","articleSection":["Breves","In brief"],"inLanguage":"en-US"},{"@type":"WebPage","@id":"https:\/\/thediplomatinspain.com\/en\/2025\/07\/22\/exito-del-panel-sobre-la-integracion-de-la-comunidad-dominicana-en-espana\/","url":"https:\/\/thediplomatinspain.com\/en\/2025\/07\/22\/exito-del-panel-sobre-la-integracion-de-la-comunidad-dominicana-en-espana\/","name":"Panel on the integration of the Dominican community in Spain","isPartOf":{"@id":"https:\/\/thediplomatinspain.com\/#website"},"primaryImageOfPage":{"@id":"https:\/\/thediplomatinspain.com\/en\/2025\/07\/22\/exito-del-panel-sobre-la-integracion-de-la-comunidad-dominicana-en-espana\/#primaryimage"},"image":{"@id":"https:\/\/thediplomatinspain.com\/en\/2025\/07\/22\/exito-del-panel-sobre-la-integracion-de-la-comunidad-dominicana-en-espana\/#primaryimage"},"thumbnailUrl":"https:\/\/thediplomatinspain.com\/wp-content\/uploads\/2025\/07\/Panel-integracion-comunidad-ok.jpg","datePublished":"2025-07-22T04:03:43+00:00","description":"The Embassy of the Dominican Republic held a panel on Roots and Horizons: Integration and Culture of the Dominican Community in Spain.","breadcrumb":{"@id":"https:\/\/thediplomatinspain.com\/en\/2025\/07\/22\/exito-del-panel-sobre-la-integracion-de-la-comunidad-dominicana-en-espana\/#breadcrumb"},"inLanguage":"en-US","potentialAction":[{"@type":"ReadAction","target":["https:\/\/thediplomatinspain.com\/en\/2025\/07\/22\/exito-del-panel-sobre-la-integracion-de-la-comunidad-dominicana-en-espana\/"]}]},{"@type":"ImageObject","inLanguage":"en-US","@id":"https:\/\/thediplomatinspain.com\/en\/2025\/07\/22\/exito-del-panel-sobre-la-integracion-de-la-comunidad-dominicana-en-espana\/#primaryimage","url":"https:\/\/thediplomatinspain.com\/wp-content\/uploads\/2025\/07\/Panel-integracion-comunidad-ok.jpg","contentUrl":"https:\/\/thediplomatinspain.com\/wp-content\/uploads\/2025\/07\/Panel-integracion-comunidad-ok.jpg","width":750,"height":429,"caption":"The Dominican ambassador, Tony Raful (center), along with Mois\u00e9s Morera director of programming at Casa de Am\u00e9rica (left) and the speakers who participated in the panel. \/Photo: Courtesy of the Dominican Embassy."},{"@type":"BreadcrumbList","@id":"https:\/\/thediplomatinspain.com\/en\/2025\/07\/22\/exito-del-panel-sobre-la-integracion-de-la-comunidad-dominicana-en-espana\/#breadcrumb","itemListElement":[{"@type":"ListItem","position":1,"name":"Portada","item":"https:\/\/thediplomatinspain.com\/en\/"},{"@type":"ListItem","position":2,"name":"Successful panel on the integration of the Dominican community in Spain"}]},{"@type":"WebSite","@id":"https:\/\/thediplomatinspain.com\/#website","url":"https:\/\/thediplomatinspain.com\/","name":"thediplomatinspain.com","description":"Diario digital de referencia para diplom\u00e1ticos y empresas","publisher":{"@id":"https:\/\/thediplomatinspain.com\/#organization"},"potentialAction":[{"@type":"SearchAction","target":{"@type":"EntryPoint","urlTemplate":"https:\/\/thediplomatinspain.com\/?s={search_term_string}"},"query-input":{"@type":"PropertyValueSpecification","valueRequired":true,"valueName":"search_term_string"}}],"inLanguage":"en-US"},{"@type":"Organization","@id":"https:\/\/thediplomatinspain.com\/#organization","name":"thediplomatinspain.com","url":"https:\/\/thediplomatinspain.com\/","logo":{"@type":"ImageObject","inLanguage":"en-US","@id":"https:\/\/thediplomatinspain.com\/#\/schema\/logo\/image\/","url":"https:\/\/thediplomatinspain.com\/wp-content\/uploads\/2024\/06\/logo_the_diplomat.png","contentUrl":"https:\/\/thediplomatinspain.com\/wp-content\/uploads\/2024\/06\/logo_the_diplomat.png","width":284,"height":77,"caption":"thediplomatinspain.com"},"image":{"@id":"https:\/\/thediplomatinspain.com\/#\/schema\/logo\/image\/"},"sameAs":["https:\/\/www.facebook.com\/thediplomatinspain","https:\/\/x.com\/diplomatinspain","https:\/\/www.youtube.com\/channel\/UCK0mRqeeZDKdFeiFQZLcH2A"]},{"@type":"Person","@id":"https:\/\/thediplomatinspain.com\/#\/schema\/person\/bc23729a451553cbb28c59ed696ced53","name":"Juan David Latorre","image":{"@type":"ImageObject","inLanguage":"en-US","@id":"https:\/\/secure.gravatar.com\/avatar\/2d39dcb59d17733b9ee745ca1ab1eeff6f72ef14623e21bb10f63bfb965c847a?s=96&d=mm&r=g","url":"https:\/\/secure.gravatar.com\/avatar\/2d39dcb59d17733b9ee745ca1ab1eeff6f72ef14623e21bb10f63bfb965c847a?s=96&d=mm&r=g","contentUrl":"https:\/\/secure.gravatar.com\/avatar\/2d39dcb59d17733b9ee745ca1ab1eeff6f72ef14623e21bb10f63bfb965c847a?s=96&d=mm&r=g","caption":"Juan David Latorre"},"url":"https:\/\/thediplomatinspain.com\/en\/author\/jdlatorre\/"},{"@type":["Organization","NewsMediaOrganization"],"@id":"https:\/\/thediplomatinspain.com\/en\/#organization"},{"@type":"SiteNavigationElement","@id":"https:\/\/thediplomatinspain.com\/en\/#site-navigation","cssSelector":[".cib-main-menu"]},{"@type":"WPHeader","@id":"https:\/\/thediplomatinspain.com\/en\/#header","cssSelector":[".cib-header"]},{"@type":"WPFooter","@id":"https:\/\/thediplomatinspain.com\/en\/#footer","cssSelector":[".cib-footer"]}]}},"amp_enabled":true,"_links":{"self":[{"href":"https:\/\/thediplomatinspain.com\/en\/wp-json\/wp\/v2\/posts\/123060","targetHints":{"allow":["GET"]}}],"collection":[{"href":"https:\/\/thediplomatinspain.com\/en\/wp-json\/wp\/v2\/posts"}],"about":[{"href":"https:\/\/thediplomatinspain.com\/en\/wp-json\/wp\/v2\/types\/post"}],"author":[{"embeddable":true,"href":"https:\/\/thediplomatinspain.com\/en\/wp-json\/wp\/v2\/users\/204"}],"replies":[{"embeddable":true,"href":"https:\/\/thediplomatinspain.com\/en\/wp-json\/wp\/v2\/comments?post=123060"}],"version-history":[{"count":0,"href":"https:\/\/thediplomatinspain.com\/en\/wp-json\/wp\/v2\/posts\/123060\/revisions"}],"wp:featuredmedia":[{"embeddable":true,"href":"https:\/\/thediplomatinspain.com\/en\/wp-json\/wp\/v2\/media\/123058"}],"wp:attachment":[{"href":"https:\/\/thediplomatinspain.com\/en\/wp-json\/wp\/v2\/media?parent=123060"}],"wp:term":[{"taxonomy":"category","embeddable":true,"href":"https:\/\/thediplomatinspain.com\/en\/wp-json\/wp\/v2\/categories?post=123060"},{"taxonomy":"post_tag","embeddable":true,"href":"https:\/\/thediplomatinspain.com\/en\/wp-json\/wp\/v2\/tags?post=123060"}],"curies":[{"name":"wp","href":"https:\/\/api.w.org\/{rel}","templated":true}]}}