{"id":119936,"date":"2025-06-17T06:03:07","date_gmt":"2025-06-17T04:03:07","guid":{"rendered":"https:\/\/thediplomatinspain.com\/?p=119936"},"modified":"2025-06-16T18:45:35","modified_gmt":"2025-06-16T16:45:35","slug":"the-king-inaugurates-the-20th-edition-of-the-young-ibero-american-leaders-program","status":"publish","type":"post","link":"https:\/\/thediplomatinspain.com\/en\/2025\/06\/17\/the-king-inaugurates-the-20th-edition-of-the-young-ibero-american-leaders-program\/","title":{"rendered":"The King inaugurates the 20th edition of the Young Ibero-American Leaders Program"},"content":{"rendered":"<h6><strong>The Diplomat<\/strong><\/h6>\n<p><strong>This Monday, at the Royal Palace of El Pardo, the King received the participants in the 20th edition of the Young Ibero-American Leaders Program, which will be held from July 16 to 27 in Madrid, A Coru\u00f1a, and Brussels.<\/strong><\/p>\n<p>Organized annually since 2002 by the Carolina Foundation and Banco Santander, the program selects 25 young Ibero-Americans with outstanding academic records and a strong commitment to their societies.<\/p>\n<p>The Program has been held annually since 2002. In the nineteen previous editions, nearly 700 participants have had the opportunity to learn firsthand about the main EU institutions and learn about the role Spain plays as a member country of the European Union, the functioning of EU agencies, and EU regulations in various areas, such as mobility, education, the economic market, and foreign policy.<\/p>\n<p>Over the next two weeks, participants will meet with senior public sector officials, executives from prominent private entities, and institutional representatives, including the cities of Madrid, A Coru\u00f1a, and Brussels.<\/p>\n<p>The program aims to foster mutual understanding, reflection, and dialogue, as well as promote Ibero-American leadership networks committed to the values \u200b\u200bof the Ibero-American Community and the 2030 Agenda as a horizon for global progress.<\/p>\n<p>Following the royal audience, the inaugural conference took place at the headquarters of the Ministry of Foreign Affairs. The session was led by Ignacio Torreblanca, director of the Madrid office and senior researcher at the European Council on Foreign Relations (ECFR), and \u00c9rika Rodr\u00edguez Pinz\u00f3n, director of the Carolina Foundation.<\/p>\n<p>An institutional welcome ceremony was held afterward, with the participation of Eva Granados, Secretary of State for International Cooperation; Victoria Zuasti, Director of Global Programs &amp; Corporate Agreements, Social Impact at Santander Universities, Banco Santander; and \u00c9rika Rodr\u00edguez Pinz\u00f3n.<\/p>\n","protected":false},"excerpt":{"rendered":"<p>This Monday, at the Royal Palace of El Pardo, the King received the participants in the 20th edition of the Young Ibero-American Leaders Program, which <\/p>\n","protected":false},"author":91,"featured_media":119933,"comment_status":"closed","ping_status":"open","sticky":false,"template":"","format":"standard","meta":{"jnews-multi-image_gallery":[],"jnews_single_post":null,"jnews_primary_category":[],"jnews_social_meta":[],"jnews_override_counter":{"view_counter_number":"0","share_counter_number":"0","like_counter_number":"0","dislike_counter_number":"0"},"jnews_post_split":{"post_split":[{"template":"1","tag":"h2","numbering":"asc","mode":"normal","first":"0","enable_toc":"0","toc_type":"normal"}]},"footnotes":""},"categories":[51,187],"tags":[],"class_list":["post-119936","post","type-post","status-publish","format-standard","has-post-thumbnail","hentry","category-breves","category-in-brief"],"yoast_head":"<!-- This site is optimized with the Yoast SEO plugin v27.4 - https:\/\/yoast.com\/product\/yoast-seo-wordpress\/ -->\n<title>The King inaugurates Young Ibero-American Leaders Program<\/title>\n<meta name=\"description\" content=\"The King received the participants in the 20th edition of the Young Ibero-American Leaders Program at the Royal Palace of El Pardo.\" \/>\n<meta name=\"robots\" content=\"index, follow, max-snippet:-1, max-image-preview:large, max-video-preview:-1\" \/>\n<link rel=\"canonical\" href=\"https:\/\/thediplomatinspain.com\/en\/2025\/06\/17\/the-king-inaugurates-the-20th-edition-of-the-young-ibero-american-leaders-program\/\" \/>\n<meta property=\"og:locale\" content=\"en_US\" \/>\n<meta property=\"og:type\" content=\"article\" \/>\n<meta property=\"og:title\" content=\"The King inaugurates Young Ibero-American Leaders Program\" \/>\n<meta property=\"og:description\" content=\"The King received the participants in the 20th edition of the Young Ibero-American Leaders Program at the Royal Palace of El Pardo.\" \/>\n<meta property=\"og:url\" content=\"https:\/\/thediplomatinspain.com\/en\/2025\/06\/17\/the-king-inaugurates-the-20th-edition-of-the-young-ibero-american-leaders-program\/\" \/>\n<meta property=\"og:site_name\" content=\"thediplomatinspain.com\" \/>\n<meta property=\"article:publisher\" content=\"https:\/\/www.facebook.com\/thediplomatinspain\" \/>\n<meta property=\"article:published_time\" content=\"2025-06-17T04:03:07+00:00\" \/>\n<meta property=\"og:image\" content=\"https:\/\/thediplomatinspain.com\/wp-content\/uploads\/2025\/06\/rey-jovenes-lideres.jpg\" \/>\n\t<meta property=\"og:image:width\" content=\"750\" \/>\n\t<meta property=\"og:image:height\" content=\"422\" \/>\n\t<meta property=\"og:image:type\" content=\"image\/jpeg\" \/>\n<meta name=\"author\" content=\"Eduardo Gonz\u00e1lez\" \/>\n<meta name=\"twitter:card\" content=\"summary_large_image\" \/>\n<meta name=\"twitter:creator\" content=\"@diplomatinspain\" \/>\n<meta name=\"twitter:site\" content=\"@diplomatinspain\" \/>\n<meta name=\"twitter:label1\" content=\"Written by\" \/>\n\t<meta name=\"twitter:data1\" content=\"Eduardo Gonz\u00e1lez\" \/>\n\t<meta name=\"twitter:label2\" content=\"Est. reading time\" \/>\n\t<meta name=\"twitter:data2\" content=\"2 minutes\" \/>\n<script type=\"application\/ld+json\" class=\"yoast-schema-graph\">{\"@context\":\"https:\\\/\\\/schema.org\",\"@graph\":[{\"@type\":\"Article\",\"@id\":\"https:\\\/\\\/thediplomatinspain.com\\\/en\\\/2025\\\/06\\\/17\\\/the-king-inaugurates-the-20th-edition-of-the-young-ibero-american-leaders-program\\\/#article\",\"isPartOf\":{\"@id\":\"https:\\\/\\\/thediplomatinspain.com\\\/en\\\/2025\\\/06\\\/17\\\/the-king-inaugurates-the-20th-edition-of-the-young-ibero-american-leaders-program\\\/\"},\"author\":{\"name\":\"Eduardo Gonz\u00e1lez\",\"@id\":\"https:\\\/\\\/thediplomatinspain.com\\\/#\\\/schema\\\/person\\\/3486da7260c1ed500a030f75a625d6ba\"},\"headline\":\"The King inaugurates the 20th edition of the Young Ibero-American Leaders Program\",\"datePublished\":\"2025-06-17T04:03:07+00:00\",\"mainEntityOfPage\":{\"@id\":\"https:\\\/\\\/thediplomatinspain.com\\\/en\\\/2025\\\/06\\\/17\\\/the-king-inaugurates-the-20th-edition-of-the-young-ibero-american-leaders-program\\\/\"},\"wordCount\":298,\"publisher\":{\"@id\":\"https:\\\/\\\/thediplomatinspain.com\\\/#organization\"},\"image\":{\"@id\":\"https:\\\/\\\/thediplomatinspain.com\\\/en\\\/2025\\\/06\\\/17\\\/the-king-inaugurates-the-20th-edition-of-the-young-ibero-american-leaders-program\\\/#primaryimage\"},\"thumbnailUrl\":\"https:\\\/\\\/thediplomatinspain.com\\\/wp-content\\\/uploads\\\/2025\\\/06\\\/rey-jovenes-lideres.jpg\",\"articleSection\":[\"Breves\",\"In brief\"],\"inLanguage\":\"en-US\"},{\"@type\":\"WebPage\",\"@id\":\"https:\\\/\\\/thediplomatinspain.com\\\/en\\\/2025\\\/06\\\/17\\\/the-king-inaugurates-the-20th-edition-of-the-young-ibero-american-leaders-program\\\/\",\"url\":\"https:\\\/\\\/thediplomatinspain.com\\\/en\\\/2025\\\/06\\\/17\\\/the-king-inaugurates-the-20th-edition-of-the-young-ibero-american-leaders-program\\\/\",\"name\":\"The King inaugurates Young Ibero-American Leaders Program\",\"isPartOf\":{\"@id\":\"https:\\\/\\\/thediplomatinspain.com\\\/#website\"},\"primaryImageOfPage\":{\"@id\":\"https:\\\/\\\/thediplomatinspain.com\\\/en\\\/2025\\\/06\\\/17\\\/the-king-inaugurates-the-20th-edition-of-the-young-ibero-american-leaders-program\\\/#primaryimage\"},\"image\":{\"@id\":\"https:\\\/\\\/thediplomatinspain.com\\\/en\\\/2025\\\/06\\\/17\\\/the-king-inaugurates-the-20th-edition-of-the-young-ibero-american-leaders-program\\\/#primaryimage\"},\"thumbnailUrl\":\"https:\\\/\\\/thediplomatinspain.com\\\/wp-content\\\/uploads\\\/2025\\\/06\\\/rey-jovenes-lideres.jpg\",\"datePublished\":\"2025-06-17T04:03:07+00:00\",\"description\":\"The King received the participants in the 20th edition of the Young Ibero-American Leaders Program at the Royal Palace of El Pardo.\",\"breadcrumb\":{\"@id\":\"https:\\\/\\\/thediplomatinspain.com\\\/en\\\/2025\\\/06\\\/17\\\/the-king-inaugurates-the-20th-edition-of-the-young-ibero-american-leaders-program\\\/#breadcrumb\"},\"inLanguage\":\"en-US\",\"potentialAction\":[{\"@type\":\"ReadAction\",\"target\":[\"https:\\\/\\\/thediplomatinspain.com\\\/en\\\/2025\\\/06\\\/17\\\/the-king-inaugurates-the-20th-edition-of-the-young-ibero-american-leaders-program\\\/\"]}]},{\"@type\":\"ImageObject\",\"inLanguage\":\"en-US\",\"@id\":\"https:\\\/\\\/thediplomatinspain.com\\\/en\\\/2025\\\/06\\\/17\\\/the-king-inaugurates-the-20th-edition-of-the-young-ibero-american-leaders-program\\\/#primaryimage\",\"url\":\"https:\\\/\\\/thediplomatinspain.com\\\/wp-content\\\/uploads\\\/2025\\\/06\\\/rey-jovenes-lideres.jpg\",\"contentUrl\":\"https:\\\/\\\/thediplomatinspain.com\\\/wp-content\\\/uploads\\\/2025\\\/06\\\/rey-jovenes-lideres.jpg\",\"width\":750,\"height\":422,\"caption\":\"Photo: Casa Real\"},{\"@type\":\"BreadcrumbList\",\"@id\":\"https:\\\/\\\/thediplomatinspain.com\\\/en\\\/2025\\\/06\\\/17\\\/the-king-inaugurates-the-20th-edition-of-the-young-ibero-american-leaders-program\\\/#breadcrumb\",\"itemListElement\":[{\"@type\":\"ListItem\",\"position\":1,\"name\":\"Portada\",\"item\":\"https:\\\/\\\/thediplomatinspain.com\\\/en\\\/\"},{\"@type\":\"ListItem\",\"position\":2,\"name\":\"The King inaugurates the 20th edition of the Young Ibero-American Leaders Program\"}]},{\"@type\":\"WebSite\",\"@id\":\"https:\\\/\\\/thediplomatinspain.com\\\/#website\",\"url\":\"https:\\\/\\\/thediplomatinspain.com\\\/\",\"name\":\"thediplomatinspain.com\",\"description\":\"Diario digital de referencia para diplom\u00e1ticos y empresas\",\"publisher\":{\"@id\":\"https:\\\/\\\/thediplomatinspain.com\\\/#organization\"},\"potentialAction\":[{\"@type\":\"SearchAction\",\"target\":{\"@type\":\"EntryPoint\",\"urlTemplate\":\"https:\\\/\\\/thediplomatinspain.com\\\/?s={search_term_string}\"},\"query-input\":{\"@type\":\"PropertyValueSpecification\",\"valueRequired\":true,\"valueName\":\"search_term_string\"}}],\"inLanguage\":\"en-US\"},{\"@type\":\"Organization\",\"@id\":\"https:\\\/\\\/thediplomatinspain.com\\\/#organization\",\"name\":\"thediplomatinspain.com\",\"url\":\"https:\\\/\\\/thediplomatinspain.com\\\/\",\"logo\":{\"@type\":\"ImageObject\",\"inLanguage\":\"en-US\",\"@id\":\"https:\\\/\\\/thediplomatinspain.com\\\/#\\\/schema\\\/logo\\\/image\\\/\",\"url\":\"https:\\\/\\\/thediplomatinspain.com\\\/wp-content\\\/uploads\\\/2024\\\/06\\\/logo_the_diplomat.png\",\"contentUrl\":\"https:\\\/\\\/thediplomatinspain.com\\\/wp-content\\\/uploads\\\/2024\\\/06\\\/logo_the_diplomat.png\",\"width\":284,\"height\":77,\"caption\":\"thediplomatinspain.com\"},\"image\":{\"@id\":\"https:\\\/\\\/thediplomatinspain.com\\\/#\\\/schema\\\/logo\\\/image\\\/\"},\"sameAs\":[\"https:\\\/\\\/www.facebook.com\\\/thediplomatinspain\",\"https:\\\/\\\/x.com\\\/diplomatinspain\",\"https:\\\/\\\/www.youtube.com\\\/channel\\\/UCK0mRqeeZDKdFeiFQZLcH2A\"]},{\"@type\":\"Person\",\"@id\":\"https:\\\/\\\/thediplomatinspain.com\\\/#\\\/schema\\\/person\\\/3486da7260c1ed500a030f75a625d6ba\",\"name\":\"Eduardo Gonz\u00e1lez\",\"image\":{\"@type\":\"ImageObject\",\"inLanguage\":\"en-US\",\"@id\":\"https:\\\/\\\/secure.gravatar.com\\\/avatar\\\/41aa213a3496a9a5a774a70b1b4ba9e94809b2de60529fc9e3ad010c61022c9f?s=96&d=mm&r=g\",\"url\":\"https:\\\/\\\/secure.gravatar.com\\\/avatar\\\/41aa213a3496a9a5a774a70b1b4ba9e94809b2de60529fc9e3ad010c61022c9f?s=96&d=mm&r=g\",\"contentUrl\":\"https:\\\/\\\/secure.gravatar.com\\\/avatar\\\/41aa213a3496a9a5a774a70b1b4ba9e94809b2de60529fc9e3ad010c61022c9f?s=96&d=mm&r=g\",\"caption\":\"Eduardo Gonz\u00e1lez\"},\"url\":\"https:\\\/\\\/thediplomatinspain.com\\\/en\\\/author\\\/egonzalez\\\/\"},{\"@type\":[\"Organization\",\"NewsMediaOrganization\"],\"@id\":\"https:\\\/\\\/thediplomatinspain.com\\\/en\\\/#organization\"},{\"@type\":\"SiteNavigationElement\",\"@id\":\"https:\\\/\\\/thediplomatinspain.com\\\/en\\\/#site-navigation\",\"cssSelector\":[\".cib-main-menu\"]},{\"@type\":\"WPHeader\",\"@id\":\"https:\\\/\\\/thediplomatinspain.com\\\/en\\\/#header\",\"cssSelector\":[\".cib-header\"]},{\"@type\":\"WPFooter\",\"@id\":\"https:\\\/\\\/thediplomatinspain.com\\\/en\\\/#footer\",\"cssSelector\":[\".cib-footer\"]}]}<\/script>\n<!-- \/ Yoast SEO plugin. -->","yoast_head_json":{"title":"The King inaugurates Young Ibero-American Leaders Program","description":"The King received the participants in the 20th edition of the Young Ibero-American Leaders Program at the Royal Palace of El Pardo.","robots":{"index":"index","follow":"follow","max-snippet":"max-snippet:-1","max-image-preview":"max-image-preview:large","max-video-preview":"max-video-preview:-1"},"canonical":"https:\/\/thediplomatinspain.com\/en\/2025\/06\/17\/the-king-inaugurates-the-20th-edition-of-the-young-ibero-american-leaders-program\/","og_locale":"en_US","og_type":"article","og_title":"The King inaugurates Young Ibero-American Leaders Program","og_description":"The King received the participants in the 20th edition of the Young Ibero-American Leaders Program at the Royal Palace of El Pardo.","og_url":"https:\/\/thediplomatinspain.com\/en\/2025\/06\/17\/the-king-inaugurates-the-20th-edition-of-the-young-ibero-american-leaders-program\/","og_site_name":"thediplomatinspain.com","article_publisher":"https:\/\/www.facebook.com\/thediplomatinspain","article_published_time":"2025-06-17T04:03:07+00:00","og_image":[{"width":750,"height":422,"url":"https:\/\/thediplomatinspain.com\/wp-content\/uploads\/2025\/06\/rey-jovenes-lideres.jpg","type":"image\/jpeg"}],"author":"Eduardo Gonz\u00e1lez","twitter_card":"summary_large_image","twitter_creator":"@diplomatinspain","twitter_site":"@diplomatinspain","twitter_misc":{"Written by":"Eduardo Gonz\u00e1lez","Est. reading time":"2 minutes"},"schema":{"@context":"https:\/\/schema.org","@graph":[{"@type":"Article","@id":"https:\/\/thediplomatinspain.com\/en\/2025\/06\/17\/the-king-inaugurates-the-20th-edition-of-the-young-ibero-american-leaders-program\/#article","isPartOf":{"@id":"https:\/\/thediplomatinspain.com\/en\/2025\/06\/17\/the-king-inaugurates-the-20th-edition-of-the-young-ibero-american-leaders-program\/"},"author":{"name":"Eduardo Gonz\u00e1lez","@id":"https:\/\/thediplomatinspain.com\/#\/schema\/person\/3486da7260c1ed500a030f75a625d6ba"},"headline":"The King inaugurates the 20th edition of the Young Ibero-American Leaders Program","datePublished":"2025-06-17T04:03:07+00:00","mainEntityOfPage":{"@id":"https:\/\/thediplomatinspain.com\/en\/2025\/06\/17\/the-king-inaugurates-the-20th-edition-of-the-young-ibero-american-leaders-program\/"},"wordCount":298,"publisher":{"@id":"https:\/\/thediplomatinspain.com\/#organization"},"image":{"@id":"https:\/\/thediplomatinspain.com\/en\/2025\/06\/17\/the-king-inaugurates-the-20th-edition-of-the-young-ibero-american-leaders-program\/#primaryimage"},"thumbnailUrl":"https:\/\/thediplomatinspain.com\/wp-content\/uploads\/2025\/06\/rey-jovenes-lideres.jpg","articleSection":["Breves","In brief"],"inLanguage":"en-US"},{"@type":"WebPage","@id":"https:\/\/thediplomatinspain.com\/en\/2025\/06\/17\/the-king-inaugurates-the-20th-edition-of-the-young-ibero-american-leaders-program\/","url":"https:\/\/thediplomatinspain.com\/en\/2025\/06\/17\/the-king-inaugurates-the-20th-edition-of-the-young-ibero-american-leaders-program\/","name":"The King inaugurates Young Ibero-American Leaders Program","isPartOf":{"@id":"https:\/\/thediplomatinspain.com\/#website"},"primaryImageOfPage":{"@id":"https:\/\/thediplomatinspain.com\/en\/2025\/06\/17\/the-king-inaugurates-the-20th-edition-of-the-young-ibero-american-leaders-program\/#primaryimage"},"image":{"@id":"https:\/\/thediplomatinspain.com\/en\/2025\/06\/17\/the-king-inaugurates-the-20th-edition-of-the-young-ibero-american-leaders-program\/#primaryimage"},"thumbnailUrl":"https:\/\/thediplomatinspain.com\/wp-content\/uploads\/2025\/06\/rey-jovenes-lideres.jpg","datePublished":"2025-06-17T04:03:07+00:00","description":"The King received the participants in the 20th edition of the Young Ibero-American Leaders Program at the Royal Palace of El Pardo.","breadcrumb":{"@id":"https:\/\/thediplomatinspain.com\/en\/2025\/06\/17\/the-king-inaugurates-the-20th-edition-of-the-young-ibero-american-leaders-program\/#breadcrumb"},"inLanguage":"en-US","potentialAction":[{"@type":"ReadAction","target":["https:\/\/thediplomatinspain.com\/en\/2025\/06\/17\/the-king-inaugurates-the-20th-edition-of-the-young-ibero-american-leaders-program\/"]}]},{"@type":"ImageObject","inLanguage":"en-US","@id":"https:\/\/thediplomatinspain.com\/en\/2025\/06\/17\/the-king-inaugurates-the-20th-edition-of-the-young-ibero-american-leaders-program\/#primaryimage","url":"https:\/\/thediplomatinspain.com\/wp-content\/uploads\/2025\/06\/rey-jovenes-lideres.jpg","contentUrl":"https:\/\/thediplomatinspain.com\/wp-content\/uploads\/2025\/06\/rey-jovenes-lideres.jpg","width":750,"height":422,"caption":"Photo: Casa Real"},{"@type":"BreadcrumbList","@id":"https:\/\/thediplomatinspain.com\/en\/2025\/06\/17\/the-king-inaugurates-the-20th-edition-of-the-young-ibero-american-leaders-program\/#breadcrumb","itemListElement":[{"@type":"ListItem","position":1,"name":"Portada","item":"https:\/\/thediplomatinspain.com\/en\/"},{"@type":"ListItem","position":2,"name":"The King inaugurates the 20th edition of the Young Ibero-American Leaders Program"}]},{"@type":"WebSite","@id":"https:\/\/thediplomatinspain.com\/#website","url":"https:\/\/thediplomatinspain.com\/","name":"thediplomatinspain.com","description":"Diario digital de referencia para diplom\u00e1ticos y empresas","publisher":{"@id":"https:\/\/thediplomatinspain.com\/#organization"},"potentialAction":[{"@type":"SearchAction","target":{"@type":"EntryPoint","urlTemplate":"https:\/\/thediplomatinspain.com\/?s={search_term_string}"},"query-input":{"@type":"PropertyValueSpecification","valueRequired":true,"valueName":"search_term_string"}}],"inLanguage":"en-US"},{"@type":"Organization","@id":"https:\/\/thediplomatinspain.com\/#organization","name":"thediplomatinspain.com","url":"https:\/\/thediplomatinspain.com\/","logo":{"@type":"ImageObject","inLanguage":"en-US","@id":"https:\/\/thediplomatinspain.com\/#\/schema\/logo\/image\/","url":"https:\/\/thediplomatinspain.com\/wp-content\/uploads\/2024\/06\/logo_the_diplomat.png","contentUrl":"https:\/\/thediplomatinspain.com\/wp-content\/uploads\/2024\/06\/logo_the_diplomat.png","width":284,"height":77,"caption":"thediplomatinspain.com"},"image":{"@id":"https:\/\/thediplomatinspain.com\/#\/schema\/logo\/image\/"},"sameAs":["https:\/\/www.facebook.com\/thediplomatinspain","https:\/\/x.com\/diplomatinspain","https:\/\/www.youtube.com\/channel\/UCK0mRqeeZDKdFeiFQZLcH2A"]},{"@type":"Person","@id":"https:\/\/thediplomatinspain.com\/#\/schema\/person\/3486da7260c1ed500a030f75a625d6ba","name":"Eduardo Gonz\u00e1lez","image":{"@type":"ImageObject","inLanguage":"en-US","@id":"https:\/\/secure.gravatar.com\/avatar\/41aa213a3496a9a5a774a70b1b4ba9e94809b2de60529fc9e3ad010c61022c9f?s=96&d=mm&r=g","url":"https:\/\/secure.gravatar.com\/avatar\/41aa213a3496a9a5a774a70b1b4ba9e94809b2de60529fc9e3ad010c61022c9f?s=96&d=mm&r=g","contentUrl":"https:\/\/secure.gravatar.com\/avatar\/41aa213a3496a9a5a774a70b1b4ba9e94809b2de60529fc9e3ad010c61022c9f?s=96&d=mm&r=g","caption":"Eduardo Gonz\u00e1lez"},"url":"https:\/\/thediplomatinspain.com\/en\/author\/egonzalez\/"},{"@type":["Organization","NewsMediaOrganization"],"@id":"https:\/\/thediplomatinspain.com\/en\/#organization"},{"@type":"SiteNavigationElement","@id":"https:\/\/thediplomatinspain.com\/en\/#site-navigation","cssSelector":[".cib-main-menu"]},{"@type":"WPHeader","@id":"https:\/\/thediplomatinspain.com\/en\/#header","cssSelector":[".cib-header"]},{"@type":"WPFooter","@id":"https:\/\/thediplomatinspain.com\/en\/#footer","cssSelector":[".cib-footer"]}]}},"amp_enabled":true,"_links":{"self":[{"href":"https:\/\/thediplomatinspain.com\/en\/wp-json\/wp\/v2\/posts\/119936","targetHints":{"allow":["GET"]}}],"collection":[{"href":"https:\/\/thediplomatinspain.com\/en\/wp-json\/wp\/v2\/posts"}],"about":[{"href":"https:\/\/thediplomatinspain.com\/en\/wp-json\/wp\/v2\/types\/post"}],"author":[{"embeddable":true,"href":"https:\/\/thediplomatinspain.com\/en\/wp-json\/wp\/v2\/users\/91"}],"replies":[{"embeddable":true,"href":"https:\/\/thediplomatinspain.com\/en\/wp-json\/wp\/v2\/comments?post=119936"}],"version-history":[{"count":0,"href":"https:\/\/thediplomatinspain.com\/en\/wp-json\/wp\/v2\/posts\/119936\/revisions"}],"wp:featuredmedia":[{"embeddable":true,"href":"https:\/\/thediplomatinspain.com\/en\/wp-json\/wp\/v2\/media\/119933"}],"wp:attachment":[{"href":"https:\/\/thediplomatinspain.com\/en\/wp-json\/wp\/v2\/media?parent=119936"}],"wp:term":[{"taxonomy":"category","embeddable":true,"href":"https:\/\/thediplomatinspain.com\/en\/wp-json\/wp\/v2\/categories?post=119936"},{"taxonomy":"post_tag","embeddable":true,"href":"https:\/\/thediplomatinspain.com\/en\/wp-json\/wp\/v2\/tags?post=119936"}],"curies":[{"name":"wp","href":"https:\/\/api.w.org\/{rel}","templated":true}]}}