{"id":110853,"date":"2025-03-10T06:00:52","date_gmt":"2025-03-10T05:00:52","guid":{"rendered":"https:\/\/thediplomatinspain.com\/?p=110853"},"modified":"2025-03-10T06:05:05","modified_gmt":"2025-03-10T05:05:05","slug":"la-fundacion-excelentia-presenta-el-concierto-noche-espanola","status":"publish","type":"post","link":"https:\/\/thediplomatinspain.com\/en\/2025\/03\/10\/la-fundacion-excelentia-presenta-el-concierto-noche-espanola\/","title":{"rendered":"La Fundaci\u00f3n Excelentia presenta el concierto &#8216;Noche Espa\u00f1ola&#8217;"},"content":{"rendered":"<p>&nbsp;<\/p>\n<p>El pr\u00f3ximo mi\u00e9rcoles 12 marzo a las 19.30 horas, la <strong>Fundaci\u00f3n Excelentia<\/strong> presenta en la Sala Sinf\u00f3nica del <strong>Auditorio Nacional de M\u00fasica<\/strong> de Madrid un <strong><em>Concierto de M\u00fasica Espa\u00f1ola.<\/em><\/strong><\/p>\n<p>&nbsp;<\/p>\n<p>El <em>Concierto de Aranjuez,<\/em> de <strong>Joaqu\u00edn Rodrigo;<\/strong> <em>Noches en los Jardines de Espa\u00f1a,<\/em> de <strong>Falla;<\/strong> <em>Espa\u00f1a,<\/em> de <strong>Chabrier,<\/strong> o <em>Romanza para guitarra y orquesta,<\/em> de <strong>Bacarisse,<\/strong> y m\u00e1s&#8230; se podr\u00e1n disfrutar en un concierto \u00fanico en donde la m\u00fasica espa\u00f1ola ser\u00e1 la protagonista.<\/p>\n<p>&nbsp;<\/p>\n<p>El concierto contar\u00e1 con la actuaci\u00f3n de los virtuosos de la guitarra y el piano, <strong>Alejandro Hurtado<\/strong> y <strong>Andr\u00e9s Barrios,<\/strong> respectivamente, acompa\u00f1ados por la <strong>Orquesta Cl\u00e1sica Santa Cecilia<\/strong> y la direcci\u00f3n de <strong>Kynan Johns.<\/strong><\/p>\n<p>&nbsp;<\/p>\n<p>Tambi\u00e9n se podr\u00e1n escuchar piezas tan famosas como <em>\u00abSevilla\u00bb de Suite Espa\u00f1ola,<\/em> de Isaac Alb\u00e9niz; <em>Gran Jota,<\/em> de <strong>Francisco T\u00e1rrega;<\/strong> <em>La boda de Luis Alonso,<\/em> de <strong>Ger\u00f3nimo Gim\u00e9nez;<\/strong> <em>\u00abObertura\u00bb de El barbero de Sevilla,<\/em> de <strong>Gioacchino Rossini,<\/strong> o <em>Suspiros de Espa\u00f1a,<\/em> de <strong>Antonio \u00c1lvarez Alonso,<\/strong> entre otras maravillas de la m\u00fasica universal.<\/p>\n<p>&nbsp;<\/p>\n<p>Las entradas se pueden adquirir en este <a href=\"https:\/\/fundacionexcelentia.org\/12032025-noche-espanola-concierto-de-aranjuez\/?_gl=1*19hcta*_up*MQ..*_ga*MjM2MDYzMDAuMTczOTA4MjgyOA..*_ga_RNSVMB22GZ*MTczOTA4MjgyNi4xLjAuMTczOTA4MjgyNi4wLjAuMTAyNDc2MzYxOQ&amp;utm_campaign=noche-espanola-en-el-auditorio-nacional&amp;utm_medium=email&amp;utm_source=acumbamail\"><strong>enlace<\/strong> <\/a>o llamando al 9 4574061 \/ 91 4583089 o enviando un correo a <a href=\"mailto:reservas@fundacionexcelentia.org\">reservas@fundacionexcelentia.org<\/a>.<\/p>\n<p>&nbsp;<\/p>\n<p>&nbsp;<\/p>\n","protected":false},"excerpt":{"rendered":"<p>La Fundaci\u00f3n Excelentia presenta en la Sala Sinf\u00f3nica del Auditorio Nacional de M\u00fasica de Madrid un Concierto de M\u00fasica Espa\u00f1ola.<\/p>\n","protected":false},"author":204,"featured_media":110851,"comment_status":"closed","ping_status":"open","sticky":false,"template":"","format":"standard","meta":{"jnews-multi-image_gallery":[],"jnews_single_post":{"subtitle":""},"jnews_primary_category":[],"jnews_social_meta":[],"jnews_override_counter":[],"jnews_post_split":[],"footnotes":""},"categories":[176,208],"tags":[],"class_list":["post-110853","post","type-post","status-publish","format-standard","has-post-thumbnail","hentry","category-leisure","category-musica-en"],"yoast_head":"<!-- This site is optimized with the Yoast SEO plugin v27.4 - https:\/\/yoast.com\/product\/yoast-seo-wordpress\/ -->\n<title>La Fundaci\u00f3n Excelentia presenta el concierto &#039;Noche Espa\u00f1ola&#039;<\/title>\n<meta name=\"description\" content=\"La Fundaci\u00f3n Excelentia presenta en la Sala Sinf\u00f3nica del Auditorio Nacional de M\u00fasica de Madrid un Concierto de M\u00fasica Espa\u00f1ola.\" \/>\n<meta name=\"robots\" content=\"index, follow, max-snippet:-1, max-image-preview:large, max-video-preview:-1\" \/>\n<link rel=\"canonical\" href=\"https:\/\/thediplomatinspain.com\/en\/2025\/03\/10\/la-fundacion-excelentia-presenta-el-concierto-noche-espanola\/\" \/>\n<meta property=\"og:locale\" content=\"en_US\" \/>\n<meta property=\"og:type\" content=\"article\" \/>\n<meta property=\"og:title\" content=\"La Fundaci\u00f3n Excelentia presenta el concierto &#039;Noche Espa\u00f1ola&#039;\" \/>\n<meta property=\"og:description\" content=\"La Fundaci\u00f3n Excelentia presenta en la Sala Sinf\u00f3nica del Auditorio Nacional de M\u00fasica de Madrid un Concierto de M\u00fasica Espa\u00f1ola.\" \/>\n<meta property=\"og:url\" content=\"https:\/\/thediplomatinspain.com\/en\/2025\/03\/10\/la-fundacion-excelentia-presenta-el-concierto-noche-espanola\/\" \/>\n<meta property=\"og:site_name\" content=\"thediplomatinspain.com\" \/>\n<meta property=\"article:publisher\" content=\"https:\/\/www.facebook.com\/thediplomatinspain\" \/>\n<meta property=\"article:published_time\" content=\"2025-03-10T05:00:52+00:00\" \/>\n<meta property=\"article:modified_time\" content=\"2025-03-10T05:05:05+00:00\" \/>\n<meta property=\"og:image\" content=\"https:\/\/thediplomatinspain.com\/wp-content\/uploads\/2025\/03\/Noche-Espanola-ok.jpg\" \/>\n\t<meta property=\"og:image:width\" content=\"750\" \/>\n\t<meta property=\"og:image:height\" content=\"428\" \/>\n\t<meta property=\"og:image:type\" content=\"image\/jpeg\" \/>\n<meta name=\"author\" content=\"Juan David Latorre\" \/>\n<meta name=\"twitter:card\" content=\"summary_large_image\" \/>\n<meta name=\"twitter:creator\" content=\"@diplomatinspain\" \/>\n<meta name=\"twitter:site\" content=\"@diplomatinspain\" \/>\n<meta name=\"twitter:label1\" content=\"Written by\" \/>\n\t<meta name=\"twitter:data1\" content=\"Juan David Latorre\" \/>\n\t<meta name=\"twitter:label2\" content=\"Est. reading time\" \/>\n\t<meta name=\"twitter:data2\" content=\"2 minutes\" \/>\n<script type=\"application\/ld+json\" class=\"yoast-schema-graph\">{\"@context\":\"https:\\\/\\\/schema.org\",\"@graph\":[{\"@type\":\"Article\",\"@id\":\"https:\\\/\\\/thediplomatinspain.com\\\/en\\\/2025\\\/03\\\/10\\\/la-fundacion-excelentia-presenta-el-concierto-noche-espanola\\\/#article\",\"isPartOf\":{\"@id\":\"https:\\\/\\\/thediplomatinspain.com\\\/en\\\/2025\\\/03\\\/10\\\/la-fundacion-excelentia-presenta-el-concierto-noche-espanola\\\/\"},\"author\":{\"name\":\"Juan David Latorre\",\"@id\":\"https:\\\/\\\/thediplomatinspain.com\\\/#\\\/schema\\\/person\\\/bc23729a451553cbb28c59ed696ced53\"},\"headline\":\"La Fundaci\u00f3n Excelentia presenta el concierto &#8216;Noche Espa\u00f1ola&#8217;\",\"datePublished\":\"2025-03-10T05:00:52+00:00\",\"dateModified\":\"2025-03-10T05:05:05+00:00\",\"mainEntityOfPage\":{\"@id\":\"https:\\\/\\\/thediplomatinspain.com\\\/en\\\/2025\\\/03\\\/10\\\/la-fundacion-excelentia-presenta-el-concierto-noche-espanola\\\/\"},\"wordCount\":220,\"publisher\":{\"@id\":\"https:\\\/\\\/thediplomatinspain.com\\\/#organization\"},\"image\":{\"@id\":\"https:\\\/\\\/thediplomatinspain.com\\\/en\\\/2025\\\/03\\\/10\\\/la-fundacion-excelentia-presenta-el-concierto-noche-espanola\\\/#primaryimage\"},\"thumbnailUrl\":\"https:\\\/\\\/thediplomatinspain.com\\\/wp-content\\\/uploads\\\/2025\\\/03\\\/Noche-Espanola-ok.jpg\",\"articleSection\":[\"Leisure\",\"M\u00fasica\"],\"inLanguage\":\"en-US\"},{\"@type\":\"WebPage\",\"@id\":\"https:\\\/\\\/thediplomatinspain.com\\\/en\\\/2025\\\/03\\\/10\\\/la-fundacion-excelentia-presenta-el-concierto-noche-espanola\\\/\",\"url\":\"https:\\\/\\\/thediplomatinspain.com\\\/en\\\/2025\\\/03\\\/10\\\/la-fundacion-excelentia-presenta-el-concierto-noche-espanola\\\/\",\"name\":\"La Fundaci\u00f3n Excelentia presenta el concierto 'Noche Espa\u00f1ola'\",\"isPartOf\":{\"@id\":\"https:\\\/\\\/thediplomatinspain.com\\\/#website\"},\"primaryImageOfPage\":{\"@id\":\"https:\\\/\\\/thediplomatinspain.com\\\/en\\\/2025\\\/03\\\/10\\\/la-fundacion-excelentia-presenta-el-concierto-noche-espanola\\\/#primaryimage\"},\"image\":{\"@id\":\"https:\\\/\\\/thediplomatinspain.com\\\/en\\\/2025\\\/03\\\/10\\\/la-fundacion-excelentia-presenta-el-concierto-noche-espanola\\\/#primaryimage\"},\"thumbnailUrl\":\"https:\\\/\\\/thediplomatinspain.com\\\/wp-content\\\/uploads\\\/2025\\\/03\\\/Noche-Espanola-ok.jpg\",\"datePublished\":\"2025-03-10T05:00:52+00:00\",\"dateModified\":\"2025-03-10T05:05:05+00:00\",\"description\":\"La Fundaci\u00f3n Excelentia presenta en la Sala Sinf\u00f3nica del Auditorio Nacional de M\u00fasica de Madrid un Concierto de M\u00fasica Espa\u00f1ola.\",\"breadcrumb\":{\"@id\":\"https:\\\/\\\/thediplomatinspain.com\\\/en\\\/2025\\\/03\\\/10\\\/la-fundacion-excelentia-presenta-el-concierto-noche-espanola\\\/#breadcrumb\"},\"inLanguage\":\"en-US\",\"potentialAction\":[{\"@type\":\"ReadAction\",\"target\":[\"https:\\\/\\\/thediplomatinspain.com\\\/en\\\/2025\\\/03\\\/10\\\/la-fundacion-excelentia-presenta-el-concierto-noche-espanola\\\/\"]}]},{\"@type\":\"ImageObject\",\"inLanguage\":\"en-US\",\"@id\":\"https:\\\/\\\/thediplomatinspain.com\\\/en\\\/2025\\\/03\\\/10\\\/la-fundacion-excelentia-presenta-el-concierto-noche-espanola\\\/#primaryimage\",\"url\":\"https:\\\/\\\/thediplomatinspain.com\\\/wp-content\\\/uploads\\\/2025\\\/03\\\/Noche-Espanola-ok.jpg\",\"contentUrl\":\"https:\\\/\\\/thediplomatinspain.com\\\/wp-content\\\/uploads\\\/2025\\\/03\\\/Noche-Espanola-ok.jpg\",\"width\":750,\"height\":428},{\"@type\":\"BreadcrumbList\",\"@id\":\"https:\\\/\\\/thediplomatinspain.com\\\/en\\\/2025\\\/03\\\/10\\\/la-fundacion-excelentia-presenta-el-concierto-noche-espanola\\\/#breadcrumb\",\"itemListElement\":[{\"@type\":\"ListItem\",\"position\":1,\"name\":\"Portada\",\"item\":\"https:\\\/\\\/thediplomatinspain.com\\\/en\\\/\"},{\"@type\":\"ListItem\",\"position\":2,\"name\":\"La Fundaci\u00f3n Excelentia presenta el concierto &#8216;Noche Espa\u00f1ola&#8217;\"}]},{\"@type\":\"WebSite\",\"@id\":\"https:\\\/\\\/thediplomatinspain.com\\\/#website\",\"url\":\"https:\\\/\\\/thediplomatinspain.com\\\/\",\"name\":\"thediplomatinspain.com\",\"description\":\"Diario digital de referencia para diplom\u00e1ticos y empresas\",\"publisher\":{\"@id\":\"https:\\\/\\\/thediplomatinspain.com\\\/#organization\"},\"potentialAction\":[{\"@type\":\"SearchAction\",\"target\":{\"@type\":\"EntryPoint\",\"urlTemplate\":\"https:\\\/\\\/thediplomatinspain.com\\\/?s={search_term_string}\"},\"query-input\":{\"@type\":\"PropertyValueSpecification\",\"valueRequired\":true,\"valueName\":\"search_term_string\"}}],\"inLanguage\":\"en-US\"},{\"@type\":\"Organization\",\"@id\":\"https:\\\/\\\/thediplomatinspain.com\\\/#organization\",\"name\":\"thediplomatinspain.com\",\"url\":\"https:\\\/\\\/thediplomatinspain.com\\\/\",\"logo\":{\"@type\":\"ImageObject\",\"inLanguage\":\"en-US\",\"@id\":\"https:\\\/\\\/thediplomatinspain.com\\\/#\\\/schema\\\/logo\\\/image\\\/\",\"url\":\"https:\\\/\\\/thediplomatinspain.com\\\/wp-content\\\/uploads\\\/2024\\\/06\\\/logo_the_diplomat.png\",\"contentUrl\":\"https:\\\/\\\/thediplomatinspain.com\\\/wp-content\\\/uploads\\\/2024\\\/06\\\/logo_the_diplomat.png\",\"width\":284,\"height\":77,\"caption\":\"thediplomatinspain.com\"},\"image\":{\"@id\":\"https:\\\/\\\/thediplomatinspain.com\\\/#\\\/schema\\\/logo\\\/image\\\/\"},\"sameAs\":[\"https:\\\/\\\/www.facebook.com\\\/thediplomatinspain\",\"https:\\\/\\\/x.com\\\/diplomatinspain\",\"https:\\\/\\\/www.youtube.com\\\/channel\\\/UCK0mRqeeZDKdFeiFQZLcH2A\"]},{\"@type\":\"Person\",\"@id\":\"https:\\\/\\\/thediplomatinspain.com\\\/#\\\/schema\\\/person\\\/bc23729a451553cbb28c59ed696ced53\",\"name\":\"Juan David Latorre\",\"image\":{\"@type\":\"ImageObject\",\"inLanguage\":\"en-US\",\"@id\":\"https:\\\/\\\/secure.gravatar.com\\\/avatar\\\/2d39dcb59d17733b9ee745ca1ab1eeff6f72ef14623e21bb10f63bfb965c847a?s=96&d=mm&r=g\",\"url\":\"https:\\\/\\\/secure.gravatar.com\\\/avatar\\\/2d39dcb59d17733b9ee745ca1ab1eeff6f72ef14623e21bb10f63bfb965c847a?s=96&d=mm&r=g\",\"contentUrl\":\"https:\\\/\\\/secure.gravatar.com\\\/avatar\\\/2d39dcb59d17733b9ee745ca1ab1eeff6f72ef14623e21bb10f63bfb965c847a?s=96&d=mm&r=g\",\"caption\":\"Juan David Latorre\"},\"url\":\"https:\\\/\\\/thediplomatinspain.com\\\/en\\\/author\\\/jdlatorre\\\/\"},{\"@type\":[\"Organization\",\"NewsMediaOrganization\"],\"@id\":\"https:\\\/\\\/thediplomatinspain.com\\\/en\\\/#organization\"},{\"@type\":\"SiteNavigationElement\",\"@id\":\"https:\\\/\\\/thediplomatinspain.com\\\/en\\\/#site-navigation\",\"cssSelector\":[\".cib-main-menu\"]},{\"@type\":\"WPHeader\",\"@id\":\"https:\\\/\\\/thediplomatinspain.com\\\/en\\\/#header\",\"cssSelector\":[\".cib-header\"]},{\"@type\":\"WPFooter\",\"@id\":\"https:\\\/\\\/thediplomatinspain.com\\\/en\\\/#footer\",\"cssSelector\":[\".cib-footer\"]}]}<\/script>\n<!-- \/ Yoast SEO plugin. -->","yoast_head_json":{"title":"La Fundaci\u00f3n Excelentia presenta el concierto 'Noche Espa\u00f1ola'","description":"La Fundaci\u00f3n Excelentia presenta en la Sala Sinf\u00f3nica del Auditorio Nacional de M\u00fasica de Madrid un Concierto de M\u00fasica Espa\u00f1ola.","robots":{"index":"index","follow":"follow","max-snippet":"max-snippet:-1","max-image-preview":"max-image-preview:large","max-video-preview":"max-video-preview:-1"},"canonical":"https:\/\/thediplomatinspain.com\/en\/2025\/03\/10\/la-fundacion-excelentia-presenta-el-concierto-noche-espanola\/","og_locale":"en_US","og_type":"article","og_title":"La Fundaci\u00f3n Excelentia presenta el concierto 'Noche Espa\u00f1ola'","og_description":"La Fundaci\u00f3n Excelentia presenta en la Sala Sinf\u00f3nica del Auditorio Nacional de M\u00fasica de Madrid un Concierto de M\u00fasica Espa\u00f1ola.","og_url":"https:\/\/thediplomatinspain.com\/en\/2025\/03\/10\/la-fundacion-excelentia-presenta-el-concierto-noche-espanola\/","og_site_name":"thediplomatinspain.com","article_publisher":"https:\/\/www.facebook.com\/thediplomatinspain","article_published_time":"2025-03-10T05:00:52+00:00","article_modified_time":"2025-03-10T05:05:05+00:00","og_image":[{"width":750,"height":428,"url":"https:\/\/thediplomatinspain.com\/wp-content\/uploads\/2025\/03\/Noche-Espanola-ok.jpg","type":"image\/jpeg"}],"author":"Juan David Latorre","twitter_card":"summary_large_image","twitter_creator":"@diplomatinspain","twitter_site":"@diplomatinspain","twitter_misc":{"Written by":"Juan David Latorre","Est. reading time":"2 minutes"},"schema":{"@context":"https:\/\/schema.org","@graph":[{"@type":"Article","@id":"https:\/\/thediplomatinspain.com\/en\/2025\/03\/10\/la-fundacion-excelentia-presenta-el-concierto-noche-espanola\/#article","isPartOf":{"@id":"https:\/\/thediplomatinspain.com\/en\/2025\/03\/10\/la-fundacion-excelentia-presenta-el-concierto-noche-espanola\/"},"author":{"name":"Juan David Latorre","@id":"https:\/\/thediplomatinspain.com\/#\/schema\/person\/bc23729a451553cbb28c59ed696ced53"},"headline":"La Fundaci\u00f3n Excelentia presenta el concierto &#8216;Noche Espa\u00f1ola&#8217;","datePublished":"2025-03-10T05:00:52+00:00","dateModified":"2025-03-10T05:05:05+00:00","mainEntityOfPage":{"@id":"https:\/\/thediplomatinspain.com\/en\/2025\/03\/10\/la-fundacion-excelentia-presenta-el-concierto-noche-espanola\/"},"wordCount":220,"publisher":{"@id":"https:\/\/thediplomatinspain.com\/#organization"},"image":{"@id":"https:\/\/thediplomatinspain.com\/en\/2025\/03\/10\/la-fundacion-excelentia-presenta-el-concierto-noche-espanola\/#primaryimage"},"thumbnailUrl":"https:\/\/thediplomatinspain.com\/wp-content\/uploads\/2025\/03\/Noche-Espanola-ok.jpg","articleSection":["Leisure","M\u00fasica"],"inLanguage":"en-US"},{"@type":"WebPage","@id":"https:\/\/thediplomatinspain.com\/en\/2025\/03\/10\/la-fundacion-excelentia-presenta-el-concierto-noche-espanola\/","url":"https:\/\/thediplomatinspain.com\/en\/2025\/03\/10\/la-fundacion-excelentia-presenta-el-concierto-noche-espanola\/","name":"La Fundaci\u00f3n Excelentia presenta el concierto 'Noche Espa\u00f1ola'","isPartOf":{"@id":"https:\/\/thediplomatinspain.com\/#website"},"primaryImageOfPage":{"@id":"https:\/\/thediplomatinspain.com\/en\/2025\/03\/10\/la-fundacion-excelentia-presenta-el-concierto-noche-espanola\/#primaryimage"},"image":{"@id":"https:\/\/thediplomatinspain.com\/en\/2025\/03\/10\/la-fundacion-excelentia-presenta-el-concierto-noche-espanola\/#primaryimage"},"thumbnailUrl":"https:\/\/thediplomatinspain.com\/wp-content\/uploads\/2025\/03\/Noche-Espanola-ok.jpg","datePublished":"2025-03-10T05:00:52+00:00","dateModified":"2025-03-10T05:05:05+00:00","description":"La Fundaci\u00f3n Excelentia presenta en la Sala Sinf\u00f3nica del Auditorio Nacional de M\u00fasica de Madrid un Concierto de M\u00fasica Espa\u00f1ola.","breadcrumb":{"@id":"https:\/\/thediplomatinspain.com\/en\/2025\/03\/10\/la-fundacion-excelentia-presenta-el-concierto-noche-espanola\/#breadcrumb"},"inLanguage":"en-US","potentialAction":[{"@type":"ReadAction","target":["https:\/\/thediplomatinspain.com\/en\/2025\/03\/10\/la-fundacion-excelentia-presenta-el-concierto-noche-espanola\/"]}]},{"@type":"ImageObject","inLanguage":"en-US","@id":"https:\/\/thediplomatinspain.com\/en\/2025\/03\/10\/la-fundacion-excelentia-presenta-el-concierto-noche-espanola\/#primaryimage","url":"https:\/\/thediplomatinspain.com\/wp-content\/uploads\/2025\/03\/Noche-Espanola-ok.jpg","contentUrl":"https:\/\/thediplomatinspain.com\/wp-content\/uploads\/2025\/03\/Noche-Espanola-ok.jpg","width":750,"height":428},{"@type":"BreadcrumbList","@id":"https:\/\/thediplomatinspain.com\/en\/2025\/03\/10\/la-fundacion-excelentia-presenta-el-concierto-noche-espanola\/#breadcrumb","itemListElement":[{"@type":"ListItem","position":1,"name":"Portada","item":"https:\/\/thediplomatinspain.com\/en\/"},{"@type":"ListItem","position":2,"name":"La Fundaci\u00f3n Excelentia presenta el concierto &#8216;Noche Espa\u00f1ola&#8217;"}]},{"@type":"WebSite","@id":"https:\/\/thediplomatinspain.com\/#website","url":"https:\/\/thediplomatinspain.com\/","name":"thediplomatinspain.com","description":"Diario digital de referencia para diplom\u00e1ticos y empresas","publisher":{"@id":"https:\/\/thediplomatinspain.com\/#organization"},"potentialAction":[{"@type":"SearchAction","target":{"@type":"EntryPoint","urlTemplate":"https:\/\/thediplomatinspain.com\/?s={search_term_string}"},"query-input":{"@type":"PropertyValueSpecification","valueRequired":true,"valueName":"search_term_string"}}],"inLanguage":"en-US"},{"@type":"Organization","@id":"https:\/\/thediplomatinspain.com\/#organization","name":"thediplomatinspain.com","url":"https:\/\/thediplomatinspain.com\/","logo":{"@type":"ImageObject","inLanguage":"en-US","@id":"https:\/\/thediplomatinspain.com\/#\/schema\/logo\/image\/","url":"https:\/\/thediplomatinspain.com\/wp-content\/uploads\/2024\/06\/logo_the_diplomat.png","contentUrl":"https:\/\/thediplomatinspain.com\/wp-content\/uploads\/2024\/06\/logo_the_diplomat.png","width":284,"height":77,"caption":"thediplomatinspain.com"},"image":{"@id":"https:\/\/thediplomatinspain.com\/#\/schema\/logo\/image\/"},"sameAs":["https:\/\/www.facebook.com\/thediplomatinspain","https:\/\/x.com\/diplomatinspain","https:\/\/www.youtube.com\/channel\/UCK0mRqeeZDKdFeiFQZLcH2A"]},{"@type":"Person","@id":"https:\/\/thediplomatinspain.com\/#\/schema\/person\/bc23729a451553cbb28c59ed696ced53","name":"Juan David Latorre","image":{"@type":"ImageObject","inLanguage":"en-US","@id":"https:\/\/secure.gravatar.com\/avatar\/2d39dcb59d17733b9ee745ca1ab1eeff6f72ef14623e21bb10f63bfb965c847a?s=96&d=mm&r=g","url":"https:\/\/secure.gravatar.com\/avatar\/2d39dcb59d17733b9ee745ca1ab1eeff6f72ef14623e21bb10f63bfb965c847a?s=96&d=mm&r=g","contentUrl":"https:\/\/secure.gravatar.com\/avatar\/2d39dcb59d17733b9ee745ca1ab1eeff6f72ef14623e21bb10f63bfb965c847a?s=96&d=mm&r=g","caption":"Juan David Latorre"},"url":"https:\/\/thediplomatinspain.com\/en\/author\/jdlatorre\/"},{"@type":["Organization","NewsMediaOrganization"],"@id":"https:\/\/thediplomatinspain.com\/en\/#organization"},{"@type":"SiteNavigationElement","@id":"https:\/\/thediplomatinspain.com\/en\/#site-navigation","cssSelector":[".cib-main-menu"]},{"@type":"WPHeader","@id":"https:\/\/thediplomatinspain.com\/en\/#header","cssSelector":[".cib-header"]},{"@type":"WPFooter","@id":"https:\/\/thediplomatinspain.com\/en\/#footer","cssSelector":[".cib-footer"]}]}},"amp_enabled":true,"_links":{"self":[{"href":"https:\/\/thediplomatinspain.com\/en\/wp-json\/wp\/v2\/posts\/110853","targetHints":{"allow":["GET"]}}],"collection":[{"href":"https:\/\/thediplomatinspain.com\/en\/wp-json\/wp\/v2\/posts"}],"about":[{"href":"https:\/\/thediplomatinspain.com\/en\/wp-json\/wp\/v2\/types\/post"}],"author":[{"embeddable":true,"href":"https:\/\/thediplomatinspain.com\/en\/wp-json\/wp\/v2\/users\/204"}],"replies":[{"embeddable":true,"href":"https:\/\/thediplomatinspain.com\/en\/wp-json\/wp\/v2\/comments?post=110853"}],"version-history":[{"count":0,"href":"https:\/\/thediplomatinspain.com\/en\/wp-json\/wp\/v2\/posts\/110853\/revisions"}],"wp:featuredmedia":[{"embeddable":true,"href":"https:\/\/thediplomatinspain.com\/en\/wp-json\/wp\/v2\/media\/110851"}],"wp:attachment":[{"href":"https:\/\/thediplomatinspain.com\/en\/wp-json\/wp\/v2\/media?parent=110853"}],"wp:term":[{"taxonomy":"category","embeddable":true,"href":"https:\/\/thediplomatinspain.com\/en\/wp-json\/wp\/v2\/categories?post=110853"},{"taxonomy":"post_tag","embeddable":true,"href":"https:\/\/thediplomatinspain.com\/en\/wp-json\/wp\/v2\/tags?post=110853"}],"curies":[{"name":"wp","href":"https:\/\/api.w.org\/{rel}","templated":true}]}}