{"id":110348,"date":"2025-03-04T15:12:31","date_gmt":"2025-03-04T14:12:31","guid":{"rendered":"https:\/\/thediplomatinspain.com\/2025\/03\/04\/el-consulado-honorario-en-baleares-unio-a-los-ucranianos-en-el-aniversario-de-la-invasion-rusa\/"},"modified":"2025-03-04T16:11:01","modified_gmt":"2025-03-04T15:11:01","slug":"honorary-consulate-in-balearic-islands-united-ukrainians-on-russian-invasion-anniversary","status":"publish","type":"post","link":"https:\/\/thediplomatinspain.com\/en\/2025\/03\/04\/honorary-consulate-in-balearic-islands-united-ukrainians-on-russian-invasion-anniversary\/","title":{"rendered":"Honorary Consulate in Balearic Islands united Ukrainians on Russian invasion anniversary"},"content":{"rendered":"<h6><strong>The Diplomat<\/strong><\/h6>\n<p>&nbsp;<\/p>\n<p><strong>On 24 February, in support of Ukraine, the Ukrainian flag was raised in the Spanish city of Palma, a commemorative procession was held and a military-themed exhibition was inaugurated. These events, which coincide with the third anniversary of Russia&#8217;s full-scale invasion of Ukraine, were organised with the support of the Honorary Consulate of Ukraine in the Balearic Islands. Representatives of the local authorities, the Ukrainian community and Spanish residents came to honour the memory of the victims and express their support for Ukraine.<\/strong><\/p>\n<p>\u2018This day reminds the whole world of the resilience and indomitability of the Ukrainian people. Thousands of brave Ukrainians died and today we honour their memory. Because of the war, more than 150,000 Ukrainian refugees have been forced to come to Spain, and the Spanish have given them considerable support. At the same time, Ukrainians continue to fight for freedom: many of them are volunteers and help our military,\u2019 declared Volodymyr Nosov, Honorary Consul of Ukraine in the Balearic Islands.<\/p>\n<p>One of the organisers of the celebration was the organisation Amar Ukraine. It brings together Ukrainians in Spain and is actively involved in humanitarian and volunteer activities.<\/p>\n<p>\u2018Our work consists not only in welcoming displaced families, but also in integrating them into Mallorcan society. To this end, we organise activities in which the neighbourhood can participate, either as visitors to the facilities (open day) or by attending workshops on Ukrainian culture. All these activities, including the accommodation we manage, would not be possible without the support of the various public administrations in the form of subsidies\u2019, &#8211; declared Anastasia Kvach, head of the Amar Ucra\u00efna Mutual Aid Association.<\/p>\n<p>In addition to the official celebrations, Volodymyr Nosov held a series of working meetings with representatives of the local authorities on the day. In particular, he spoke with the advisor on presidential and public administration affairs, Ant\u00f2nia Maria Estarellas, and the director general of institutional and parliamentary relations, Xesca Ramis. At the town hall, Volodymyr Nosov met with the Director General for Interculturality and the Elderly, \u00c1ngeles Due\u00f1as, and the regional coordinator Pedro Mir\u00f3.<\/p>\n<p>In addition, the Honorary Consul also met with the President of the Chamber of Commerce of the Balearic Islands, Eduardo Soriano Torres.<\/p>\n<p>They discussed issues of support for Ukraine, the development of economic relations between Ukraine and Spain, as well as future cooperation in the cultural, social and humanitarian fields.<\/p>\n<p>&nbsp;<\/p>\n","protected":false},"excerpt":{"rendered":"<p>The Diplomat &nbsp; On 24 February, in support of Ukraine, the Ukrainian flag was raised in the Spanish city of Palma, a commemorative procession was held and a military-themed exhibition was inaugurated. These events, which coincide with the third anniversary of Russia&#8217;s full-scale invasion of Ukraine, were organised with the support of the Honorary Consulate [&hellip;]<\/p>\n","protected":false},"author":369,"featured_media":110345,"comment_status":"closed","ping_status":"open","sticky":false,"template":"","format":"standard","meta":{"jnews-multi-image_gallery":[],"jnews_single_post":null,"jnews_primary_category":[],"jnews_social_meta":[],"jnews_override_counter":{"view_counter_number":"0","share_counter_number":"0","like_counter_number":"0","dislike_counter_number":"0"},"jnews_post_split":[],"footnotes":""},"categories":[51,187,162],"tags":[],"class_list":["post-110348","post","type-post","status-publish","format-standard","has-post-thumbnail","hentry","category-breves","category-in-brief","category-the-world-in-spain"],"yoast_head":"<!-- This site is optimized with the Yoast SEO plugin v27.4 - https:\/\/yoast.com\/product\/yoast-seo-wordpress\/ -->\n<title>Honorary Consulate Balearic united Ukrainians Russian invasion<\/title>\n<meta name=\"description\" content=\"On 24 February, in support of Ukraine, the Ukrainian flag was raised in the Spanish city of Palma de Mallorca.\" \/>\n<meta name=\"robots\" content=\"index, follow, max-snippet:-1, max-image-preview:large, max-video-preview:-1\" \/>\n<link rel=\"canonical\" href=\"https:\/\/thediplomatinspain.com\/en\/2025\/03\/04\/honorary-consulate-in-balearic-islands-united-ukrainians-on-russian-invasion-anniversary\/\" \/>\n<meta property=\"og:locale\" content=\"en_US\" \/>\n<meta property=\"og:type\" content=\"article\" \/>\n<meta property=\"og:title\" content=\"Honorary Consulate Balearic united Ukrainians Russian invasion\" \/>\n<meta property=\"og:description\" content=\"On 24 February, in support of Ukraine, the Ukrainian flag was raised in the Spanish city of Palma de Mallorca.\" \/>\n<meta property=\"og:url\" content=\"https:\/\/thediplomatinspain.com\/en\/2025\/03\/04\/honorary-consulate-in-balearic-islands-united-ukrainians-on-russian-invasion-anniversary\/\" \/>\n<meta property=\"og:site_name\" content=\"thediplomatinspain.com\" \/>\n<meta property=\"article:publisher\" content=\"https:\/\/www.facebook.com\/thediplomatinspain\" \/>\n<meta property=\"article:published_time\" content=\"2025-03-04T14:12:31+00:00\" \/>\n<meta property=\"article:modified_time\" content=\"2025-03-04T15:11:01+00:00\" \/>\n<meta property=\"og:image\" content=\"https:\/\/thediplomatinspain.com\/wp-content\/uploads\/2025\/03\/Ucrania-Palma-Aniversario-Invasion.jpg\" \/>\n\t<meta property=\"og:image:width\" content=\"750\" \/>\n\t<meta property=\"og:image:height\" content=\"421\" \/>\n\t<meta property=\"og:image:type\" content=\"image\/jpeg\" \/>\n<meta name=\"author\" content=\"Redacci\u00f3n The Diplomat\" \/>\n<meta name=\"twitter:card\" content=\"summary_large_image\" \/>\n<meta name=\"twitter:creator\" content=\"@diplomatinspain\" \/>\n<meta name=\"twitter:site\" content=\"@diplomatinspain\" \/>\n<meta name=\"twitter:label1\" content=\"Written by\" \/>\n\t<meta name=\"twitter:data1\" content=\"Redacci\u00f3n The Diplomat\" \/>\n\t<meta name=\"twitter:label2\" content=\"Est. reading time\" \/>\n\t<meta name=\"twitter:data2\" content=\"3 minutes\" \/>\n<script type=\"application\/ld+json\" class=\"yoast-schema-graph\">{\"@context\":\"https:\\\/\\\/schema.org\",\"@graph\":[{\"@type\":\"Article\",\"@id\":\"https:\\\/\\\/thediplomatinspain.com\\\/en\\\/2025\\\/03\\\/04\\\/honorary-consulate-in-balearic-islands-united-ukrainians-on-russian-invasion-anniversary\\\/#article\",\"isPartOf\":{\"@id\":\"https:\\\/\\\/thediplomatinspain.com\\\/en\\\/2025\\\/03\\\/04\\\/honorary-consulate-in-balearic-islands-united-ukrainians-on-russian-invasion-anniversary\\\/\"},\"author\":{\"name\":\"Redacci\u00f3n The Diplomat\",\"@id\":\"https:\\\/\\\/thediplomatinspain.com\\\/#\\\/schema\\\/person\\\/88127b252815559774673b8cce560c21\"},\"headline\":\"Honorary Consulate in Balearic Islands united Ukrainians on Russian invasion anniversary\",\"datePublished\":\"2025-03-04T14:12:31+00:00\",\"dateModified\":\"2025-03-04T15:11:01+00:00\",\"mainEntityOfPage\":{\"@id\":\"https:\\\/\\\/thediplomatinspain.com\\\/en\\\/2025\\\/03\\\/04\\\/honorary-consulate-in-balearic-islands-united-ukrainians-on-russian-invasion-anniversary\\\/\"},\"wordCount\":412,\"publisher\":{\"@id\":\"https:\\\/\\\/thediplomatinspain.com\\\/#organization\"},\"image\":{\"@id\":\"https:\\\/\\\/thediplomatinspain.com\\\/en\\\/2025\\\/03\\\/04\\\/honorary-consulate-in-balearic-islands-united-ukrainians-on-russian-invasion-anniversary\\\/#primaryimage\"},\"thumbnailUrl\":\"https:\\\/\\\/thediplomatinspain.com\\\/wp-content\\\/uploads\\\/2025\\\/03\\\/Ucrania-Palma-Aniversario-Invasion.jpg\",\"articleSection\":[\"Breves\",\"In brief\",\"The world in Spain\"],\"inLanguage\":\"en-US\"},{\"@type\":\"WebPage\",\"@id\":\"https:\\\/\\\/thediplomatinspain.com\\\/en\\\/2025\\\/03\\\/04\\\/honorary-consulate-in-balearic-islands-united-ukrainians-on-russian-invasion-anniversary\\\/\",\"url\":\"https:\\\/\\\/thediplomatinspain.com\\\/en\\\/2025\\\/03\\\/04\\\/honorary-consulate-in-balearic-islands-united-ukrainians-on-russian-invasion-anniversary\\\/\",\"name\":\"Honorary Consulate Balearic united Ukrainians Russian invasion\",\"isPartOf\":{\"@id\":\"https:\\\/\\\/thediplomatinspain.com\\\/#website\"},\"primaryImageOfPage\":{\"@id\":\"https:\\\/\\\/thediplomatinspain.com\\\/en\\\/2025\\\/03\\\/04\\\/honorary-consulate-in-balearic-islands-united-ukrainians-on-russian-invasion-anniversary\\\/#primaryimage\"},\"image\":{\"@id\":\"https:\\\/\\\/thediplomatinspain.com\\\/en\\\/2025\\\/03\\\/04\\\/honorary-consulate-in-balearic-islands-united-ukrainians-on-russian-invasion-anniversary\\\/#primaryimage\"},\"thumbnailUrl\":\"https:\\\/\\\/thediplomatinspain.com\\\/wp-content\\\/uploads\\\/2025\\\/03\\\/Ucrania-Palma-Aniversario-Invasion.jpg\",\"datePublished\":\"2025-03-04T14:12:31+00:00\",\"dateModified\":\"2025-03-04T15:11:01+00:00\",\"description\":\"On 24 February, in support of Ukraine, the Ukrainian flag was raised in the Spanish city of Palma de Mallorca.\",\"breadcrumb\":{\"@id\":\"https:\\\/\\\/thediplomatinspain.com\\\/en\\\/2025\\\/03\\\/04\\\/honorary-consulate-in-balearic-islands-united-ukrainians-on-russian-invasion-anniversary\\\/#breadcrumb\"},\"inLanguage\":\"en-US\",\"potentialAction\":[{\"@type\":\"ReadAction\",\"target\":[\"https:\\\/\\\/thediplomatinspain.com\\\/en\\\/2025\\\/03\\\/04\\\/honorary-consulate-in-balearic-islands-united-ukrainians-on-russian-invasion-anniversary\\\/\"]}]},{\"@type\":\"ImageObject\",\"inLanguage\":\"en-US\",\"@id\":\"https:\\\/\\\/thediplomatinspain.com\\\/en\\\/2025\\\/03\\\/04\\\/honorary-consulate-in-balearic-islands-united-ukrainians-on-russian-invasion-anniversary\\\/#primaryimage\",\"url\":\"https:\\\/\\\/thediplomatinspain.com\\\/wp-content\\\/uploads\\\/2025\\\/03\\\/Ucrania-Palma-Aniversario-Invasion.jpg\",\"contentUrl\":\"https:\\\/\\\/thediplomatinspain.com\\\/wp-content\\\/uploads\\\/2025\\\/03\\\/Ucrania-Palma-Aniversario-Invasion.jpg\",\"width\":750,\"height\":421,\"caption\":\"Photo: Courtesy of the Ukrainian Consulate\"},{\"@type\":\"BreadcrumbList\",\"@id\":\"https:\\\/\\\/thediplomatinspain.com\\\/en\\\/2025\\\/03\\\/04\\\/honorary-consulate-in-balearic-islands-united-ukrainians-on-russian-invasion-anniversary\\\/#breadcrumb\",\"itemListElement\":[{\"@type\":\"ListItem\",\"position\":1,\"name\":\"Portada\",\"item\":\"https:\\\/\\\/thediplomatinspain.com\\\/en\\\/\"},{\"@type\":\"ListItem\",\"position\":2,\"name\":\"Honorary Consulate in Balearic Islands united Ukrainians on Russian invasion anniversary\"}]},{\"@type\":\"WebSite\",\"@id\":\"https:\\\/\\\/thediplomatinspain.com\\\/#website\",\"url\":\"https:\\\/\\\/thediplomatinspain.com\\\/\",\"name\":\"thediplomatinspain.com\",\"description\":\"Diario digital de referencia para diplom\u00e1ticos y empresas\",\"publisher\":{\"@id\":\"https:\\\/\\\/thediplomatinspain.com\\\/#organization\"},\"potentialAction\":[{\"@type\":\"SearchAction\",\"target\":{\"@type\":\"EntryPoint\",\"urlTemplate\":\"https:\\\/\\\/thediplomatinspain.com\\\/?s={search_term_string}\"},\"query-input\":{\"@type\":\"PropertyValueSpecification\",\"valueRequired\":true,\"valueName\":\"search_term_string\"}}],\"inLanguage\":\"en-US\"},{\"@type\":\"Organization\",\"@id\":\"https:\\\/\\\/thediplomatinspain.com\\\/#organization\",\"name\":\"thediplomatinspain.com\",\"url\":\"https:\\\/\\\/thediplomatinspain.com\\\/\",\"logo\":{\"@type\":\"ImageObject\",\"inLanguage\":\"en-US\",\"@id\":\"https:\\\/\\\/thediplomatinspain.com\\\/#\\\/schema\\\/logo\\\/image\\\/\",\"url\":\"https:\\\/\\\/thediplomatinspain.com\\\/wp-content\\\/uploads\\\/2024\\\/06\\\/logo_the_diplomat.png\",\"contentUrl\":\"https:\\\/\\\/thediplomatinspain.com\\\/wp-content\\\/uploads\\\/2024\\\/06\\\/logo_the_diplomat.png\",\"width\":284,\"height\":77,\"caption\":\"thediplomatinspain.com\"},\"image\":{\"@id\":\"https:\\\/\\\/thediplomatinspain.com\\\/#\\\/schema\\\/logo\\\/image\\\/\"},\"sameAs\":[\"https:\\\/\\\/www.facebook.com\\\/thediplomatinspain\",\"https:\\\/\\\/x.com\\\/diplomatinspain\",\"https:\\\/\\\/www.youtube.com\\\/channel\\\/UCK0mRqeeZDKdFeiFQZLcH2A\"]},{\"@type\":\"Person\",\"@id\":\"https:\\\/\\\/thediplomatinspain.com\\\/#\\\/schema\\\/person\\\/88127b252815559774673b8cce560c21\",\"name\":\"Redacci\u00f3n The Diplomat\",\"image\":{\"@type\":\"ImageObject\",\"inLanguage\":\"en-US\",\"@id\":\"https:\\\/\\\/secure.gravatar.com\\\/avatar\\\/e52c4c4b39aa657f32517ef54bb4078fd3286e83820d836ee3e67c927fa86b6f?s=96&d=mm&r=g\",\"url\":\"https:\\\/\\\/secure.gravatar.com\\\/avatar\\\/e52c4c4b39aa657f32517ef54bb4078fd3286e83820d836ee3e67c927fa86b6f?s=96&d=mm&r=g\",\"contentUrl\":\"https:\\\/\\\/secure.gravatar.com\\\/avatar\\\/e52c4c4b39aa657f32517ef54bb4078fd3286e83820d836ee3e67c927fa86b6f?s=96&d=mm&r=g\",\"caption\":\"Redacci\u00f3n The Diplomat\"},\"url\":\"https:\\\/\\\/thediplomatinspain.com\\\/en\\\/author\\\/redaccion-thediplomat\\\/\"},{\"@type\":[\"Organization\",\"NewsMediaOrganization\"],\"@id\":\"https:\\\/\\\/thediplomatinspain.com\\\/en\\\/#organization\"},{\"@type\":\"SiteNavigationElement\",\"@id\":\"https:\\\/\\\/thediplomatinspain.com\\\/en\\\/#site-navigation\",\"cssSelector\":[\".cib-main-menu\"]},{\"@type\":\"WPHeader\",\"@id\":\"https:\\\/\\\/thediplomatinspain.com\\\/en\\\/#header\",\"cssSelector\":[\".cib-header\"]},{\"@type\":\"WPFooter\",\"@id\":\"https:\\\/\\\/thediplomatinspain.com\\\/en\\\/#footer\",\"cssSelector\":[\".cib-footer\"]}]}<\/script>\n<!-- \/ Yoast SEO plugin. -->","yoast_head_json":{"title":"Honorary Consulate Balearic united Ukrainians Russian invasion","description":"On 24 February, in support of Ukraine, the Ukrainian flag was raised in the Spanish city of Palma de Mallorca.","robots":{"index":"index","follow":"follow","max-snippet":"max-snippet:-1","max-image-preview":"max-image-preview:large","max-video-preview":"max-video-preview:-1"},"canonical":"https:\/\/thediplomatinspain.com\/en\/2025\/03\/04\/honorary-consulate-in-balearic-islands-united-ukrainians-on-russian-invasion-anniversary\/","og_locale":"en_US","og_type":"article","og_title":"Honorary Consulate Balearic united Ukrainians Russian invasion","og_description":"On 24 February, in support of Ukraine, the Ukrainian flag was raised in the Spanish city of Palma de Mallorca.","og_url":"https:\/\/thediplomatinspain.com\/en\/2025\/03\/04\/honorary-consulate-in-balearic-islands-united-ukrainians-on-russian-invasion-anniversary\/","og_site_name":"thediplomatinspain.com","article_publisher":"https:\/\/www.facebook.com\/thediplomatinspain","article_published_time":"2025-03-04T14:12:31+00:00","article_modified_time":"2025-03-04T15:11:01+00:00","og_image":[{"width":750,"height":421,"url":"https:\/\/thediplomatinspain.com\/wp-content\/uploads\/2025\/03\/Ucrania-Palma-Aniversario-Invasion.jpg","type":"image\/jpeg"}],"author":"Redacci\u00f3n The Diplomat","twitter_card":"summary_large_image","twitter_creator":"@diplomatinspain","twitter_site":"@diplomatinspain","twitter_misc":{"Written by":"Redacci\u00f3n The Diplomat","Est. reading time":"3 minutes"},"schema":{"@context":"https:\/\/schema.org","@graph":[{"@type":"Article","@id":"https:\/\/thediplomatinspain.com\/en\/2025\/03\/04\/honorary-consulate-in-balearic-islands-united-ukrainians-on-russian-invasion-anniversary\/#article","isPartOf":{"@id":"https:\/\/thediplomatinspain.com\/en\/2025\/03\/04\/honorary-consulate-in-balearic-islands-united-ukrainians-on-russian-invasion-anniversary\/"},"author":{"name":"Redacci\u00f3n The Diplomat","@id":"https:\/\/thediplomatinspain.com\/#\/schema\/person\/88127b252815559774673b8cce560c21"},"headline":"Honorary Consulate in Balearic Islands united Ukrainians on Russian invasion anniversary","datePublished":"2025-03-04T14:12:31+00:00","dateModified":"2025-03-04T15:11:01+00:00","mainEntityOfPage":{"@id":"https:\/\/thediplomatinspain.com\/en\/2025\/03\/04\/honorary-consulate-in-balearic-islands-united-ukrainians-on-russian-invasion-anniversary\/"},"wordCount":412,"publisher":{"@id":"https:\/\/thediplomatinspain.com\/#organization"},"image":{"@id":"https:\/\/thediplomatinspain.com\/en\/2025\/03\/04\/honorary-consulate-in-balearic-islands-united-ukrainians-on-russian-invasion-anniversary\/#primaryimage"},"thumbnailUrl":"https:\/\/thediplomatinspain.com\/wp-content\/uploads\/2025\/03\/Ucrania-Palma-Aniversario-Invasion.jpg","articleSection":["Breves","In brief","The world in Spain"],"inLanguage":"en-US"},{"@type":"WebPage","@id":"https:\/\/thediplomatinspain.com\/en\/2025\/03\/04\/honorary-consulate-in-balearic-islands-united-ukrainians-on-russian-invasion-anniversary\/","url":"https:\/\/thediplomatinspain.com\/en\/2025\/03\/04\/honorary-consulate-in-balearic-islands-united-ukrainians-on-russian-invasion-anniversary\/","name":"Honorary Consulate Balearic united Ukrainians Russian invasion","isPartOf":{"@id":"https:\/\/thediplomatinspain.com\/#website"},"primaryImageOfPage":{"@id":"https:\/\/thediplomatinspain.com\/en\/2025\/03\/04\/honorary-consulate-in-balearic-islands-united-ukrainians-on-russian-invasion-anniversary\/#primaryimage"},"image":{"@id":"https:\/\/thediplomatinspain.com\/en\/2025\/03\/04\/honorary-consulate-in-balearic-islands-united-ukrainians-on-russian-invasion-anniversary\/#primaryimage"},"thumbnailUrl":"https:\/\/thediplomatinspain.com\/wp-content\/uploads\/2025\/03\/Ucrania-Palma-Aniversario-Invasion.jpg","datePublished":"2025-03-04T14:12:31+00:00","dateModified":"2025-03-04T15:11:01+00:00","description":"On 24 February, in support of Ukraine, the Ukrainian flag was raised in the Spanish city of Palma de Mallorca.","breadcrumb":{"@id":"https:\/\/thediplomatinspain.com\/en\/2025\/03\/04\/honorary-consulate-in-balearic-islands-united-ukrainians-on-russian-invasion-anniversary\/#breadcrumb"},"inLanguage":"en-US","potentialAction":[{"@type":"ReadAction","target":["https:\/\/thediplomatinspain.com\/en\/2025\/03\/04\/honorary-consulate-in-balearic-islands-united-ukrainians-on-russian-invasion-anniversary\/"]}]},{"@type":"ImageObject","inLanguage":"en-US","@id":"https:\/\/thediplomatinspain.com\/en\/2025\/03\/04\/honorary-consulate-in-balearic-islands-united-ukrainians-on-russian-invasion-anniversary\/#primaryimage","url":"https:\/\/thediplomatinspain.com\/wp-content\/uploads\/2025\/03\/Ucrania-Palma-Aniversario-Invasion.jpg","contentUrl":"https:\/\/thediplomatinspain.com\/wp-content\/uploads\/2025\/03\/Ucrania-Palma-Aniversario-Invasion.jpg","width":750,"height":421,"caption":"Photo: Courtesy of the Ukrainian Consulate"},{"@type":"BreadcrumbList","@id":"https:\/\/thediplomatinspain.com\/en\/2025\/03\/04\/honorary-consulate-in-balearic-islands-united-ukrainians-on-russian-invasion-anniversary\/#breadcrumb","itemListElement":[{"@type":"ListItem","position":1,"name":"Portada","item":"https:\/\/thediplomatinspain.com\/en\/"},{"@type":"ListItem","position":2,"name":"Honorary Consulate in Balearic Islands united Ukrainians on Russian invasion anniversary"}]},{"@type":"WebSite","@id":"https:\/\/thediplomatinspain.com\/#website","url":"https:\/\/thediplomatinspain.com\/","name":"thediplomatinspain.com","description":"Diario digital de referencia para diplom\u00e1ticos y empresas","publisher":{"@id":"https:\/\/thediplomatinspain.com\/#organization"},"potentialAction":[{"@type":"SearchAction","target":{"@type":"EntryPoint","urlTemplate":"https:\/\/thediplomatinspain.com\/?s={search_term_string}"},"query-input":{"@type":"PropertyValueSpecification","valueRequired":true,"valueName":"search_term_string"}}],"inLanguage":"en-US"},{"@type":"Organization","@id":"https:\/\/thediplomatinspain.com\/#organization","name":"thediplomatinspain.com","url":"https:\/\/thediplomatinspain.com\/","logo":{"@type":"ImageObject","inLanguage":"en-US","@id":"https:\/\/thediplomatinspain.com\/#\/schema\/logo\/image\/","url":"https:\/\/thediplomatinspain.com\/wp-content\/uploads\/2024\/06\/logo_the_diplomat.png","contentUrl":"https:\/\/thediplomatinspain.com\/wp-content\/uploads\/2024\/06\/logo_the_diplomat.png","width":284,"height":77,"caption":"thediplomatinspain.com"},"image":{"@id":"https:\/\/thediplomatinspain.com\/#\/schema\/logo\/image\/"},"sameAs":["https:\/\/www.facebook.com\/thediplomatinspain","https:\/\/x.com\/diplomatinspain","https:\/\/www.youtube.com\/channel\/UCK0mRqeeZDKdFeiFQZLcH2A"]},{"@type":"Person","@id":"https:\/\/thediplomatinspain.com\/#\/schema\/person\/88127b252815559774673b8cce560c21","name":"Redacci\u00f3n The Diplomat","image":{"@type":"ImageObject","inLanguage":"en-US","@id":"https:\/\/secure.gravatar.com\/avatar\/e52c4c4b39aa657f32517ef54bb4078fd3286e83820d836ee3e67c927fa86b6f?s=96&d=mm&r=g","url":"https:\/\/secure.gravatar.com\/avatar\/e52c4c4b39aa657f32517ef54bb4078fd3286e83820d836ee3e67c927fa86b6f?s=96&d=mm&r=g","contentUrl":"https:\/\/secure.gravatar.com\/avatar\/e52c4c4b39aa657f32517ef54bb4078fd3286e83820d836ee3e67c927fa86b6f?s=96&d=mm&r=g","caption":"Redacci\u00f3n The Diplomat"},"url":"https:\/\/thediplomatinspain.com\/en\/author\/redaccion-thediplomat\/"},{"@type":["Organization","NewsMediaOrganization"],"@id":"https:\/\/thediplomatinspain.com\/en\/#organization"},{"@type":"SiteNavigationElement","@id":"https:\/\/thediplomatinspain.com\/en\/#site-navigation","cssSelector":[".cib-main-menu"]},{"@type":"WPHeader","@id":"https:\/\/thediplomatinspain.com\/en\/#header","cssSelector":[".cib-header"]},{"@type":"WPFooter","@id":"https:\/\/thediplomatinspain.com\/en\/#footer","cssSelector":[".cib-footer"]}]}},"amp_enabled":true,"_links":{"self":[{"href":"https:\/\/thediplomatinspain.com\/en\/wp-json\/wp\/v2\/posts\/110348","targetHints":{"allow":["GET"]}}],"collection":[{"href":"https:\/\/thediplomatinspain.com\/en\/wp-json\/wp\/v2\/posts"}],"about":[{"href":"https:\/\/thediplomatinspain.com\/en\/wp-json\/wp\/v2\/types\/post"}],"author":[{"embeddable":true,"href":"https:\/\/thediplomatinspain.com\/en\/wp-json\/wp\/v2\/users\/369"}],"replies":[{"embeddable":true,"href":"https:\/\/thediplomatinspain.com\/en\/wp-json\/wp\/v2\/comments?post=110348"}],"version-history":[{"count":0,"href":"https:\/\/thediplomatinspain.com\/en\/wp-json\/wp\/v2\/posts\/110348\/revisions"}],"wp:featuredmedia":[{"embeddable":true,"href":"https:\/\/thediplomatinspain.com\/en\/wp-json\/wp\/v2\/media\/110345"}],"wp:attachment":[{"href":"https:\/\/thediplomatinspain.com\/en\/wp-json\/wp\/v2\/media?parent=110348"}],"wp:term":[{"taxonomy":"category","embeddable":true,"href":"https:\/\/thediplomatinspain.com\/en\/wp-json\/wp\/v2\/categories?post=110348"},{"taxonomy":"post_tag","embeddable":true,"href":"https:\/\/thediplomatinspain.com\/en\/wp-json\/wp\/v2\/tags?post=110348"}],"curies":[{"name":"wp","href":"https:\/\/api.w.org\/{rel}","templated":true}]}}