{"id":109039,"date":"2025-02-20T06:03:13","date_gmt":"2025-02-20T05:03:13","guid":{"rendered":"https:\/\/thediplomatinspain.com\/?p=109039"},"modified":"2025-02-19T18:32:54","modified_gmt":"2025-02-19T17:32:54","slug":"albares-defends-zapatero-i-cannot-imagine-any-former-pp-president-in-any-mediation-in-the-world","status":"publish","type":"post","link":"https:\/\/thediplomatinspain.com\/en\/2025\/02\/20\/albares-defends-zapatero-i-cannot-imagine-any-former-pp-president-in-any-mediation-in-the-world\/","title":{"rendered":"Albares defends Zapatero: \u201cI cannot imagine any former PP president in any mediation in the world\u201d"},"content":{"rendered":"<h6><strong>The Diplomat<\/strong><\/h6>\n<p><strong>The Minister of Foreign Affairs, Jos\u00e9 Manuel Albares, defended this Wednesday in Congress the mediation work of Jos\u00e9 Luis Rodr\u00edguez Zapatero in Venezuela, in response to some words from the PP MP Bel\u00e9n Hoyo in which she stated that the former president of the Government \u201cis not a reference in terms of the defence of democracy, precisely\u201d.<\/strong><\/p>\n<p>In her question to Albares during the control session of the Government, Hoyo denounced the \u201cdegradation of democracy\u201d by the Government of Pedro S\u00e1nchez and asked \u201cwith what moral authority\u201d is the Spanish Executive going to defend democracy abroad if it is not capable of guaranteeing democratic quality within its borders.<\/p>\n<p>The Government \u201cdoes not defend democracy either inside or outside Spain\u201d and \u201cconfuses prudence with cowardice and diplomacy with submission\u201d, she denounced. \u201cThe Spanish people do not deserve a government that kneels before dictatorships, but one that stands up for freedom,\u201d she added.<\/p>\n<p>Hoyo also harshly criticized Zapatero, who \u201cis not a reference in terms of the defense of democracy, precisely,\u201d and who this past Monday presented a book with his parliamentary speeches in Congress. According to the PP parliamentarian, it is not clear whether Zapatero attended this event \u201cas a trafficker of political prisoners, as an ambassador to Latin American dictatorships or as a second Minister of Foreign Affairs.\u201d<\/p>\n<p>\u201cI already know that you will never support the Government, not even in this very serious moment for Spain and for Europe in the world, but if you are not going to support, at least do not hinder and do not harm the interests of the Spanish people, which is what you are doing,\u201d Albares said in his response to Hoyo. \u201cOf course you are surprised by the important role of Zapatero in the world because nobody imagines any of your former presidents being called for any mediation in the world,\u201d he added.<\/p>\n<p>&nbsp;<\/p>\n<p>&nbsp;<\/p>\n","protected":false},"excerpt":{"rendered":"<p>The Minister of Foreign Affairs, Jos\u00e9 Manuel Albares, defended this Wednesday in Congress the mediation work of Jos\u00e9 Luis Rodr\u00edguez Zapatero <\/p>\n","protected":false},"author":91,"featured_media":109037,"comment_status":"closed","ping_status":"open","sticky":false,"template":"","format":"standard","meta":{"jnews-multi-image_gallery":[],"jnews_single_post":{"source_name":"","source_url":"","via_name":"","via_url":"","override_template":"0","override":[{"template":"2","single_blog_custom":"","parallax":"1","fullscreen":"1","layout":"right-sidebar","sidebar":"default-sidebar","second_sidebar":"default-sidebar","sticky_sidebar":"1","share_position":"top","share_float_style":"share-monocrhome","show_share_counter":"1","show_view_counter":"1","show_featured":"1","show_post_meta":"1","show_post_author":"1","show_post_author_image":"0","show_post_date":"1","post_date_format":"default","post_date_format_custom":"Y\/m\/d","show_post_category":"1","show_post_reading_time":"0","post_reading_time_wpm":"300","show_zoom_button":"0","zoom_button_out_step":"2","zoom_button_in_step":"3","show_post_tag":"1","show_prev_next_post":"0","show_popup_post":"1","number_popup_post":"1","show_author_box":"1","show_post_related":"0","show_inline_post_related":"0"}],"override_image_size":"0","image_override":[{"single_post_thumbnail_size":"crop-500","single_post_gallery_size":"crop-500"}],"trending_post":"0","trending_post_position":"meta","trending_post_label":"Trending","sponsored_post":"0","sponsored_post_label":"Sponsored by","sponsored_post_name":"","sponsored_post_url":"","sponsored_post_logo_enable":"0","sponsored_post_logo":"","sponsored_post_desc":"","disable_ad":"0"},"jnews_primary_category":{"id":"","hide":""},"jnews_social_meta":{"fb_title":"","fb_description":"","fb_image":"","twitter_title":"","twitter_description":"","twitter_image":""},"jnews_override_counter":{"override_view_counter":"0","view_counter_number":"0","override_share_counter":"0","share_counter_number":"0","override_like_counter":"0","like_counter_number":"0","override_dislike_counter":"0","dislike_counter_number":"0"},"jnews_post_split":{"enable_post_split":"0","post_split":[{"template":"1","tag":"h2","numbering":"asc","mode":"normal","first":"0","enable_toc":"0","toc_type":"normal"}]},"footnotes":""},"categories":[51,187,160],"tags":[],"class_list":["post-109039","post","type-post","status-publish","format-standard","has-post-thumbnail","hentry","category-breves","category-in-brief","category-spain-en"],"yoast_head":"<!-- This site is optimized with the Yoast SEO plugin v27.4 - https:\/\/yoast.com\/product\/yoast-seo-wordpress\/ -->\n<title>Albares defends Zapatero<\/title>\n<meta name=\"description\" content=\"Jos\u00e9 Manuel Albares defended this Wednesday in Congress the mediation work of Jos\u00e9 Luis Rodr\u00edguez Zapatero in Venezuela.\" \/>\n<meta name=\"robots\" content=\"index, follow, max-snippet:-1, max-image-preview:large, max-video-preview:-1\" \/>\n<link rel=\"canonical\" href=\"https:\/\/thediplomatinspain.com\/en\/2025\/02\/20\/albares-defends-zapatero-i-cannot-imagine-any-former-pp-president-in-any-mediation-in-the-world\/\" \/>\n<meta property=\"og:locale\" content=\"en_US\" \/>\n<meta property=\"og:type\" content=\"article\" \/>\n<meta property=\"og:title\" content=\"Albares defends Zapatero\" \/>\n<meta property=\"og:description\" content=\"Jos\u00e9 Manuel Albares defended this Wednesday in Congress the mediation work of Jos\u00e9 Luis Rodr\u00edguez Zapatero in Venezuela.\" \/>\n<meta property=\"og:url\" content=\"https:\/\/thediplomatinspain.com\/en\/2025\/02\/20\/albares-defends-zapatero-i-cannot-imagine-any-former-pp-president-in-any-mediation-in-the-world\/\" \/>\n<meta property=\"og:site_name\" content=\"thediplomatinspain.com\" \/>\n<meta property=\"article:publisher\" content=\"https:\/\/www.facebook.com\/thediplomatinspain\" \/>\n<meta property=\"article:published_time\" content=\"2025-02-20T05:03:13+00:00\" \/>\n<meta property=\"og:image\" content=\"https:\/\/thediplomatinspain.com\/wp-content\/uploads\/2025\/02\/ZP-congreso.jpg\" \/>\n\t<meta property=\"og:image:width\" content=\"750\" \/>\n\t<meta property=\"og:image:height\" content=\"422\" \/>\n\t<meta property=\"og:image:type\" content=\"image\/jpeg\" \/>\n<meta name=\"author\" content=\"Eduardo Gonz\u00e1lez\" \/>\n<meta name=\"twitter:card\" content=\"summary_large_image\" \/>\n<meta name=\"twitter:creator\" content=\"@diplomatinspain\" \/>\n<meta name=\"twitter:site\" content=\"@diplomatinspain\" \/>\n<meta name=\"twitter:label1\" content=\"Written by\" \/>\n\t<meta name=\"twitter:data1\" content=\"Eduardo Gonz\u00e1lez\" \/>\n\t<meta name=\"twitter:label2\" content=\"Est. reading time\" \/>\n\t<meta name=\"twitter:data2\" content=\"2 minutes\" \/>\n<script type=\"application\/ld+json\" class=\"yoast-schema-graph\">{\"@context\":\"https:\\\/\\\/schema.org\",\"@graph\":[{\"@type\":\"Article\",\"@id\":\"https:\\\/\\\/thediplomatinspain.com\\\/en\\\/2025\\\/02\\\/20\\\/albares-defends-zapatero-i-cannot-imagine-any-former-pp-president-in-any-mediation-in-the-world\\\/#article\",\"isPartOf\":{\"@id\":\"https:\\\/\\\/thediplomatinspain.com\\\/en\\\/2025\\\/02\\\/20\\\/albares-defends-zapatero-i-cannot-imagine-any-former-pp-president-in-any-mediation-in-the-world\\\/\"},\"author\":{\"name\":\"Eduardo Gonz\u00e1lez\",\"@id\":\"https:\\\/\\\/thediplomatinspain.com\\\/#\\\/schema\\\/person\\\/3486da7260c1ed500a030f75a625d6ba\"},\"headline\":\"Albares defends Zapatero: \u201cI cannot imagine any former PP president in any mediation in the world\u201d\",\"datePublished\":\"2025-02-20T05:03:13+00:00\",\"mainEntityOfPage\":{\"@id\":\"https:\\\/\\\/thediplomatinspain.com\\\/en\\\/2025\\\/02\\\/20\\\/albares-defends-zapatero-i-cannot-imagine-any-former-pp-president-in-any-mediation-in-the-world\\\/\"},\"wordCount\":334,\"publisher\":{\"@id\":\"https:\\\/\\\/thediplomatinspain.com\\\/#organization\"},\"image\":{\"@id\":\"https:\\\/\\\/thediplomatinspain.com\\\/en\\\/2025\\\/02\\\/20\\\/albares-defends-zapatero-i-cannot-imagine-any-former-pp-president-in-any-mediation-in-the-world\\\/#primaryimage\"},\"thumbnailUrl\":\"https:\\\/\\\/thediplomatinspain.com\\\/wp-content\\\/uploads\\\/2025\\\/02\\\/ZP-congreso.jpg\",\"articleSection\":[\"Breves\",\"In brief\",\"Spain\"],\"inLanguage\":\"en-US\"},{\"@type\":\"WebPage\",\"@id\":\"https:\\\/\\\/thediplomatinspain.com\\\/en\\\/2025\\\/02\\\/20\\\/albares-defends-zapatero-i-cannot-imagine-any-former-pp-president-in-any-mediation-in-the-world\\\/\",\"url\":\"https:\\\/\\\/thediplomatinspain.com\\\/en\\\/2025\\\/02\\\/20\\\/albares-defends-zapatero-i-cannot-imagine-any-former-pp-president-in-any-mediation-in-the-world\\\/\",\"name\":\"Albares defends Zapatero\",\"isPartOf\":{\"@id\":\"https:\\\/\\\/thediplomatinspain.com\\\/#website\"},\"primaryImageOfPage\":{\"@id\":\"https:\\\/\\\/thediplomatinspain.com\\\/en\\\/2025\\\/02\\\/20\\\/albares-defends-zapatero-i-cannot-imagine-any-former-pp-president-in-any-mediation-in-the-world\\\/#primaryimage\"},\"image\":{\"@id\":\"https:\\\/\\\/thediplomatinspain.com\\\/en\\\/2025\\\/02\\\/20\\\/albares-defends-zapatero-i-cannot-imagine-any-former-pp-president-in-any-mediation-in-the-world\\\/#primaryimage\"},\"thumbnailUrl\":\"https:\\\/\\\/thediplomatinspain.com\\\/wp-content\\\/uploads\\\/2025\\\/02\\\/ZP-congreso.jpg\",\"datePublished\":\"2025-02-20T05:03:13+00:00\",\"description\":\"Jos\u00e9 Manuel Albares defended this Wednesday in Congress the mediation work of Jos\u00e9 Luis Rodr\u00edguez Zapatero in Venezuela.\",\"breadcrumb\":{\"@id\":\"https:\\\/\\\/thediplomatinspain.com\\\/en\\\/2025\\\/02\\\/20\\\/albares-defends-zapatero-i-cannot-imagine-any-former-pp-president-in-any-mediation-in-the-world\\\/#breadcrumb\"},\"inLanguage\":\"en-US\",\"potentialAction\":[{\"@type\":\"ReadAction\",\"target\":[\"https:\\\/\\\/thediplomatinspain.com\\\/en\\\/2025\\\/02\\\/20\\\/albares-defends-zapatero-i-cannot-imagine-any-former-pp-president-in-any-mediation-in-the-world\\\/\"]}]},{\"@type\":\"ImageObject\",\"inLanguage\":\"en-US\",\"@id\":\"https:\\\/\\\/thediplomatinspain.com\\\/en\\\/2025\\\/02\\\/20\\\/albares-defends-zapatero-i-cannot-imagine-any-former-pp-president-in-any-mediation-in-the-world\\\/#primaryimage\",\"url\":\"https:\\\/\\\/thediplomatinspain.com\\\/wp-content\\\/uploads\\\/2025\\\/02\\\/ZP-congreso.jpg\",\"contentUrl\":\"https:\\\/\\\/thediplomatinspain.com\\\/wp-content\\\/uploads\\\/2025\\\/02\\\/ZP-congreso.jpg\",\"width\":750,\"height\":422,\"caption\":\"Photo: Congress\"},{\"@type\":\"BreadcrumbList\",\"@id\":\"https:\\\/\\\/thediplomatinspain.com\\\/en\\\/2025\\\/02\\\/20\\\/albares-defends-zapatero-i-cannot-imagine-any-former-pp-president-in-any-mediation-in-the-world\\\/#breadcrumb\",\"itemListElement\":[{\"@type\":\"ListItem\",\"position\":1,\"name\":\"Portada\",\"item\":\"https:\\\/\\\/thediplomatinspain.com\\\/en\\\/\"},{\"@type\":\"ListItem\",\"position\":2,\"name\":\"Albares defends Zapatero: \u201cI cannot imagine any former PP president in any mediation in the world\u201d\"}]},{\"@type\":\"WebSite\",\"@id\":\"https:\\\/\\\/thediplomatinspain.com\\\/#website\",\"url\":\"https:\\\/\\\/thediplomatinspain.com\\\/\",\"name\":\"thediplomatinspain.com\",\"description\":\"Diario digital de referencia para diplom\u00e1ticos y empresas\",\"publisher\":{\"@id\":\"https:\\\/\\\/thediplomatinspain.com\\\/#organization\"},\"potentialAction\":[{\"@type\":\"SearchAction\",\"target\":{\"@type\":\"EntryPoint\",\"urlTemplate\":\"https:\\\/\\\/thediplomatinspain.com\\\/?s={search_term_string}\"},\"query-input\":{\"@type\":\"PropertyValueSpecification\",\"valueRequired\":true,\"valueName\":\"search_term_string\"}}],\"inLanguage\":\"en-US\"},{\"@type\":\"Organization\",\"@id\":\"https:\\\/\\\/thediplomatinspain.com\\\/#organization\",\"name\":\"thediplomatinspain.com\",\"url\":\"https:\\\/\\\/thediplomatinspain.com\\\/\",\"logo\":{\"@type\":\"ImageObject\",\"inLanguage\":\"en-US\",\"@id\":\"https:\\\/\\\/thediplomatinspain.com\\\/#\\\/schema\\\/logo\\\/image\\\/\",\"url\":\"https:\\\/\\\/thediplomatinspain.com\\\/wp-content\\\/uploads\\\/2024\\\/06\\\/logo_the_diplomat.png\",\"contentUrl\":\"https:\\\/\\\/thediplomatinspain.com\\\/wp-content\\\/uploads\\\/2024\\\/06\\\/logo_the_diplomat.png\",\"width\":284,\"height\":77,\"caption\":\"thediplomatinspain.com\"},\"image\":{\"@id\":\"https:\\\/\\\/thediplomatinspain.com\\\/#\\\/schema\\\/logo\\\/image\\\/\"},\"sameAs\":[\"https:\\\/\\\/www.facebook.com\\\/thediplomatinspain\",\"https:\\\/\\\/x.com\\\/diplomatinspain\",\"https:\\\/\\\/www.youtube.com\\\/channel\\\/UCK0mRqeeZDKdFeiFQZLcH2A\"]},{\"@type\":\"Person\",\"@id\":\"https:\\\/\\\/thediplomatinspain.com\\\/#\\\/schema\\\/person\\\/3486da7260c1ed500a030f75a625d6ba\",\"name\":\"Eduardo Gonz\u00e1lez\",\"image\":{\"@type\":\"ImageObject\",\"inLanguage\":\"en-US\",\"@id\":\"https:\\\/\\\/secure.gravatar.com\\\/avatar\\\/41aa213a3496a9a5a774a70b1b4ba9e94809b2de60529fc9e3ad010c61022c9f?s=96&d=mm&r=g\",\"url\":\"https:\\\/\\\/secure.gravatar.com\\\/avatar\\\/41aa213a3496a9a5a774a70b1b4ba9e94809b2de60529fc9e3ad010c61022c9f?s=96&d=mm&r=g\",\"contentUrl\":\"https:\\\/\\\/secure.gravatar.com\\\/avatar\\\/41aa213a3496a9a5a774a70b1b4ba9e94809b2de60529fc9e3ad010c61022c9f?s=96&d=mm&r=g\",\"caption\":\"Eduardo Gonz\u00e1lez\"},\"url\":\"https:\\\/\\\/thediplomatinspain.com\\\/en\\\/author\\\/egonzalez\\\/\"},{\"@type\":[\"Organization\",\"NewsMediaOrganization\"],\"@id\":\"https:\\\/\\\/thediplomatinspain.com\\\/en\\\/#organization\"},{\"@type\":\"SiteNavigationElement\",\"@id\":\"https:\\\/\\\/thediplomatinspain.com\\\/en\\\/#site-navigation\",\"cssSelector\":[\".cib-main-menu\"]},{\"@type\":\"WPHeader\",\"@id\":\"https:\\\/\\\/thediplomatinspain.com\\\/en\\\/#header\",\"cssSelector\":[\".cib-header\"]},{\"@type\":\"WPFooter\",\"@id\":\"https:\\\/\\\/thediplomatinspain.com\\\/en\\\/#footer\",\"cssSelector\":[\".cib-footer\"]}]}<\/script>\n<!-- \/ Yoast SEO plugin. -->","yoast_head_json":{"title":"Albares defends Zapatero","description":"Jos\u00e9 Manuel Albares defended this Wednesday in Congress the mediation work of Jos\u00e9 Luis Rodr\u00edguez Zapatero in Venezuela.","robots":{"index":"index","follow":"follow","max-snippet":"max-snippet:-1","max-image-preview":"max-image-preview:large","max-video-preview":"max-video-preview:-1"},"canonical":"https:\/\/thediplomatinspain.com\/en\/2025\/02\/20\/albares-defends-zapatero-i-cannot-imagine-any-former-pp-president-in-any-mediation-in-the-world\/","og_locale":"en_US","og_type":"article","og_title":"Albares defends Zapatero","og_description":"Jos\u00e9 Manuel Albares defended this Wednesday in Congress the mediation work of Jos\u00e9 Luis Rodr\u00edguez Zapatero in Venezuela.","og_url":"https:\/\/thediplomatinspain.com\/en\/2025\/02\/20\/albares-defends-zapatero-i-cannot-imagine-any-former-pp-president-in-any-mediation-in-the-world\/","og_site_name":"thediplomatinspain.com","article_publisher":"https:\/\/www.facebook.com\/thediplomatinspain","article_published_time":"2025-02-20T05:03:13+00:00","og_image":[{"width":750,"height":422,"url":"https:\/\/thediplomatinspain.com\/wp-content\/uploads\/2025\/02\/ZP-congreso.jpg","type":"image\/jpeg"}],"author":"Eduardo Gonz\u00e1lez","twitter_card":"summary_large_image","twitter_creator":"@diplomatinspain","twitter_site":"@diplomatinspain","twitter_misc":{"Written by":"Eduardo Gonz\u00e1lez","Est. reading time":"2 minutes"},"schema":{"@context":"https:\/\/schema.org","@graph":[{"@type":"Article","@id":"https:\/\/thediplomatinspain.com\/en\/2025\/02\/20\/albares-defends-zapatero-i-cannot-imagine-any-former-pp-president-in-any-mediation-in-the-world\/#article","isPartOf":{"@id":"https:\/\/thediplomatinspain.com\/en\/2025\/02\/20\/albares-defends-zapatero-i-cannot-imagine-any-former-pp-president-in-any-mediation-in-the-world\/"},"author":{"name":"Eduardo Gonz\u00e1lez","@id":"https:\/\/thediplomatinspain.com\/#\/schema\/person\/3486da7260c1ed500a030f75a625d6ba"},"headline":"Albares defends Zapatero: \u201cI cannot imagine any former PP president in any mediation in the world\u201d","datePublished":"2025-02-20T05:03:13+00:00","mainEntityOfPage":{"@id":"https:\/\/thediplomatinspain.com\/en\/2025\/02\/20\/albares-defends-zapatero-i-cannot-imagine-any-former-pp-president-in-any-mediation-in-the-world\/"},"wordCount":334,"publisher":{"@id":"https:\/\/thediplomatinspain.com\/#organization"},"image":{"@id":"https:\/\/thediplomatinspain.com\/en\/2025\/02\/20\/albares-defends-zapatero-i-cannot-imagine-any-former-pp-president-in-any-mediation-in-the-world\/#primaryimage"},"thumbnailUrl":"https:\/\/thediplomatinspain.com\/wp-content\/uploads\/2025\/02\/ZP-congreso.jpg","articleSection":["Breves","In brief","Spain"],"inLanguage":"en-US"},{"@type":"WebPage","@id":"https:\/\/thediplomatinspain.com\/en\/2025\/02\/20\/albares-defends-zapatero-i-cannot-imagine-any-former-pp-president-in-any-mediation-in-the-world\/","url":"https:\/\/thediplomatinspain.com\/en\/2025\/02\/20\/albares-defends-zapatero-i-cannot-imagine-any-former-pp-president-in-any-mediation-in-the-world\/","name":"Albares defends Zapatero","isPartOf":{"@id":"https:\/\/thediplomatinspain.com\/#website"},"primaryImageOfPage":{"@id":"https:\/\/thediplomatinspain.com\/en\/2025\/02\/20\/albares-defends-zapatero-i-cannot-imagine-any-former-pp-president-in-any-mediation-in-the-world\/#primaryimage"},"image":{"@id":"https:\/\/thediplomatinspain.com\/en\/2025\/02\/20\/albares-defends-zapatero-i-cannot-imagine-any-former-pp-president-in-any-mediation-in-the-world\/#primaryimage"},"thumbnailUrl":"https:\/\/thediplomatinspain.com\/wp-content\/uploads\/2025\/02\/ZP-congreso.jpg","datePublished":"2025-02-20T05:03:13+00:00","description":"Jos\u00e9 Manuel Albares defended this Wednesday in Congress the mediation work of Jos\u00e9 Luis Rodr\u00edguez Zapatero in Venezuela.","breadcrumb":{"@id":"https:\/\/thediplomatinspain.com\/en\/2025\/02\/20\/albares-defends-zapatero-i-cannot-imagine-any-former-pp-president-in-any-mediation-in-the-world\/#breadcrumb"},"inLanguage":"en-US","potentialAction":[{"@type":"ReadAction","target":["https:\/\/thediplomatinspain.com\/en\/2025\/02\/20\/albares-defends-zapatero-i-cannot-imagine-any-former-pp-president-in-any-mediation-in-the-world\/"]}]},{"@type":"ImageObject","inLanguage":"en-US","@id":"https:\/\/thediplomatinspain.com\/en\/2025\/02\/20\/albares-defends-zapatero-i-cannot-imagine-any-former-pp-president-in-any-mediation-in-the-world\/#primaryimage","url":"https:\/\/thediplomatinspain.com\/wp-content\/uploads\/2025\/02\/ZP-congreso.jpg","contentUrl":"https:\/\/thediplomatinspain.com\/wp-content\/uploads\/2025\/02\/ZP-congreso.jpg","width":750,"height":422,"caption":"Photo: Congress"},{"@type":"BreadcrumbList","@id":"https:\/\/thediplomatinspain.com\/en\/2025\/02\/20\/albares-defends-zapatero-i-cannot-imagine-any-former-pp-president-in-any-mediation-in-the-world\/#breadcrumb","itemListElement":[{"@type":"ListItem","position":1,"name":"Portada","item":"https:\/\/thediplomatinspain.com\/en\/"},{"@type":"ListItem","position":2,"name":"Albares defends Zapatero: \u201cI cannot imagine any former PP president in any mediation in the world\u201d"}]},{"@type":"WebSite","@id":"https:\/\/thediplomatinspain.com\/#website","url":"https:\/\/thediplomatinspain.com\/","name":"thediplomatinspain.com","description":"Diario digital de referencia para diplom\u00e1ticos y empresas","publisher":{"@id":"https:\/\/thediplomatinspain.com\/#organization"},"potentialAction":[{"@type":"SearchAction","target":{"@type":"EntryPoint","urlTemplate":"https:\/\/thediplomatinspain.com\/?s={search_term_string}"},"query-input":{"@type":"PropertyValueSpecification","valueRequired":true,"valueName":"search_term_string"}}],"inLanguage":"en-US"},{"@type":"Organization","@id":"https:\/\/thediplomatinspain.com\/#organization","name":"thediplomatinspain.com","url":"https:\/\/thediplomatinspain.com\/","logo":{"@type":"ImageObject","inLanguage":"en-US","@id":"https:\/\/thediplomatinspain.com\/#\/schema\/logo\/image\/","url":"https:\/\/thediplomatinspain.com\/wp-content\/uploads\/2024\/06\/logo_the_diplomat.png","contentUrl":"https:\/\/thediplomatinspain.com\/wp-content\/uploads\/2024\/06\/logo_the_diplomat.png","width":284,"height":77,"caption":"thediplomatinspain.com"},"image":{"@id":"https:\/\/thediplomatinspain.com\/#\/schema\/logo\/image\/"},"sameAs":["https:\/\/www.facebook.com\/thediplomatinspain","https:\/\/x.com\/diplomatinspain","https:\/\/www.youtube.com\/channel\/UCK0mRqeeZDKdFeiFQZLcH2A"]},{"@type":"Person","@id":"https:\/\/thediplomatinspain.com\/#\/schema\/person\/3486da7260c1ed500a030f75a625d6ba","name":"Eduardo Gonz\u00e1lez","image":{"@type":"ImageObject","inLanguage":"en-US","@id":"https:\/\/secure.gravatar.com\/avatar\/41aa213a3496a9a5a774a70b1b4ba9e94809b2de60529fc9e3ad010c61022c9f?s=96&d=mm&r=g","url":"https:\/\/secure.gravatar.com\/avatar\/41aa213a3496a9a5a774a70b1b4ba9e94809b2de60529fc9e3ad010c61022c9f?s=96&d=mm&r=g","contentUrl":"https:\/\/secure.gravatar.com\/avatar\/41aa213a3496a9a5a774a70b1b4ba9e94809b2de60529fc9e3ad010c61022c9f?s=96&d=mm&r=g","caption":"Eduardo Gonz\u00e1lez"},"url":"https:\/\/thediplomatinspain.com\/en\/author\/egonzalez\/"},{"@type":["Organization","NewsMediaOrganization"],"@id":"https:\/\/thediplomatinspain.com\/en\/#organization"},{"@type":"SiteNavigationElement","@id":"https:\/\/thediplomatinspain.com\/en\/#site-navigation","cssSelector":[".cib-main-menu"]},{"@type":"WPHeader","@id":"https:\/\/thediplomatinspain.com\/en\/#header","cssSelector":[".cib-header"]},{"@type":"WPFooter","@id":"https:\/\/thediplomatinspain.com\/en\/#footer","cssSelector":[".cib-footer"]}]}},"amp_enabled":true,"_links":{"self":[{"href":"https:\/\/thediplomatinspain.com\/en\/wp-json\/wp\/v2\/posts\/109039","targetHints":{"allow":["GET"]}}],"collection":[{"href":"https:\/\/thediplomatinspain.com\/en\/wp-json\/wp\/v2\/posts"}],"about":[{"href":"https:\/\/thediplomatinspain.com\/en\/wp-json\/wp\/v2\/types\/post"}],"author":[{"embeddable":true,"href":"https:\/\/thediplomatinspain.com\/en\/wp-json\/wp\/v2\/users\/91"}],"replies":[{"embeddable":true,"href":"https:\/\/thediplomatinspain.com\/en\/wp-json\/wp\/v2\/comments?post=109039"}],"version-history":[{"count":0,"href":"https:\/\/thediplomatinspain.com\/en\/wp-json\/wp\/v2\/posts\/109039\/revisions"}],"wp:featuredmedia":[{"embeddable":true,"href":"https:\/\/thediplomatinspain.com\/en\/wp-json\/wp\/v2\/media\/109037"}],"wp:attachment":[{"href":"https:\/\/thediplomatinspain.com\/en\/wp-json\/wp\/v2\/media?parent=109039"}],"wp:term":[{"taxonomy":"category","embeddable":true,"href":"https:\/\/thediplomatinspain.com\/en\/wp-json\/wp\/v2\/categories?post=109039"},{"taxonomy":"post_tag","embeddable":true,"href":"https:\/\/thediplomatinspain.com\/en\/wp-json\/wp\/v2\/tags?post=109039"}],"curies":[{"name":"wp","href":"https:\/\/api.w.org\/{rel}","templated":true}]}}