{"id":108280,"date":"2025-02-13T06:00:10","date_gmt":"2025-02-13T05:00:10","guid":{"rendered":"https:\/\/thediplomatinspain.com\/?p=108280"},"modified":"2025-02-12T08:51:24","modified_gmt":"2025-02-12T07:51:24","slug":"el-clasico-don-gil-de-las-calzas-verdes-en-el-teatro-de-la-comedia","status":"publish","type":"post","link":"https:\/\/thediplomatinspain.com\/en\/2025\/02\/13\/el-clasico-don-gil-de-las-calzas-verdes-en-el-teatro-de-la-comedia\/","title":{"rendered":"The classic &#8216;Don Gil de las calzas verdes&#8217;, at the Teatro de la Comedia"},"content":{"rendered":"<p>The <strong>Compa\u00f1\u00eda Nacional de Teatro Cl\u00e1sico<\/strong> opens tomorrow at the <strong>Teatro de la Comedia <\/strong>(calle del Pr\u00edncipe, 14) the play <strong><em>Don Gil de las calzas verdes,<\/em><\/strong> by <strong>Tirso de Molina.<\/strong> It will be on the billboard until 28 March.<\/p>\n<p>&nbsp;<\/p>\n<p><em>Don Gil de las calzas verdes<\/em> is considered the most perfect plot comedy of the Spanish Golden Age. The ingenious story of intrigue and entanglements of do\u00f1a Juana, who is able to fool others by creating two alter egos, don Gil and do\u00f1a Elvira, in order to get revenge and get her love.<\/p>\n<p>&nbsp;<\/p>\n<p>The play, as in other comedies of the same kind, and especially in Tirso de Molina, offers the chemically pure formula of this genre, a model belonging to the realm of chimeras, of playful fantasy, in a display of imagination in continuous motion: That is, pure action, pure theater, in which mockery, ingenuity and the use of disguise serve to subvert social norms, empowering women.<\/p>\n<p>&nbsp;<\/p>\n<p>Under the direction of <strong>Sarah Kane,<\/strong> they make up the cast of the play <strong>\u00cd\u00f1igo Arricibita, Xavi Caudevilla, Cristina Garc\u00eda, Ania Hern\u00e1ndez <\/strong>and<strong> Antonio Hern\u00e1ndez Fimia, <\/strong>among others. Tickets can be purchased at this <a href=\"https:\/\/www.entradasinaem.es\/ficha-espectaculo\/10\/109\/don-gil-de-las-calzas-verdes\"><strong>link.<\/strong><\/a><\/p>\n<p>&nbsp;<\/p>\n<p>&nbsp;<\/p>\n","protected":false},"excerpt":{"rendered":"<p>The Compa\u00f1\u00eda Nacional de Teatro Cl\u00e1sico opens tomorrow at the Teatro de la Comedia Don Gil de las calzas verdes, by Tirso de Molina.<\/p>\n","protected":false},"author":204,"featured_media":108278,"comment_status":"closed","ping_status":"open","sticky":false,"template":"","format":"standard","meta":{"jnews-multi-image_gallery":[],"jnews_single_post":{"source_name":"","source_url":"","via_name":"","via_url":"","override_template":"0","override":[{"template":"2","single_blog_custom":"","parallax":"1","fullscreen":"1","layout":"right-sidebar","sidebar":"default-sidebar","second_sidebar":"default-sidebar","sticky_sidebar":"1","share_position":"top","share_float_style":"share-monocrhome","show_share_counter":"1","show_view_counter":"1","show_featured":"1","show_post_meta":"1","show_post_author":"1","show_post_author_image":"0","show_post_date":"1","post_date_format":"default","post_date_format_custom":"Y\/m\/d","show_post_category":"1","show_post_reading_time":"0","post_reading_time_wpm":"300","show_zoom_button":"0","zoom_button_out_step":"2","zoom_button_in_step":"3","show_post_tag":"1","show_prev_next_post":"0","show_popup_post":"1","number_popup_post":"1","show_author_box":"1","show_post_related":"0","show_inline_post_related":"0"}],"override_image_size":"0","image_override":[{"single_post_thumbnail_size":"crop-500","single_post_gallery_size":"crop-500"}],"trending_post":"0","trending_post_position":"meta","trending_post_label":"Trending","sponsored_post":"0","sponsored_post_label":"Sponsored by","sponsored_post_name":"","sponsored_post_url":"","sponsored_post_logo_enable":"0","sponsored_post_logo":"","sponsored_post_desc":"","disable_ad":"0"},"jnews_primary_category":{"id":"","hide":""},"jnews_social_meta":{"fb_title":"","fb_description":"","fb_image":"","twitter_title":"","twitter_description":"","twitter_image":""},"jnews_override_counter":{"override_view_counter":"0","view_counter_number":"0","override_share_counter":"0","share_counter_number":"0","override_like_counter":"0","like_counter_number":"0","override_dislike_counter":"0","dislike_counter_number":"0"},"jnews_post_split":{"enable_post_split":"0","post_split":[{"template":"1","tag":"h2","numbering":"asc","mode":"normal","first":"0","enable_toc":"0","toc_type":"normal"}]},"footnotes":""},"categories":[179,176,48],"tags":[],"class_list":["post-108280","post","type-post","status-publish","format-standard","has-post-thumbnail","hentry","category-entertainment","category-leisure","category-teatro"],"yoast_head":"<!-- This site is optimized with the Yoast SEO plugin v27.4 - https:\/\/yoast.com\/product\/yoast-seo-wordpress\/ -->\n<title>&#039;Don Gil de las calzas verdes&#039;, at the Teatro de la Comedia<\/title>\n<meta name=\"description\" content=\"The Compa\u00f1\u00eda Nacional de Teatro Cl\u00e1sico opens tomorrow at the Teatro de la Comedia Don Gil de las calzas verdes, by Tirso de Molina.\" \/>\n<meta name=\"robots\" content=\"index, follow, max-snippet:-1, max-image-preview:large, max-video-preview:-1\" \/>\n<link rel=\"canonical\" href=\"https:\/\/thediplomatinspain.com\/en\/2025\/02\/13\/el-clasico-don-gil-de-las-calzas-verdes-en-el-teatro-de-la-comedia\/\" \/>\n<meta property=\"og:locale\" content=\"en_US\" \/>\n<meta property=\"og:type\" content=\"article\" \/>\n<meta property=\"og:title\" content=\"&#039;Don Gil de las calzas verdes&#039;, at the Teatro de la Comedia\" \/>\n<meta property=\"og:description\" content=\"The Compa\u00f1\u00eda Nacional de Teatro Cl\u00e1sico opens tomorrow at the Teatro de la Comedia Don Gil de las calzas verdes, by Tirso de Molina.\" \/>\n<meta property=\"og:url\" content=\"https:\/\/thediplomatinspain.com\/en\/2025\/02\/13\/el-clasico-don-gil-de-las-calzas-verdes-en-el-teatro-de-la-comedia\/\" \/>\n<meta property=\"og:site_name\" content=\"thediplomatinspain.com\" \/>\n<meta property=\"article:publisher\" content=\"https:\/\/www.facebook.com\/thediplomatinspain\" \/>\n<meta property=\"article:published_time\" content=\"2025-02-13T05:00:10+00:00\" \/>\n<meta property=\"og:image\" content=\"https:\/\/thediplomatinspain.com\/wp-content\/uploads\/2025\/02\/Don-Gil-de-las-calzas-verdes-ok.jpg\" \/>\n\t<meta property=\"og:image:width\" content=\"750\" \/>\n\t<meta property=\"og:image:height\" content=\"422\" \/>\n\t<meta property=\"og:image:type\" content=\"image\/jpeg\" \/>\n<meta name=\"author\" content=\"Juan David Latorre\" \/>\n<meta name=\"twitter:card\" content=\"summary_large_image\" \/>\n<meta name=\"twitter:creator\" content=\"@diplomatinspain\" \/>\n<meta name=\"twitter:site\" content=\"@diplomatinspain\" \/>\n<meta name=\"twitter:label1\" content=\"Written by\" \/>\n\t<meta name=\"twitter:data1\" content=\"Juan David Latorre\" \/>\n\t<meta name=\"twitter:label2\" content=\"Est. reading time\" \/>\n\t<meta name=\"twitter:data2\" content=\"2 minutes\" \/>\n<script type=\"application\/ld+json\" class=\"yoast-schema-graph\">{\"@context\":\"https:\\\/\\\/schema.org\",\"@graph\":[{\"@type\":\"Article\",\"@id\":\"https:\\\/\\\/thediplomatinspain.com\\\/en\\\/2025\\\/02\\\/13\\\/el-clasico-don-gil-de-las-calzas-verdes-en-el-teatro-de-la-comedia\\\/#article\",\"isPartOf\":{\"@id\":\"https:\\\/\\\/thediplomatinspain.com\\\/en\\\/2025\\\/02\\\/13\\\/el-clasico-don-gil-de-las-calzas-verdes-en-el-teatro-de-la-comedia\\\/\"},\"author\":{\"name\":\"Juan David Latorre\",\"@id\":\"https:\\\/\\\/thediplomatinspain.com\\\/#\\\/schema\\\/person\\\/bc23729a451553cbb28c59ed696ced53\"},\"headline\":\"The classic &#8216;Don Gil de las calzas verdes&#8217;, at the Teatro de la Comedia\",\"datePublished\":\"2025-02-13T05:00:10+00:00\",\"mainEntityOfPage\":{\"@id\":\"https:\\\/\\\/thediplomatinspain.com\\\/en\\\/2025\\\/02\\\/13\\\/el-clasico-don-gil-de-las-calzas-verdes-en-el-teatro-de-la-comedia\\\/\"},\"wordCount\":217,\"publisher\":{\"@id\":\"https:\\\/\\\/thediplomatinspain.com\\\/#organization\"},\"image\":{\"@id\":\"https:\\\/\\\/thediplomatinspain.com\\\/en\\\/2025\\\/02\\\/13\\\/el-clasico-don-gil-de-las-calzas-verdes-en-el-teatro-de-la-comedia\\\/#primaryimage\"},\"thumbnailUrl\":\"https:\\\/\\\/thediplomatinspain.com\\\/wp-content\\\/uploads\\\/2025\\\/02\\\/Don-Gil-de-las-calzas-verdes-ok.jpg\",\"articleSection\":[\"Entertainment\",\"Leisure\",\"Teatro\"],\"inLanguage\":\"en-US\"},{\"@type\":\"WebPage\",\"@id\":\"https:\\\/\\\/thediplomatinspain.com\\\/en\\\/2025\\\/02\\\/13\\\/el-clasico-don-gil-de-las-calzas-verdes-en-el-teatro-de-la-comedia\\\/\",\"url\":\"https:\\\/\\\/thediplomatinspain.com\\\/en\\\/2025\\\/02\\\/13\\\/el-clasico-don-gil-de-las-calzas-verdes-en-el-teatro-de-la-comedia\\\/\",\"name\":\"'Don Gil de las calzas verdes', at the Teatro de la Comedia\",\"isPartOf\":{\"@id\":\"https:\\\/\\\/thediplomatinspain.com\\\/#website\"},\"primaryImageOfPage\":{\"@id\":\"https:\\\/\\\/thediplomatinspain.com\\\/en\\\/2025\\\/02\\\/13\\\/el-clasico-don-gil-de-las-calzas-verdes-en-el-teatro-de-la-comedia\\\/#primaryimage\"},\"image\":{\"@id\":\"https:\\\/\\\/thediplomatinspain.com\\\/en\\\/2025\\\/02\\\/13\\\/el-clasico-don-gil-de-las-calzas-verdes-en-el-teatro-de-la-comedia\\\/#primaryimage\"},\"thumbnailUrl\":\"https:\\\/\\\/thediplomatinspain.com\\\/wp-content\\\/uploads\\\/2025\\\/02\\\/Don-Gil-de-las-calzas-verdes-ok.jpg\",\"datePublished\":\"2025-02-13T05:00:10+00:00\",\"description\":\"The Compa\u00f1\u00eda Nacional de Teatro Cl\u00e1sico opens tomorrow at the Teatro de la Comedia Don Gil de las calzas verdes, by Tirso de Molina.\",\"breadcrumb\":{\"@id\":\"https:\\\/\\\/thediplomatinspain.com\\\/en\\\/2025\\\/02\\\/13\\\/el-clasico-don-gil-de-las-calzas-verdes-en-el-teatro-de-la-comedia\\\/#breadcrumb\"},\"inLanguage\":\"en-US\",\"potentialAction\":[{\"@type\":\"ReadAction\",\"target\":[\"https:\\\/\\\/thediplomatinspain.com\\\/en\\\/2025\\\/02\\\/13\\\/el-clasico-don-gil-de-las-calzas-verdes-en-el-teatro-de-la-comedia\\\/\"]}]},{\"@type\":\"ImageObject\",\"inLanguage\":\"en-US\",\"@id\":\"https:\\\/\\\/thediplomatinspain.com\\\/en\\\/2025\\\/02\\\/13\\\/el-clasico-don-gil-de-las-calzas-verdes-en-el-teatro-de-la-comedia\\\/#primaryimage\",\"url\":\"https:\\\/\\\/thediplomatinspain.com\\\/wp-content\\\/uploads\\\/2025\\\/02\\\/Don-Gil-de-las-calzas-verdes-ok.jpg\",\"contentUrl\":\"https:\\\/\\\/thediplomatinspain.com\\\/wp-content\\\/uploads\\\/2025\\\/02\\\/Don-Gil-de-las-calzas-verdes-ok.jpg\",\"width\":750,\"height\":422},{\"@type\":\"BreadcrumbList\",\"@id\":\"https:\\\/\\\/thediplomatinspain.com\\\/en\\\/2025\\\/02\\\/13\\\/el-clasico-don-gil-de-las-calzas-verdes-en-el-teatro-de-la-comedia\\\/#breadcrumb\",\"itemListElement\":[{\"@type\":\"ListItem\",\"position\":1,\"name\":\"Portada\",\"item\":\"https:\\\/\\\/thediplomatinspain.com\\\/en\\\/\"},{\"@type\":\"ListItem\",\"position\":2,\"name\":\"The classic &#8216;Don Gil de las calzas verdes&#8217;, at the Teatro de la Comedia\"}]},{\"@type\":\"WebSite\",\"@id\":\"https:\\\/\\\/thediplomatinspain.com\\\/#website\",\"url\":\"https:\\\/\\\/thediplomatinspain.com\\\/\",\"name\":\"thediplomatinspain.com\",\"description\":\"Diario digital de referencia para diplom\u00e1ticos y empresas\",\"publisher\":{\"@id\":\"https:\\\/\\\/thediplomatinspain.com\\\/#organization\"},\"potentialAction\":[{\"@type\":\"SearchAction\",\"target\":{\"@type\":\"EntryPoint\",\"urlTemplate\":\"https:\\\/\\\/thediplomatinspain.com\\\/?s={search_term_string}\"},\"query-input\":{\"@type\":\"PropertyValueSpecification\",\"valueRequired\":true,\"valueName\":\"search_term_string\"}}],\"inLanguage\":\"en-US\"},{\"@type\":\"Organization\",\"@id\":\"https:\\\/\\\/thediplomatinspain.com\\\/#organization\",\"name\":\"thediplomatinspain.com\",\"url\":\"https:\\\/\\\/thediplomatinspain.com\\\/\",\"logo\":{\"@type\":\"ImageObject\",\"inLanguage\":\"en-US\",\"@id\":\"https:\\\/\\\/thediplomatinspain.com\\\/#\\\/schema\\\/logo\\\/image\\\/\",\"url\":\"https:\\\/\\\/thediplomatinspain.com\\\/wp-content\\\/uploads\\\/2024\\\/06\\\/logo_the_diplomat.png\",\"contentUrl\":\"https:\\\/\\\/thediplomatinspain.com\\\/wp-content\\\/uploads\\\/2024\\\/06\\\/logo_the_diplomat.png\",\"width\":284,\"height\":77,\"caption\":\"thediplomatinspain.com\"},\"image\":{\"@id\":\"https:\\\/\\\/thediplomatinspain.com\\\/#\\\/schema\\\/logo\\\/image\\\/\"},\"sameAs\":[\"https:\\\/\\\/www.facebook.com\\\/thediplomatinspain\",\"https:\\\/\\\/x.com\\\/diplomatinspain\",\"https:\\\/\\\/www.youtube.com\\\/channel\\\/UCK0mRqeeZDKdFeiFQZLcH2A\"]},{\"@type\":\"Person\",\"@id\":\"https:\\\/\\\/thediplomatinspain.com\\\/#\\\/schema\\\/person\\\/bc23729a451553cbb28c59ed696ced53\",\"name\":\"Juan David Latorre\",\"image\":{\"@type\":\"ImageObject\",\"inLanguage\":\"en-US\",\"@id\":\"https:\\\/\\\/secure.gravatar.com\\\/avatar\\\/2d39dcb59d17733b9ee745ca1ab1eeff6f72ef14623e21bb10f63bfb965c847a?s=96&d=mm&r=g\",\"url\":\"https:\\\/\\\/secure.gravatar.com\\\/avatar\\\/2d39dcb59d17733b9ee745ca1ab1eeff6f72ef14623e21bb10f63bfb965c847a?s=96&d=mm&r=g\",\"contentUrl\":\"https:\\\/\\\/secure.gravatar.com\\\/avatar\\\/2d39dcb59d17733b9ee745ca1ab1eeff6f72ef14623e21bb10f63bfb965c847a?s=96&d=mm&r=g\",\"caption\":\"Juan David Latorre\"},\"url\":\"https:\\\/\\\/thediplomatinspain.com\\\/en\\\/author\\\/jdlatorre\\\/\"},{\"@type\":[\"Organization\",\"NewsMediaOrganization\"],\"@id\":\"https:\\\/\\\/thediplomatinspain.com\\\/en\\\/#organization\"},{\"@type\":\"SiteNavigationElement\",\"@id\":\"https:\\\/\\\/thediplomatinspain.com\\\/en\\\/#site-navigation\",\"cssSelector\":[\".cib-main-menu\"]},{\"@type\":\"WPHeader\",\"@id\":\"https:\\\/\\\/thediplomatinspain.com\\\/en\\\/#header\",\"cssSelector\":[\".cib-header\"]},{\"@type\":\"WPFooter\",\"@id\":\"https:\\\/\\\/thediplomatinspain.com\\\/en\\\/#footer\",\"cssSelector\":[\".cib-footer\"]}]}<\/script>\n<!-- \/ Yoast SEO plugin. -->","yoast_head_json":{"title":"'Don Gil de las calzas verdes', at the Teatro de la Comedia","description":"The Compa\u00f1\u00eda Nacional de Teatro Cl\u00e1sico opens tomorrow at the Teatro de la Comedia Don Gil de las calzas verdes, by Tirso de Molina.","robots":{"index":"index","follow":"follow","max-snippet":"max-snippet:-1","max-image-preview":"max-image-preview:large","max-video-preview":"max-video-preview:-1"},"canonical":"https:\/\/thediplomatinspain.com\/en\/2025\/02\/13\/el-clasico-don-gil-de-las-calzas-verdes-en-el-teatro-de-la-comedia\/","og_locale":"en_US","og_type":"article","og_title":"'Don Gil de las calzas verdes', at the Teatro de la Comedia","og_description":"The Compa\u00f1\u00eda Nacional de Teatro Cl\u00e1sico opens tomorrow at the Teatro de la Comedia Don Gil de las calzas verdes, by Tirso de Molina.","og_url":"https:\/\/thediplomatinspain.com\/en\/2025\/02\/13\/el-clasico-don-gil-de-las-calzas-verdes-en-el-teatro-de-la-comedia\/","og_site_name":"thediplomatinspain.com","article_publisher":"https:\/\/www.facebook.com\/thediplomatinspain","article_published_time":"2025-02-13T05:00:10+00:00","og_image":[{"width":750,"height":422,"url":"https:\/\/thediplomatinspain.com\/wp-content\/uploads\/2025\/02\/Don-Gil-de-las-calzas-verdes-ok.jpg","type":"image\/jpeg"}],"author":"Juan David Latorre","twitter_card":"summary_large_image","twitter_creator":"@diplomatinspain","twitter_site":"@diplomatinspain","twitter_misc":{"Written by":"Juan David Latorre","Est. reading time":"2 minutes"},"schema":{"@context":"https:\/\/schema.org","@graph":[{"@type":"Article","@id":"https:\/\/thediplomatinspain.com\/en\/2025\/02\/13\/el-clasico-don-gil-de-las-calzas-verdes-en-el-teatro-de-la-comedia\/#article","isPartOf":{"@id":"https:\/\/thediplomatinspain.com\/en\/2025\/02\/13\/el-clasico-don-gil-de-las-calzas-verdes-en-el-teatro-de-la-comedia\/"},"author":{"name":"Juan David Latorre","@id":"https:\/\/thediplomatinspain.com\/#\/schema\/person\/bc23729a451553cbb28c59ed696ced53"},"headline":"The classic &#8216;Don Gil de las calzas verdes&#8217;, at the Teatro de la Comedia","datePublished":"2025-02-13T05:00:10+00:00","mainEntityOfPage":{"@id":"https:\/\/thediplomatinspain.com\/en\/2025\/02\/13\/el-clasico-don-gil-de-las-calzas-verdes-en-el-teatro-de-la-comedia\/"},"wordCount":217,"publisher":{"@id":"https:\/\/thediplomatinspain.com\/#organization"},"image":{"@id":"https:\/\/thediplomatinspain.com\/en\/2025\/02\/13\/el-clasico-don-gil-de-las-calzas-verdes-en-el-teatro-de-la-comedia\/#primaryimage"},"thumbnailUrl":"https:\/\/thediplomatinspain.com\/wp-content\/uploads\/2025\/02\/Don-Gil-de-las-calzas-verdes-ok.jpg","articleSection":["Entertainment","Leisure","Teatro"],"inLanguage":"en-US"},{"@type":"WebPage","@id":"https:\/\/thediplomatinspain.com\/en\/2025\/02\/13\/el-clasico-don-gil-de-las-calzas-verdes-en-el-teatro-de-la-comedia\/","url":"https:\/\/thediplomatinspain.com\/en\/2025\/02\/13\/el-clasico-don-gil-de-las-calzas-verdes-en-el-teatro-de-la-comedia\/","name":"'Don Gil de las calzas verdes', at the Teatro de la Comedia","isPartOf":{"@id":"https:\/\/thediplomatinspain.com\/#website"},"primaryImageOfPage":{"@id":"https:\/\/thediplomatinspain.com\/en\/2025\/02\/13\/el-clasico-don-gil-de-las-calzas-verdes-en-el-teatro-de-la-comedia\/#primaryimage"},"image":{"@id":"https:\/\/thediplomatinspain.com\/en\/2025\/02\/13\/el-clasico-don-gil-de-las-calzas-verdes-en-el-teatro-de-la-comedia\/#primaryimage"},"thumbnailUrl":"https:\/\/thediplomatinspain.com\/wp-content\/uploads\/2025\/02\/Don-Gil-de-las-calzas-verdes-ok.jpg","datePublished":"2025-02-13T05:00:10+00:00","description":"The Compa\u00f1\u00eda Nacional de Teatro Cl\u00e1sico opens tomorrow at the Teatro de la Comedia Don Gil de las calzas verdes, by Tirso de Molina.","breadcrumb":{"@id":"https:\/\/thediplomatinspain.com\/en\/2025\/02\/13\/el-clasico-don-gil-de-las-calzas-verdes-en-el-teatro-de-la-comedia\/#breadcrumb"},"inLanguage":"en-US","potentialAction":[{"@type":"ReadAction","target":["https:\/\/thediplomatinspain.com\/en\/2025\/02\/13\/el-clasico-don-gil-de-las-calzas-verdes-en-el-teatro-de-la-comedia\/"]}]},{"@type":"ImageObject","inLanguage":"en-US","@id":"https:\/\/thediplomatinspain.com\/en\/2025\/02\/13\/el-clasico-don-gil-de-las-calzas-verdes-en-el-teatro-de-la-comedia\/#primaryimage","url":"https:\/\/thediplomatinspain.com\/wp-content\/uploads\/2025\/02\/Don-Gil-de-las-calzas-verdes-ok.jpg","contentUrl":"https:\/\/thediplomatinspain.com\/wp-content\/uploads\/2025\/02\/Don-Gil-de-las-calzas-verdes-ok.jpg","width":750,"height":422},{"@type":"BreadcrumbList","@id":"https:\/\/thediplomatinspain.com\/en\/2025\/02\/13\/el-clasico-don-gil-de-las-calzas-verdes-en-el-teatro-de-la-comedia\/#breadcrumb","itemListElement":[{"@type":"ListItem","position":1,"name":"Portada","item":"https:\/\/thediplomatinspain.com\/en\/"},{"@type":"ListItem","position":2,"name":"The classic &#8216;Don Gil de las calzas verdes&#8217;, at the Teatro de la Comedia"}]},{"@type":"WebSite","@id":"https:\/\/thediplomatinspain.com\/#website","url":"https:\/\/thediplomatinspain.com\/","name":"thediplomatinspain.com","description":"Diario digital de referencia para diplom\u00e1ticos y empresas","publisher":{"@id":"https:\/\/thediplomatinspain.com\/#organization"},"potentialAction":[{"@type":"SearchAction","target":{"@type":"EntryPoint","urlTemplate":"https:\/\/thediplomatinspain.com\/?s={search_term_string}"},"query-input":{"@type":"PropertyValueSpecification","valueRequired":true,"valueName":"search_term_string"}}],"inLanguage":"en-US"},{"@type":"Organization","@id":"https:\/\/thediplomatinspain.com\/#organization","name":"thediplomatinspain.com","url":"https:\/\/thediplomatinspain.com\/","logo":{"@type":"ImageObject","inLanguage":"en-US","@id":"https:\/\/thediplomatinspain.com\/#\/schema\/logo\/image\/","url":"https:\/\/thediplomatinspain.com\/wp-content\/uploads\/2024\/06\/logo_the_diplomat.png","contentUrl":"https:\/\/thediplomatinspain.com\/wp-content\/uploads\/2024\/06\/logo_the_diplomat.png","width":284,"height":77,"caption":"thediplomatinspain.com"},"image":{"@id":"https:\/\/thediplomatinspain.com\/#\/schema\/logo\/image\/"},"sameAs":["https:\/\/www.facebook.com\/thediplomatinspain","https:\/\/x.com\/diplomatinspain","https:\/\/www.youtube.com\/channel\/UCK0mRqeeZDKdFeiFQZLcH2A"]},{"@type":"Person","@id":"https:\/\/thediplomatinspain.com\/#\/schema\/person\/bc23729a451553cbb28c59ed696ced53","name":"Juan David Latorre","image":{"@type":"ImageObject","inLanguage":"en-US","@id":"https:\/\/secure.gravatar.com\/avatar\/2d39dcb59d17733b9ee745ca1ab1eeff6f72ef14623e21bb10f63bfb965c847a?s=96&d=mm&r=g","url":"https:\/\/secure.gravatar.com\/avatar\/2d39dcb59d17733b9ee745ca1ab1eeff6f72ef14623e21bb10f63bfb965c847a?s=96&d=mm&r=g","contentUrl":"https:\/\/secure.gravatar.com\/avatar\/2d39dcb59d17733b9ee745ca1ab1eeff6f72ef14623e21bb10f63bfb965c847a?s=96&d=mm&r=g","caption":"Juan David Latorre"},"url":"https:\/\/thediplomatinspain.com\/en\/author\/jdlatorre\/"},{"@type":["Organization","NewsMediaOrganization"],"@id":"https:\/\/thediplomatinspain.com\/en\/#organization"},{"@type":"SiteNavigationElement","@id":"https:\/\/thediplomatinspain.com\/en\/#site-navigation","cssSelector":[".cib-main-menu"]},{"@type":"WPHeader","@id":"https:\/\/thediplomatinspain.com\/en\/#header","cssSelector":[".cib-header"]},{"@type":"WPFooter","@id":"https:\/\/thediplomatinspain.com\/en\/#footer","cssSelector":[".cib-footer"]}]}},"amp_enabled":true,"_links":{"self":[{"href":"https:\/\/thediplomatinspain.com\/en\/wp-json\/wp\/v2\/posts\/108280","targetHints":{"allow":["GET"]}}],"collection":[{"href":"https:\/\/thediplomatinspain.com\/en\/wp-json\/wp\/v2\/posts"}],"about":[{"href":"https:\/\/thediplomatinspain.com\/en\/wp-json\/wp\/v2\/types\/post"}],"author":[{"embeddable":true,"href":"https:\/\/thediplomatinspain.com\/en\/wp-json\/wp\/v2\/users\/204"}],"replies":[{"embeddable":true,"href":"https:\/\/thediplomatinspain.com\/en\/wp-json\/wp\/v2\/comments?post=108280"}],"version-history":[{"count":0,"href":"https:\/\/thediplomatinspain.com\/en\/wp-json\/wp\/v2\/posts\/108280\/revisions"}],"wp:featuredmedia":[{"embeddable":true,"href":"https:\/\/thediplomatinspain.com\/en\/wp-json\/wp\/v2\/media\/108278"}],"wp:attachment":[{"href":"https:\/\/thediplomatinspain.com\/en\/wp-json\/wp\/v2\/media?parent=108280"}],"wp:term":[{"taxonomy":"category","embeddable":true,"href":"https:\/\/thediplomatinspain.com\/en\/wp-json\/wp\/v2\/categories?post=108280"},{"taxonomy":"post_tag","embeddable":true,"href":"https:\/\/thediplomatinspain.com\/en\/wp-json\/wp\/v2\/tags?post=108280"}],"curies":[{"name":"wp","href":"https:\/\/api.w.org\/{rel}","templated":true}]}}