{"id":102083,"date":"2024-11-29T06:00:26","date_gmt":"2024-11-29T05:00:26","guid":{"rendered":"https:\/\/thediplomatinspain.com\/?p=102083"},"modified":"2024-11-28T18:38:41","modified_gmt":"2024-11-28T17:38:41","slug":"julia-vari-quintet-concert-at-fundacion-casa-de-mexico","status":"publish","type":"post","link":"https:\/\/thediplomatinspain.com\/en\/2024\/11\/29\/julia-vari-quintet-concert-at-fundacion-casa-de-mexico\/","title":{"rendered":"Julia Vari Quintet concert at Fundaci\u00f3n Casa de Mexico"},"content":{"rendered":"<p><strong>Fundaci\u00f3n Casa de Mexico<\/strong> presents the next Wednesday, December 4 at 7 pm in its Hall of Multiple Uses the jazz concert <strong><em>Sabor a M\u00e9xico,<\/em><\/strong> with the <strong>Julia Vari Quintet.<\/strong><\/p>\n<p>&nbsp;<\/p>\n<p>Led by singer, pianist and arranger <strong>Julia Vari<\/strong> (pictured), the quintet is composed of <strong>Luc\u00eda Rey<\/strong> (piano), <strong>Reiner &#8220;El Negr\u00f3n&#8221;<\/strong> (bass), <strong>Georvis Pico Milian<\/strong> (drums) and <strong>X<\/strong> (guitar).<\/p>\n<p>&nbsp;<\/p>\n<p>Known for her improvisational ability and her very particular style of blending jazz with Mexican and Latin American melodies and rhythms, Julia Vari\u2019s repertoire is a reflection of the diversity and musical richness of our times. Julia will delight with songs from the album she recorded with <strong>Armando Manzanero<\/strong> <em>(Adoro, <\/em>2015), as well as some new tracks.<\/p>\n<p>&nbsp;<\/p>\n<p>In this show every note is a tribute to the beauty of our roots, inviting everyone to feel the joy, nostalgia and pride of Mexican culture.<\/p>\n<p>&nbsp;<\/p>\n<p><em>Voy a apagar la luz, Sabor a m\u00ed, Siboney, Amanec\u00ed en tus brazos, Contigo aprend\u00ed, Como yo te am\u00e9, La media vuelta, Cielo rojo, El reloj <\/em>or<em> Se me olvid\u00f3 otra vez<\/em> are unforgettable songs that will star the evening.<\/p>\n<p>&nbsp;<\/p>\n<p>Recognized by the press as &#8220;The Queen of Mexican Jazz&#8221;, Julia Vari is synonymous with talent, energy, originality and delivery, For more than a decade, he has charmed the public with his original musical arrangements and his fusion of jazz with world music and Latin rhythms. Among his achievements, Vari can boast not only an expressive voice and a subtle but elegant style of piano, but also five solo albums and a nomination to Hollywood Music in Media, as well as performances in iconic venues, Among those that stand out are the Lunario of the National Auditorium in Mexico City, the Real Teatro Carlos Aranjuez in Spain and the Centro Nacional de las Artes in Ottawa.<\/p>\n<p>&nbsp;<\/p>\n<p>&nbsp;<\/p>\n","protected":false},"excerpt":{"rendered":"<p>Fundaci\u00f3n Casa de Mexico presents on Wednesday, December 4 at 7 pm the jazz concert Sabor a M\u00e9xico, with the Julia Vari Quintet.<\/p>\n","protected":false},"author":204,"featured_media":102081,"comment_status":"closed","ping_status":"open","sticky":false,"template":"","format":"standard","meta":{"jnews-multi-image_gallery":[],"jnews_single_post":{"source_name":"","source_url":"","via_name":"","via_url":"","override_template":"0","override":[{"template":"2","single_blog_custom":"","parallax":"1","fullscreen":"1","layout":"right-sidebar","sidebar":"default-sidebar","second_sidebar":"default-sidebar","sticky_sidebar":"1","share_position":"top","share_float_style":"share-monocrhome","show_share_counter":"1","show_view_counter":"1","show_featured":"1","show_post_meta":"1","show_post_author":"1","show_post_author_image":"0","show_post_date":"1","post_date_format":"default","post_date_format_custom":"Y\/m\/d","show_post_category":"1","show_post_reading_time":"0","post_reading_time_wpm":"300","show_zoom_button":"0","zoom_button_out_step":"2","zoom_button_in_step":"3","show_post_tag":"1","show_prev_next_post":"0","show_popup_post":"1","number_popup_post":"1","show_author_box":"1","show_post_related":"0","show_inline_post_related":"0"}],"override_image_size":"0","image_override":[{"single_post_thumbnail_size":"crop-500","single_post_gallery_size":"crop-500"}],"trending_post":"0","trending_post_position":"meta","trending_post_label":"Trending","sponsored_post":"0","sponsored_post_label":"Sponsored by","sponsored_post_name":"","sponsored_post_url":"","sponsored_post_logo_enable":"0","sponsored_post_logo":"","sponsored_post_desc":"","disable_ad":"0"},"jnews_primary_category":{"id":"","hide":""},"jnews_social_meta":{"fb_title":"","fb_description":"","fb_image":"","twitter_title":"","twitter_description":"","twitter_image":""},"jnews_override_counter":{"override_view_counter":"0","view_counter_number":"0","override_share_counter":"0","share_counter_number":"0","override_like_counter":"0","like_counter_number":"0","override_dislike_counter":"0","dislike_counter_number":"0"},"jnews_post_split":{"enable_post_split":"0","post_split":[{"template":"1","tag":"h2","numbering":"asc","mode":"normal","first":"0","enable_toc":"0","toc_type":"normal"}]},"footnotes":""},"categories":[179,46,176],"tags":[],"class_list":["post-102083","post","type-post","status-publish","format-standard","has-post-thumbnail","hentry","category-entertainment","category-espectaculos","category-leisure"],"yoast_head":"<!-- This site is optimized with the Yoast SEO plugin v27.4 - https:\/\/yoast.com\/product\/yoast-seo-wordpress\/ -->\n<title>Concert at the Fundaci\u00f3n Casa de Mexico of the Julia Vari Quintet<\/title>\n<meta name=\"description\" content=\"Fundaci\u00f3n Casa de Mexico presents on Wednesday, December 4 at 7 pm the jazz concert Sabor a M\u00e9xico, with the Julia Vari Quintet.\" \/>\n<meta name=\"robots\" content=\"index, follow, max-snippet:-1, max-image-preview:large, max-video-preview:-1\" \/>\n<link rel=\"canonical\" href=\"https:\/\/thediplomatinspain.com\/en\/2024\/11\/29\/julia-vari-quintet-concert-at-fundacion-casa-de-mexico\/\" \/>\n<meta property=\"og:locale\" content=\"en_US\" \/>\n<meta property=\"og:type\" content=\"article\" \/>\n<meta property=\"og:title\" content=\"Concert at the Fundaci\u00f3n Casa de Mexico of the Julia Vari Quintet\" \/>\n<meta property=\"og:description\" content=\"Fundaci\u00f3n Casa de Mexico presents on Wednesday, December 4 at 7 pm the jazz concert Sabor a M\u00e9xico, with the Julia Vari Quintet.\" \/>\n<meta property=\"og:url\" content=\"https:\/\/thediplomatinspain.com\/en\/2024\/11\/29\/julia-vari-quintet-concert-at-fundacion-casa-de-mexico\/\" \/>\n<meta property=\"og:site_name\" content=\"thediplomatinspain.com\" \/>\n<meta property=\"article:publisher\" content=\"https:\/\/www.facebook.com\/thediplomatinspain\" \/>\n<meta property=\"article:published_time\" content=\"2024-11-29T05:00:26+00:00\" \/>\n<meta property=\"og:image\" content=\"https:\/\/thediplomatinspain.com\/wp-content\/uploads\/2024\/11\/Julia-Vari-Quintet-ok.jpg\" \/>\n\t<meta property=\"og:image:width\" content=\"750\" \/>\n\t<meta property=\"og:image:height\" content=\"428\" \/>\n\t<meta property=\"og:image:type\" content=\"image\/jpeg\" \/>\n<meta name=\"author\" content=\"Juan David Latorre\" \/>\n<meta name=\"twitter:card\" content=\"summary_large_image\" \/>\n<meta name=\"twitter:creator\" content=\"@diplomatinspain\" \/>\n<meta name=\"twitter:site\" content=\"@diplomatinspain\" \/>\n<meta name=\"twitter:label1\" content=\"Written by\" \/>\n\t<meta name=\"twitter:data1\" content=\"Juan David Latorre\" \/>\n\t<meta name=\"twitter:label2\" content=\"Est. reading time\" \/>\n\t<meta name=\"twitter:data2\" content=\"2 minutes\" \/>\n<script type=\"application\/ld+json\" class=\"yoast-schema-graph\">{\"@context\":\"https:\\\/\\\/schema.org\",\"@graph\":[{\"@type\":\"Article\",\"@id\":\"https:\\\/\\\/thediplomatinspain.com\\\/en\\\/2024\\\/11\\\/29\\\/julia-vari-quintet-concert-at-fundacion-casa-de-mexico\\\/#article\",\"isPartOf\":{\"@id\":\"https:\\\/\\\/thediplomatinspain.com\\\/en\\\/2024\\\/11\\\/29\\\/julia-vari-quintet-concert-at-fundacion-casa-de-mexico\\\/\"},\"author\":{\"name\":\"Juan David Latorre\",\"@id\":\"https:\\\/\\\/thediplomatinspain.com\\\/#\\\/schema\\\/person\\\/bc23729a451553cbb28c59ed696ced53\"},\"headline\":\"Julia Vari Quintet concert at Fundaci\u00f3n Casa de Mexico\",\"datePublished\":\"2024-11-29T05:00:26+00:00\",\"mainEntityOfPage\":{\"@id\":\"https:\\\/\\\/thediplomatinspain.com\\\/en\\\/2024\\\/11\\\/29\\\/julia-vari-quintet-concert-at-fundacion-casa-de-mexico\\\/\"},\"wordCount\":316,\"publisher\":{\"@id\":\"https:\\\/\\\/thediplomatinspain.com\\\/#organization\"},\"image\":{\"@id\":\"https:\\\/\\\/thediplomatinspain.com\\\/en\\\/2024\\\/11\\\/29\\\/julia-vari-quintet-concert-at-fundacion-casa-de-mexico\\\/#primaryimage\"},\"thumbnailUrl\":\"https:\\\/\\\/thediplomatinspain.com\\\/wp-content\\\/uploads\\\/2024\\\/11\\\/Julia-Vari-Quintet-ok.jpg\",\"articleSection\":[\"Entertainment\",\"Espect\u00e1culos\",\"Leisure\"],\"inLanguage\":\"en-US\"},{\"@type\":\"WebPage\",\"@id\":\"https:\\\/\\\/thediplomatinspain.com\\\/en\\\/2024\\\/11\\\/29\\\/julia-vari-quintet-concert-at-fundacion-casa-de-mexico\\\/\",\"url\":\"https:\\\/\\\/thediplomatinspain.com\\\/en\\\/2024\\\/11\\\/29\\\/julia-vari-quintet-concert-at-fundacion-casa-de-mexico\\\/\",\"name\":\"Concert at the Fundaci\u00f3n Casa de Mexico of the Julia Vari Quintet\",\"isPartOf\":{\"@id\":\"https:\\\/\\\/thediplomatinspain.com\\\/#website\"},\"primaryImageOfPage\":{\"@id\":\"https:\\\/\\\/thediplomatinspain.com\\\/en\\\/2024\\\/11\\\/29\\\/julia-vari-quintet-concert-at-fundacion-casa-de-mexico\\\/#primaryimage\"},\"image\":{\"@id\":\"https:\\\/\\\/thediplomatinspain.com\\\/en\\\/2024\\\/11\\\/29\\\/julia-vari-quintet-concert-at-fundacion-casa-de-mexico\\\/#primaryimage\"},\"thumbnailUrl\":\"https:\\\/\\\/thediplomatinspain.com\\\/wp-content\\\/uploads\\\/2024\\\/11\\\/Julia-Vari-Quintet-ok.jpg\",\"datePublished\":\"2024-11-29T05:00:26+00:00\",\"description\":\"Fundaci\u00f3n Casa de Mexico presents on Wednesday, December 4 at 7 pm the jazz concert Sabor a M\u00e9xico, with the Julia Vari Quintet.\",\"breadcrumb\":{\"@id\":\"https:\\\/\\\/thediplomatinspain.com\\\/en\\\/2024\\\/11\\\/29\\\/julia-vari-quintet-concert-at-fundacion-casa-de-mexico\\\/#breadcrumb\"},\"inLanguage\":\"en-US\",\"potentialAction\":[{\"@type\":\"ReadAction\",\"target\":[\"https:\\\/\\\/thediplomatinspain.com\\\/en\\\/2024\\\/11\\\/29\\\/julia-vari-quintet-concert-at-fundacion-casa-de-mexico\\\/\"]}]},{\"@type\":\"ImageObject\",\"inLanguage\":\"en-US\",\"@id\":\"https:\\\/\\\/thediplomatinspain.com\\\/en\\\/2024\\\/11\\\/29\\\/julia-vari-quintet-concert-at-fundacion-casa-de-mexico\\\/#primaryimage\",\"url\":\"https:\\\/\\\/thediplomatinspain.com\\\/wp-content\\\/uploads\\\/2024\\\/11\\\/Julia-Vari-Quintet-ok.jpg\",\"contentUrl\":\"https:\\\/\\\/thediplomatinspain.com\\\/wp-content\\\/uploads\\\/2024\\\/11\\\/Julia-Vari-Quintet-ok.jpg\",\"width\":750,\"height\":428},{\"@type\":\"BreadcrumbList\",\"@id\":\"https:\\\/\\\/thediplomatinspain.com\\\/en\\\/2024\\\/11\\\/29\\\/julia-vari-quintet-concert-at-fundacion-casa-de-mexico\\\/#breadcrumb\",\"itemListElement\":[{\"@type\":\"ListItem\",\"position\":1,\"name\":\"Portada\",\"item\":\"https:\\\/\\\/thediplomatinspain.com\\\/en\\\/\"},{\"@type\":\"ListItem\",\"position\":2,\"name\":\"Julia Vari Quintet concert at Fundaci\u00f3n Casa de Mexico\"}]},{\"@type\":\"WebSite\",\"@id\":\"https:\\\/\\\/thediplomatinspain.com\\\/#website\",\"url\":\"https:\\\/\\\/thediplomatinspain.com\\\/\",\"name\":\"thediplomatinspain.com\",\"description\":\"Diario digital de referencia para diplom\u00e1ticos y empresas\",\"publisher\":{\"@id\":\"https:\\\/\\\/thediplomatinspain.com\\\/#organization\"},\"potentialAction\":[{\"@type\":\"SearchAction\",\"target\":{\"@type\":\"EntryPoint\",\"urlTemplate\":\"https:\\\/\\\/thediplomatinspain.com\\\/?s={search_term_string}\"},\"query-input\":{\"@type\":\"PropertyValueSpecification\",\"valueRequired\":true,\"valueName\":\"search_term_string\"}}],\"inLanguage\":\"en-US\"},{\"@type\":\"Organization\",\"@id\":\"https:\\\/\\\/thediplomatinspain.com\\\/#organization\",\"name\":\"thediplomatinspain.com\",\"url\":\"https:\\\/\\\/thediplomatinspain.com\\\/\",\"logo\":{\"@type\":\"ImageObject\",\"inLanguage\":\"en-US\",\"@id\":\"https:\\\/\\\/thediplomatinspain.com\\\/#\\\/schema\\\/logo\\\/image\\\/\",\"url\":\"https:\\\/\\\/thediplomatinspain.com\\\/wp-content\\\/uploads\\\/2024\\\/06\\\/logo_the_diplomat.png\",\"contentUrl\":\"https:\\\/\\\/thediplomatinspain.com\\\/wp-content\\\/uploads\\\/2024\\\/06\\\/logo_the_diplomat.png\",\"width\":284,\"height\":77,\"caption\":\"thediplomatinspain.com\"},\"image\":{\"@id\":\"https:\\\/\\\/thediplomatinspain.com\\\/#\\\/schema\\\/logo\\\/image\\\/\"},\"sameAs\":[\"https:\\\/\\\/www.facebook.com\\\/thediplomatinspain\",\"https:\\\/\\\/x.com\\\/diplomatinspain\",\"https:\\\/\\\/www.youtube.com\\\/channel\\\/UCK0mRqeeZDKdFeiFQZLcH2A\"]},{\"@type\":\"Person\",\"@id\":\"https:\\\/\\\/thediplomatinspain.com\\\/#\\\/schema\\\/person\\\/bc23729a451553cbb28c59ed696ced53\",\"name\":\"Juan David Latorre\",\"image\":{\"@type\":\"ImageObject\",\"inLanguage\":\"en-US\",\"@id\":\"https:\\\/\\\/secure.gravatar.com\\\/avatar\\\/2d39dcb59d17733b9ee745ca1ab1eeff6f72ef14623e21bb10f63bfb965c847a?s=96&d=mm&r=g\",\"url\":\"https:\\\/\\\/secure.gravatar.com\\\/avatar\\\/2d39dcb59d17733b9ee745ca1ab1eeff6f72ef14623e21bb10f63bfb965c847a?s=96&d=mm&r=g\",\"contentUrl\":\"https:\\\/\\\/secure.gravatar.com\\\/avatar\\\/2d39dcb59d17733b9ee745ca1ab1eeff6f72ef14623e21bb10f63bfb965c847a?s=96&d=mm&r=g\",\"caption\":\"Juan David Latorre\"},\"url\":\"https:\\\/\\\/thediplomatinspain.com\\\/en\\\/author\\\/jdlatorre\\\/\"},{\"@type\":[\"Organization\",\"NewsMediaOrganization\"],\"@id\":\"https:\\\/\\\/thediplomatinspain.com\\\/en\\\/#organization\"},{\"@type\":\"SiteNavigationElement\",\"@id\":\"https:\\\/\\\/thediplomatinspain.com\\\/en\\\/#site-navigation\",\"cssSelector\":[\".cib-main-menu\"]},{\"@type\":\"WPHeader\",\"@id\":\"https:\\\/\\\/thediplomatinspain.com\\\/en\\\/#header\",\"cssSelector\":[\".cib-header\"]},{\"@type\":\"WPFooter\",\"@id\":\"https:\\\/\\\/thediplomatinspain.com\\\/en\\\/#footer\",\"cssSelector\":[\".cib-footer\"]}]}<\/script>\n<!-- \/ Yoast SEO plugin. -->","yoast_head_json":{"title":"Concert at the Fundaci\u00f3n Casa de Mexico of the Julia Vari Quintet","description":"Fundaci\u00f3n Casa de Mexico presents on Wednesday, December 4 at 7 pm the jazz concert Sabor a M\u00e9xico, with the Julia Vari Quintet.","robots":{"index":"index","follow":"follow","max-snippet":"max-snippet:-1","max-image-preview":"max-image-preview:large","max-video-preview":"max-video-preview:-1"},"canonical":"https:\/\/thediplomatinspain.com\/en\/2024\/11\/29\/julia-vari-quintet-concert-at-fundacion-casa-de-mexico\/","og_locale":"en_US","og_type":"article","og_title":"Concert at the Fundaci\u00f3n Casa de Mexico of the Julia Vari Quintet","og_description":"Fundaci\u00f3n Casa de Mexico presents on Wednesday, December 4 at 7 pm the jazz concert Sabor a M\u00e9xico, with the Julia Vari Quintet.","og_url":"https:\/\/thediplomatinspain.com\/en\/2024\/11\/29\/julia-vari-quintet-concert-at-fundacion-casa-de-mexico\/","og_site_name":"thediplomatinspain.com","article_publisher":"https:\/\/www.facebook.com\/thediplomatinspain","article_published_time":"2024-11-29T05:00:26+00:00","og_image":[{"width":750,"height":428,"url":"https:\/\/thediplomatinspain.com\/wp-content\/uploads\/2024\/11\/Julia-Vari-Quintet-ok.jpg","type":"image\/jpeg"}],"author":"Juan David Latorre","twitter_card":"summary_large_image","twitter_creator":"@diplomatinspain","twitter_site":"@diplomatinspain","twitter_misc":{"Written by":"Juan David Latorre","Est. reading time":"2 minutes"},"schema":{"@context":"https:\/\/schema.org","@graph":[{"@type":"Article","@id":"https:\/\/thediplomatinspain.com\/en\/2024\/11\/29\/julia-vari-quintet-concert-at-fundacion-casa-de-mexico\/#article","isPartOf":{"@id":"https:\/\/thediplomatinspain.com\/en\/2024\/11\/29\/julia-vari-quintet-concert-at-fundacion-casa-de-mexico\/"},"author":{"name":"Juan David Latorre","@id":"https:\/\/thediplomatinspain.com\/#\/schema\/person\/bc23729a451553cbb28c59ed696ced53"},"headline":"Julia Vari Quintet concert at Fundaci\u00f3n Casa de Mexico","datePublished":"2024-11-29T05:00:26+00:00","mainEntityOfPage":{"@id":"https:\/\/thediplomatinspain.com\/en\/2024\/11\/29\/julia-vari-quintet-concert-at-fundacion-casa-de-mexico\/"},"wordCount":316,"publisher":{"@id":"https:\/\/thediplomatinspain.com\/#organization"},"image":{"@id":"https:\/\/thediplomatinspain.com\/en\/2024\/11\/29\/julia-vari-quintet-concert-at-fundacion-casa-de-mexico\/#primaryimage"},"thumbnailUrl":"https:\/\/thediplomatinspain.com\/wp-content\/uploads\/2024\/11\/Julia-Vari-Quintet-ok.jpg","articleSection":["Entertainment","Espect\u00e1culos","Leisure"],"inLanguage":"en-US"},{"@type":"WebPage","@id":"https:\/\/thediplomatinspain.com\/en\/2024\/11\/29\/julia-vari-quintet-concert-at-fundacion-casa-de-mexico\/","url":"https:\/\/thediplomatinspain.com\/en\/2024\/11\/29\/julia-vari-quintet-concert-at-fundacion-casa-de-mexico\/","name":"Concert at the Fundaci\u00f3n Casa de Mexico of the Julia Vari Quintet","isPartOf":{"@id":"https:\/\/thediplomatinspain.com\/#website"},"primaryImageOfPage":{"@id":"https:\/\/thediplomatinspain.com\/en\/2024\/11\/29\/julia-vari-quintet-concert-at-fundacion-casa-de-mexico\/#primaryimage"},"image":{"@id":"https:\/\/thediplomatinspain.com\/en\/2024\/11\/29\/julia-vari-quintet-concert-at-fundacion-casa-de-mexico\/#primaryimage"},"thumbnailUrl":"https:\/\/thediplomatinspain.com\/wp-content\/uploads\/2024\/11\/Julia-Vari-Quintet-ok.jpg","datePublished":"2024-11-29T05:00:26+00:00","description":"Fundaci\u00f3n Casa de Mexico presents on Wednesday, December 4 at 7 pm the jazz concert Sabor a M\u00e9xico, with the Julia Vari Quintet.","breadcrumb":{"@id":"https:\/\/thediplomatinspain.com\/en\/2024\/11\/29\/julia-vari-quintet-concert-at-fundacion-casa-de-mexico\/#breadcrumb"},"inLanguage":"en-US","potentialAction":[{"@type":"ReadAction","target":["https:\/\/thediplomatinspain.com\/en\/2024\/11\/29\/julia-vari-quintet-concert-at-fundacion-casa-de-mexico\/"]}]},{"@type":"ImageObject","inLanguage":"en-US","@id":"https:\/\/thediplomatinspain.com\/en\/2024\/11\/29\/julia-vari-quintet-concert-at-fundacion-casa-de-mexico\/#primaryimage","url":"https:\/\/thediplomatinspain.com\/wp-content\/uploads\/2024\/11\/Julia-Vari-Quintet-ok.jpg","contentUrl":"https:\/\/thediplomatinspain.com\/wp-content\/uploads\/2024\/11\/Julia-Vari-Quintet-ok.jpg","width":750,"height":428},{"@type":"BreadcrumbList","@id":"https:\/\/thediplomatinspain.com\/en\/2024\/11\/29\/julia-vari-quintet-concert-at-fundacion-casa-de-mexico\/#breadcrumb","itemListElement":[{"@type":"ListItem","position":1,"name":"Portada","item":"https:\/\/thediplomatinspain.com\/en\/"},{"@type":"ListItem","position":2,"name":"Julia Vari Quintet concert at Fundaci\u00f3n Casa de Mexico"}]},{"@type":"WebSite","@id":"https:\/\/thediplomatinspain.com\/#website","url":"https:\/\/thediplomatinspain.com\/","name":"thediplomatinspain.com","description":"Diario digital de referencia para diplom\u00e1ticos y empresas","publisher":{"@id":"https:\/\/thediplomatinspain.com\/#organization"},"potentialAction":[{"@type":"SearchAction","target":{"@type":"EntryPoint","urlTemplate":"https:\/\/thediplomatinspain.com\/?s={search_term_string}"},"query-input":{"@type":"PropertyValueSpecification","valueRequired":true,"valueName":"search_term_string"}}],"inLanguage":"en-US"},{"@type":"Organization","@id":"https:\/\/thediplomatinspain.com\/#organization","name":"thediplomatinspain.com","url":"https:\/\/thediplomatinspain.com\/","logo":{"@type":"ImageObject","inLanguage":"en-US","@id":"https:\/\/thediplomatinspain.com\/#\/schema\/logo\/image\/","url":"https:\/\/thediplomatinspain.com\/wp-content\/uploads\/2024\/06\/logo_the_diplomat.png","contentUrl":"https:\/\/thediplomatinspain.com\/wp-content\/uploads\/2024\/06\/logo_the_diplomat.png","width":284,"height":77,"caption":"thediplomatinspain.com"},"image":{"@id":"https:\/\/thediplomatinspain.com\/#\/schema\/logo\/image\/"},"sameAs":["https:\/\/www.facebook.com\/thediplomatinspain","https:\/\/x.com\/diplomatinspain","https:\/\/www.youtube.com\/channel\/UCK0mRqeeZDKdFeiFQZLcH2A"]},{"@type":"Person","@id":"https:\/\/thediplomatinspain.com\/#\/schema\/person\/bc23729a451553cbb28c59ed696ced53","name":"Juan David Latorre","image":{"@type":"ImageObject","inLanguage":"en-US","@id":"https:\/\/secure.gravatar.com\/avatar\/2d39dcb59d17733b9ee745ca1ab1eeff6f72ef14623e21bb10f63bfb965c847a?s=96&d=mm&r=g","url":"https:\/\/secure.gravatar.com\/avatar\/2d39dcb59d17733b9ee745ca1ab1eeff6f72ef14623e21bb10f63bfb965c847a?s=96&d=mm&r=g","contentUrl":"https:\/\/secure.gravatar.com\/avatar\/2d39dcb59d17733b9ee745ca1ab1eeff6f72ef14623e21bb10f63bfb965c847a?s=96&d=mm&r=g","caption":"Juan David Latorre"},"url":"https:\/\/thediplomatinspain.com\/en\/author\/jdlatorre\/"},{"@type":["Organization","NewsMediaOrganization"],"@id":"https:\/\/thediplomatinspain.com\/en\/#organization"},{"@type":"SiteNavigationElement","@id":"https:\/\/thediplomatinspain.com\/en\/#site-navigation","cssSelector":[".cib-main-menu"]},{"@type":"WPHeader","@id":"https:\/\/thediplomatinspain.com\/en\/#header","cssSelector":[".cib-header"]},{"@type":"WPFooter","@id":"https:\/\/thediplomatinspain.com\/en\/#footer","cssSelector":[".cib-footer"]}]}},"amp_enabled":true,"_links":{"self":[{"href":"https:\/\/thediplomatinspain.com\/en\/wp-json\/wp\/v2\/posts\/102083","targetHints":{"allow":["GET"]}}],"collection":[{"href":"https:\/\/thediplomatinspain.com\/en\/wp-json\/wp\/v2\/posts"}],"about":[{"href":"https:\/\/thediplomatinspain.com\/en\/wp-json\/wp\/v2\/types\/post"}],"author":[{"embeddable":true,"href":"https:\/\/thediplomatinspain.com\/en\/wp-json\/wp\/v2\/users\/204"}],"replies":[{"embeddable":true,"href":"https:\/\/thediplomatinspain.com\/en\/wp-json\/wp\/v2\/comments?post=102083"}],"version-history":[{"count":0,"href":"https:\/\/thediplomatinspain.com\/en\/wp-json\/wp\/v2\/posts\/102083\/revisions"}],"wp:featuredmedia":[{"embeddable":true,"href":"https:\/\/thediplomatinspain.com\/en\/wp-json\/wp\/v2\/media\/102081"}],"wp:attachment":[{"href":"https:\/\/thediplomatinspain.com\/en\/wp-json\/wp\/v2\/media?parent=102083"}],"wp:term":[{"taxonomy":"category","embeddable":true,"href":"https:\/\/thediplomatinspain.com\/en\/wp-json\/wp\/v2\/categories?post=102083"},{"taxonomy":"post_tag","embeddable":true,"href":"https:\/\/thediplomatinspain.com\/en\/wp-json\/wp\/v2\/tags?post=102083"}],"curies":[{"name":"wp","href":"https:\/\/api.w.org\/{rel}","templated":true}]}}